{"id":98121,"date":"2024-07-30T12:03:38","date_gmt":"2024-07-30T09:03:38","guid":{"rendered":"https:\/\/pozirk.online\/en\/news\/98121\/"},"modified":"2026-03-10T12:05:06","modified_gmt":"2026-03-10T12:05:06","slug":"rights-groups-label-12-as-political-prisoners","status":"publish","type":"articles","link":"https:\/\/pozirk.online\/en\/news\/98121\/","title":{"rendered":"Rights groups label 12 as political prisoners"},"content":{"rendered":"\n<figure class=\"block-image block-image-normal\">\n\n  <img decoding=\"async\" width=\"1128\" height=\"752\" src=\"https:\/\/pozirk.online\/wp-content\/uploads\/2023\/12\/zakliuchenie_unsplash_marco_chilese_1128x752.jpg\" class=\"attachment-full size-full\" alt=\"\" srcset=\"https:\/\/pozirk.online\/wp-content\/uploads\/2023\/12\/zakliuchenie_unsplash_marco_chilese_1128x752.jpg 1128w, https:\/\/pozirk.online\/wp-content\/uploads\/2023\/12\/zakliuchenie_unsplash_marco_chilese_1128x752-300x200.jpg 300w, https:\/\/pozirk.online\/wp-content\/uploads\/2023\/12\/zakliuchenie_unsplash_marco_chilese_1128x752-1024x683.jpg 1024w, https:\/\/pozirk.online\/wp-content\/uploads\/2023\/12\/zakliuchenie_unsplash_marco_chilese_1128x752-768x512.jpg 768w\" sizes=\"(max-width: 1128px) 100vw, 1128px\" \/>\n  <figcaption>\n  \n       <div class=\"block-image__author\">\n                <span>(Marco Chilese \/ unsplash.com)<\/span>\n    <\/div>\n     <\/figcaption>\n<\/figure>\n\n\n\n<p><strong>July 30,<em> Pozirk<\/em><\/strong>. Belarusian human rights groups have labeled D\u017amitryj \u0141aba\u010do\u016d, Illa To\u0142sta\u016d, Ja\u016dhien Ramana\u016d, Via\u010das\u0142a\u016d Ka\u0142avusa\u016d, Maciej and Leanid Aviar\u010duk, Hienad\u017a Klima\u0161evi\u010d, Aleh Litvin\u010duk, D\u017amitryj \u0141ysiuk, Valancina \u017duko\u016dskaja, Vadzim \u0141ucevi\u010d and Juryj Majsiejenka as political prisoners, their joint statement says.<\/p>\n\n\n\n<p>All of them were either accused or convicted of violent disorder, a charge that authorities use to punish their opponents. \u0141ucevi\u010d was also accused of calling for sanctions; Majsiejenka, of slandering Alaksandar \u0141uka\u0161enka.<\/p>\n\n\n\n<p>The Viasna Human Rights Center, Pravavaja Inicyjatyva, the Belarusian Helsinki Committee, Belarusian PEN, the Office for the Rights of Persons with Disabilities, Human Constanta and Lawtrend aligned themselves with the statement and called for an immediate release of all political prisoners and an end to the politically-motivated crackdown in Belarus.<\/p>\n\n\n\n<p>As of July 30, human rights defenders identified at least 1,391 political prisoners but the real number is considerably higher because many cases go undocumented. Opposition sources estimate the number of political prisoners at around 5,000.<\/p>\n\n\n\n<div class=\"insert-block\">\n\n    <div class=\"insert-block__img\">\n        <img decoding=\"async\" width=\"354\" height=\"236\" src=\"https:\/\/pozirk.online\/wp-content\/uploads\/2024\/01\/pozirk_color_blank_1128x752-354x236.jpg\" class=\"attachment-medium size-medium\" alt=\"\" srcset=\"https:\/\/pozirk.online\/wp-content\/uploads\/2024\/01\/pozirk_color_blank_1128x752-354x236.jpg 354w, https:\/\/pozirk.online\/wp-content\/uploads\/2024\/01\/pozirk_color_blank_1128x752-734x490.jpg 734w, https:\/\/pozirk.online\/wp-content\/uploads\/2024\/01\/pozirk_color_blank_1128x752-178x118.jpg 178w, https:\/\/pozirk.online\/wp-content\/uploads\/2024\/01\/pozirk_color_blank_1128x752-768x512.jpg 768w, https:\/\/pozirk.online\/wp-content\/uploads\/2024\/01\/pozirk_color_blank_1128x752.jpg 1128w\" sizes=\"(max-width: 354px) 100vw, 354px\" \/>                        <label class=\"insert-block__tag--mobile\"> \u041f\u043e\u043b\u0438\u0442\u0438\u043a\u0430<\/label>\n\n                <\/div>\n    <div class=\"insert-block__text\">\n                    <label class=\"insert-block__tag\">\u041f\u043e\u043b\u0438\u0442\u0438\u043a\u0430<\/label>\n                <h3 class=\"insert-block__title\">Reprisals: more regime critics on trial in Belarus<\/h3>\n        <div class=\"insert-block__descr\">July 30, Pozirk. New instances of politically-motivated persecution were documented in Belarus from July 27 to 29 as authorities kept sentencing their opponents in criminal proceedings. Kry\u015bcina Sala\u016djova and Hienad\u017a Klima\u0161evi\u010d were given one year and 18 months in prison, &#8230;<\/div>\n        <a class=\"insert-block__btn-block\" href=\"\/en\/news\/98111\">\n            <button class=\"btn\">\n                <div class='btn__text'>Read the article<\/div>\n            <\/button>\n        <\/a>\n    <\/div>\n<\/div>","protected":false},"excerpt":{"rendered":"<p>July 30, Pozirk. Belarusian human rights groups have labeled D\u017amitryj \u0141aba\u010do\u016d, Illa To\u0142sta\u016d, Ja\u016dhien Ramana\u016d, Via\u010das\u0142a\u016d Ka\u0142avusa\u016d, Maciej and Leanid Aviar\u010duk, Hienad\u017a Klima\u0161evi\u010d, Aleh Litvin\u010duk, D\u017amitryj \u0141ysiuk, Valancina \u017duko\u016dskaja, Vadzim \u0141ucevi\u010d and Juryj Majsiejenka as political prisoners, their joint statement says. All of them were either accused or convicted of violent disorder, a charge that [&hellip;]<\/p>\n","protected":false},"author":84,"featured_media":58226,"template":"","rubric":[14],"class_list":["post-98121","articles","type-articles","status-publish","has-post-thumbnail","hentry","rubric-politics"],"acf":[],"yoast_head":"<!-- This site is optimized with the Yoast SEO plugin v25.5 - https:\/\/yoast.com\/wordpress\/plugins\/seo\/ -->\n<title>Rights groups label 12 as political prisoners | Pozirk<\/title>\n<meta name=\"description\" content=\"July 30, Pozirk. Belarusian human rights groups have labeled D\u017amitryj \u0141aba\u010do\u016d, Illa To\u0142sta\u016d, Ja\u016dhien Ramana\u016d, Via\u010das\u0142a\u016d Ka\u0142avusa\u016d, Maciej and Leanid\" \/>\n<meta name=\"robots\" content=\"index, follow, max-snippet:-1, max-image-preview:large, max-video-preview:-1\" \/>\n<link rel=\"canonical\" href=\"https:\/\/pozirk.online\/en\/news\/98121\/\" \/>\n<meta property=\"og:locale\" content=\"en_US\" \/>\n<meta property=\"og:type\" content=\"article\" \/>\n<meta property=\"og:title\" content=\"Rights groups label 12 as political prisoners | Pozirk\" \/>\n<meta property=\"og:description\" content=\"July 30, Pozirk. Belarusian human rights groups have labeled D\u017amitryj \u0141aba\u010do\u016d, Illa To\u0142sta\u016d, Ja\u016dhien Ramana\u016d, Via\u010das\u0142a\u016d Ka\u0142avusa\u016d, Maciej and Leanid\" \/>\n<meta property=\"og:url\" content=\"https:\/\/pozirk.online\/en\/news\/98121\/\" \/>\n<meta property=\"og:site_name\" content=\"Pozirk\" \/>\n<meta property=\"article:publisher\" content=\"https:\/\/www.facebook.com\/pozirkonline\/\" \/>\n<meta property=\"article:modified_time\" content=\"2026-03-10T12:05:06+00:00\" \/>\n<meta property=\"og:image\" content=\"https:\/\/pozirk.online\/wp-content\/uploads\/2023\/12\/zakliuchenie_unsplash_marco_chilese_1128x752.jpg\" \/>\n\t<meta property=\"og:image:width\" content=\"1128\" \/>\n\t<meta property=\"og:image:height\" content=\"752\" \/>\n\t<meta property=\"og:image:type\" content=\"image\/jpeg\" \/>\n<meta name=\"twitter:card\" content=\"summary_large_image\" \/>\n<meta name=\"twitter:site\" content=\"@Pozirk_online\" \/>\n<meta name=\"twitter:label1\" content=\"Est. reading time\" \/>\n\t<meta name=\"twitter:data1\" content=\"1 minute\" \/>\n<script type=\"application\/ld+json\" class=\"yoast-schema-graph\">{\"@context\":\"https:\/\/schema.org\",\"@graph\":[{\"@type\":\"NewsArticle\",\"@id\":\"https:\/\/pozirk.online\/en\/news\/98121\/#article\",\"isPartOf\":{\"@id\":\"https:\/\/pozirk.online\/en\/news\/98121\/\"},\"headline\":\"Rights groups label 12 as political prisoners\",\"datePublished\":\"2024-07-30T09:03:38+00:00\",\"dateModified\":\"2026-03-10T12:05:06+00:00\",\"mainEntityOfPage\":{\"@id\":\"https:\/\/pozirk.online\/en\/news\/98121\/\"},\"wordCount\":175,\"publisher\":{\"@id\":\"https:\/\/pozirk.online\/en\/#organization\"},\"image\":{\"@id\":\"https:\/\/pozirk.online\/en\/news\/98121\/#primaryimage\"},\"thumbnailUrl\":\"https:\/\/pozirk.online\/wp-content\/uploads\/2023\/12\/zakliuchenie_unsplash_marco_chilese_1128x752.jpg\",\"inLanguage\":\"en-US\"},{\"@type\":\"WebPage\",\"@id\":\"https:\/\/pozirk.online\/en\/news\/98121\/\",\"url\":\"https:\/\/pozirk.online\/en\/news\/98121\/\",\"name\":\"Rights groups label 12 as political prisoners | Pozirk\",\"isPartOf\":{\"@id\":\"https:\/\/pozirk.online\/en\/#website\"},\"primaryImageOfPage\":{\"@id\":\"https:\/\/pozirk.online\/en\/news\/98121\/#primaryimage\"},\"image\":{\"@id\":\"https:\/\/pozirk.online\/en\/news\/98121\/#primaryimage\"},\"thumbnailUrl\":\"https:\/\/pozirk.online\/wp-content\/uploads\/2023\/12\/zakliuchenie_unsplash_marco_chilese_1128x752.jpg\",\"datePublished\":\"2024-07-30T09:03:38+00:00\",\"dateModified\":\"2026-03-10T12:05:06+00:00\",\"description\":\"July 30, Pozirk. Belarusian human rights groups have labeled D\u017amitryj \u0141aba\u010do\u016d, Illa To\u0142sta\u016d, Ja\u016dhien Ramana\u016d, Via\u010das\u0142a\u016d Ka\u0142avusa\u016d, Maciej and Leanid\",\"breadcrumb\":{\"@id\":\"https:\/\/pozirk.online\/en\/news\/98121\/#breadcrumb\"},\"inLanguage\":\"en-US\",\"potentialAction\":[{\"@type\":\"ReadAction\",\"target\":[\"https:\/\/pozirk.online\/en\/news\/98121\/\"]}]},{\"@type\":\"ImageObject\",\"inLanguage\":\"en-US\",\"@id\":\"https:\/\/pozirk.online\/en\/news\/98121\/#primaryimage\",\"url\":\"https:\/\/pozirk.online\/wp-content\/uploads\/2023\/12\/zakliuchenie_unsplash_marco_chilese_1128x752.jpg\",\"contentUrl\":\"https:\/\/pozirk.online\/wp-content\/uploads\/2023\/12\/zakliuchenie_unsplash_marco_chilese_1128x752.jpg\",\"width\":1128,\"height\":752},{\"@type\":\"BreadcrumbList\",\"@id\":\"https:\/\/pozirk.online\/en\/news\/98121\/#breadcrumb\",\"itemListElement\":[{\"@type\":\"ListItem\",\"position\":1,\"name\":\"Home\",\"item\":\"https:\/\/pozirk.online\/en\/\"},{\"@type\":\"ListItem\",\"position\":2,\"name\":\"Rights groups label 12 as political prisoners\"}]},{\"@type\":\"WebSite\",\"@id\":\"https:\/\/pozirk.online\/en\/#website\",\"url\":\"https:\/\/pozirk.online\/en\/\",\"name\":\"Pozirk\",\"description\":\"\",\"publisher\":{\"@id\":\"https:\/\/pozirk.online\/en\/#organization\"},\"potentialAction\":[{\"@type\":\"SearchAction\",\"target\":{\"@type\":\"EntryPoint\",\"urlTemplate\":\"https:\/\/pozirk.online\/en\/?s={search_term_string}\"},\"query-input\":{\"@type\":\"PropertyValueSpecification\",\"valueRequired\":true,\"valueName\":\"search_term_string\"}}],\"inLanguage\":\"en-US\"},{\"@type\":\"Organization\",\"@id\":\"https:\/\/pozirk.online\/en\/#organization\",\"name\":\"Pozirk\",\"url\":\"https:\/\/pozirk.online\/en\/\",\"logo\":{\"@type\":\"ImageObject\",\"inLanguage\":\"en-US\",\"@id\":\"https:\/\/pozirk.online\/en\/#\/schema\/logo\/image\/\",\"url\":\"https:\/\/pozirk.online\/wp-content\/uploads\/2023\/11\/cropped-Logo_color_512.png\",\"contentUrl\":\"https:\/\/pozirk.online\/wp-content\/uploads\/2023\/11\/cropped-Logo_color_512.png\",\"width\":512,\"height\":512,\"caption\":\"Pozirk\"},\"image\":{\"@id\":\"https:\/\/pozirk.online\/en\/#\/schema\/logo\/image\/\"},\"sameAs\":[\"https:\/\/www.facebook.com\/pozirkonline\/\",\"https:\/\/x.com\/Pozirk_online\"]}]}<\/script>\n<!-- \/ Yoast SEO plugin. -->","yoast_head_json":{"title":"Rights groups label 12 as political prisoners | Pozirk","description":"July 30, Pozirk. Belarusian human rights groups have labeled D\u017amitryj \u0141aba\u010do\u016d, Illa To\u0142sta\u016d, Ja\u016dhien Ramana\u016d, Via\u010das\u0142a\u016d Ka\u0142avusa\u016d, Maciej and Leanid","robots":{"index":"index","follow":"follow","max-snippet":"max-snippet:-1","max-image-preview":"max-image-preview:large","max-video-preview":"max-video-preview:-1"},"canonical":"https:\/\/pozirk.online\/en\/news\/98121\/","og_locale":"en_US","og_type":"article","og_title":"Rights groups label 12 as political prisoners | Pozirk","og_description":"July 30, Pozirk. Belarusian human rights groups have labeled D\u017amitryj \u0141aba\u010do\u016d, Illa To\u0142sta\u016d, Ja\u016dhien Ramana\u016d, Via\u010das\u0142a\u016d Ka\u0142avusa\u016d, Maciej and Leanid","og_url":"https:\/\/pozirk.online\/en\/news\/98121\/","og_site_name":"Pozirk","article_publisher":"https:\/\/www.facebook.com\/pozirkonline\/","article_modified_time":"2026-03-10T12:05:06+00:00","og_image":[{"width":1128,"height":752,"url":"https:\/\/pozirk.online\/wp-content\/uploads\/2023\/12\/zakliuchenie_unsplash_marco_chilese_1128x752.jpg","type":"image\/jpeg"}],"twitter_card":"summary_large_image","twitter_site":"@Pozirk_online","twitter_misc":{"Est. reading time":"1 minute"},"schema":{"@context":"https:\/\/schema.org","@graph":[{"@type":"NewsArticle","@id":"https:\/\/pozirk.online\/en\/news\/98121\/#article","isPartOf":{"@id":"https:\/\/pozirk.online\/en\/news\/98121\/"},"headline":"Rights groups label 12 as political prisoners","datePublished":"2024-07-30T09:03:38+00:00","dateModified":"2026-03-10T12:05:06+00:00","mainEntityOfPage":{"@id":"https:\/\/pozirk.online\/en\/news\/98121\/"},"wordCount":175,"publisher":{"@id":"https:\/\/pozirk.online\/en\/#organization"},"image":{"@id":"https:\/\/pozirk.online\/en\/news\/98121\/#primaryimage"},"thumbnailUrl":"https:\/\/pozirk.online\/wp-content\/uploads\/2023\/12\/zakliuchenie_unsplash_marco_chilese_1128x752.jpg","inLanguage":"en-US"},{"@type":"WebPage","@id":"https:\/\/pozirk.online\/en\/news\/98121\/","url":"https:\/\/pozirk.online\/en\/news\/98121\/","name":"Rights groups label 12 as political prisoners | Pozirk","isPartOf":{"@id":"https:\/\/pozirk.online\/en\/#website"},"primaryImageOfPage":{"@id":"https:\/\/pozirk.online\/en\/news\/98121\/#primaryimage"},"image":{"@id":"https:\/\/pozirk.online\/en\/news\/98121\/#primaryimage"},"thumbnailUrl":"https:\/\/pozirk.online\/wp-content\/uploads\/2023\/12\/zakliuchenie_unsplash_marco_chilese_1128x752.jpg","datePublished":"2024-07-30T09:03:38+00:00","dateModified":"2026-03-10T12:05:06+00:00","description":"July 30, Pozirk. Belarusian human rights groups have labeled D\u017amitryj \u0141aba\u010do\u016d, Illa To\u0142sta\u016d, Ja\u016dhien Ramana\u016d, Via\u010das\u0142a\u016d Ka\u0142avusa\u016d, Maciej and Leanid","breadcrumb":{"@id":"https:\/\/pozirk.online\/en\/news\/98121\/#breadcrumb"},"inLanguage":"en-US","potentialAction":[{"@type":"ReadAction","target":["https:\/\/pozirk.online\/en\/news\/98121\/"]}]},{"@type":"ImageObject","inLanguage":"en-US","@id":"https:\/\/pozirk.online\/en\/news\/98121\/#primaryimage","url":"https:\/\/pozirk.online\/wp-content\/uploads\/2023\/12\/zakliuchenie_unsplash_marco_chilese_1128x752.jpg","contentUrl":"https:\/\/pozirk.online\/wp-content\/uploads\/2023\/12\/zakliuchenie_unsplash_marco_chilese_1128x752.jpg","width":1128,"height":752},{"@type":"BreadcrumbList","@id":"https:\/\/pozirk.online\/en\/news\/98121\/#breadcrumb","itemListElement":[{"@type":"ListItem","position":1,"name":"Home","item":"https:\/\/pozirk.online\/en\/"},{"@type":"ListItem","position":2,"name":"Rights groups label 12 as political prisoners"}]},{"@type":"WebSite","@id":"https:\/\/pozirk.online\/en\/#website","url":"https:\/\/pozirk.online\/en\/","name":"Pozirk","description":"","publisher":{"@id":"https:\/\/pozirk.online\/en\/#organization"},"potentialAction":[{"@type":"SearchAction","target":{"@type":"EntryPoint","urlTemplate":"https:\/\/pozirk.online\/en\/?s={search_term_string}"},"query-input":{"@type":"PropertyValueSpecification","valueRequired":true,"valueName":"search_term_string"}}],"inLanguage":"en-US"},{"@type":"Organization","@id":"https:\/\/pozirk.online\/en\/#organization","name":"Pozirk","url":"https:\/\/pozirk.online\/en\/","logo":{"@type":"ImageObject","inLanguage":"en-US","@id":"https:\/\/pozirk.online\/en\/#\/schema\/logo\/image\/","url":"https:\/\/pozirk.online\/wp-content\/uploads\/2023\/11\/cropped-Logo_color_512.png","contentUrl":"https:\/\/pozirk.online\/wp-content\/uploads\/2023\/11\/cropped-Logo_color_512.png","width":512,"height":512,"caption":"Pozirk"},"image":{"@id":"https:\/\/pozirk.online\/en\/#\/schema\/logo\/image\/"},"sameAs":["https:\/\/www.facebook.com\/pozirkonline\/","https:\/\/x.com\/Pozirk_online"]}]}},"_links":{"self":[{"href":"https:\/\/pozirk.online\/en\/wp-json\/wp\/v2\/articles\/98121","targetHints":{"allow":["GET"]}}],"collection":[{"href":"https:\/\/pozirk.online\/en\/wp-json\/wp\/v2\/articles"}],"about":[{"href":"https:\/\/pozirk.online\/en\/wp-json\/wp\/v2\/types\/articles"}],"author":[{"embeddable":true,"href":"https:\/\/pozirk.online\/en\/wp-json\/wp\/v2\/users\/84"}],"wp:featuredmedia":[{"embeddable":true,"href":"https:\/\/pozirk.online\/en\/wp-json\/wp\/v2\/media\/58226"}],"wp:attachment":[{"href":"https:\/\/pozirk.online\/en\/wp-json\/wp\/v2\/media?parent=98121"}],"wp:term":[{"taxonomy":"rubric","embeddable":true,"href":"https:\/\/pozirk.online\/en\/wp-json\/wp\/v2\/rubric?post=98121"}],"curies":[{"name":"wp","href":"https:\/\/api.w.org\/{rel}","templated":true}]}}