{"id":9793,"date":"2023-11-02T14:22:54","date_gmt":"2023-11-02T11:22:54","guid":{"rendered":"https:\/\/api.pozirk.online\/?post_type=articles&#038;p=9793"},"modified":"2026-03-09T20:10:49","modified_gmt":"2026-03-09T20:10:49","slug":"interior-minister-orders-formation-of-another-special-unit","status":"publish","type":"articles","link":"https:\/\/pozirk.online\/en\/news\/9793\/","title":{"rendered":"Interior minister orders formation of another special unit"},"content":{"rendered":"\n<figure class=\"block-image block-image-normal\">\n\n  <img decoding=\"async\" width=\"744\" height=\"496\" src=\"https:\/\/pozirk.online\/wp-content\/uploads\/2023\/11\/photo_2023-11-02_12-44-30.jpg\" class=\"attachment-full size-full\" alt=\"\" srcset=\"https:\/\/pozirk.online\/wp-content\/uploads\/2023\/11\/photo_2023-11-02_12-44-30.jpg 744w, https:\/\/pozirk.online\/wp-content\/uploads\/2023\/11\/photo_2023-11-02_12-44-30-300x200.jpg 300w\" sizes=\"(max-width: 744px) 100vw, 744px\" \/>\n  <figcaption>\n  \n       <div class=\"block-image__author\">\n                <span>Credit: Interior Troops&#039; Telegram channel<\/span>\n    <\/div>\n     <\/figcaption>\n<\/figure>\n\n\n\n<p><strong>November 2, <em>Pozirk<\/em>. <\/strong>Interior Minister Ivan Kubrako\u016d has ordered the organization of the Tornado special unit, his deputy Mika\u0142aj Karpianko\u016d has announced.<\/p>\n\n\n\n<p>It will be based at Military Unit 3310 in Akolica near Minsk, the Telegram channel linked to the interior ministry troops reports.<\/p>\n\n\n\n<p>Eight special forces units have been established across Belarus &#8220;to improve our combat capabilities,&#8221; Karpianko\u016d said. Their personnel are training hard under the guidance of experienced instructors, he added.<\/p>\n\n\n\n<p>Earlier reports said that the Belarusian military and police employed Russia&#8217;s Wagner Group fighters as military instructors.<\/p>\n\n\n\n<p>In late July, Kubrako\u016d discussed &#8220;interaction&#8221; and &#8220;the use of certain types of equipment&#8221; with Wagner members, confirming that Belarusian officers were learning from their &#8220;practical experience.&#8221;<\/p>\n\n\n\n<p>Interior ministry troops were involved in suppressing mass protests against election fraud in 2020 and smaller protests more recently.<\/p>\n","protected":false},"excerpt":{"rendered":"<p>November 2, Pozirk. Interior Minister Ivan Kubrako\u016d has ordered the organization of the Tornado special unit, his deputy Mika\u0142aj Karpianko\u016d has announced. It will be based at Military Unit 3310 in Akolica near Minsk, the Telegram channel linked to the interior ministry troops reports. Eight special forces units have been established across Belarus &#8220;to improve [&hellip;]<\/p>\n","protected":false},"author":83,"featured_media":9779,"template":"","rubric":[30],"class_list":["post-9793","articles","type-articles","status-publish","has-post-thumbnail","hentry","rubric-security"],"acf":[],"yoast_head":"<!-- This site is optimized with the Yoast SEO plugin v25.5 - https:\/\/yoast.com\/wordpress\/plugins\/seo\/ -->\n<title>Interior minister orders formation of another special unit | Pozirk<\/title>\n<meta name=\"description\" content=\"November 2, Pozirk. Interior Minister Ivan Kubrako\u016d has ordered the organization of the Tornado special unit, his deputy Mika\u0142aj Karpianko\u016d has announced.\" \/>\n<meta name=\"robots\" content=\"index, follow, max-snippet:-1, max-image-preview:large, max-video-preview:-1\" \/>\n<link rel=\"canonical\" href=\"https:\/\/pozirk.online\/en\/news\/9793\/\" \/>\n<meta property=\"og:locale\" content=\"en_US\" \/>\n<meta property=\"og:type\" content=\"article\" \/>\n<meta property=\"og:title\" content=\"Interior minister orders formation of another special unit | Pozirk\" \/>\n<meta property=\"og:description\" content=\"November 2, Pozirk. Interior Minister Ivan Kubrako\u016d has ordered the organization of the Tornado special unit, his deputy Mika\u0142aj Karpianko\u016d has announced.\" \/>\n<meta property=\"og:url\" content=\"https:\/\/pozirk.online\/en\/news\/9793\/\" \/>\n<meta property=\"og:site_name\" content=\"Pozirk\" \/>\n<meta property=\"article:publisher\" content=\"https:\/\/www.facebook.com\/pozirkonline\/\" \/>\n<meta property=\"article:modified_time\" content=\"2026-03-09T20:10:49+00:00\" \/>\n<meta property=\"og:image\" content=\"https:\/\/pozirk.online\/wp-content\/uploads\/2023\/11\/photo_2023-11-02_12-44-30.jpg\" \/>\n\t<meta property=\"og:image:width\" content=\"744\" \/>\n\t<meta property=\"og:image:height\" content=\"496\" \/>\n\t<meta property=\"og:image:type\" content=\"image\/jpeg\" \/>\n<meta name=\"twitter:card\" content=\"summary_large_image\" \/>\n<meta name=\"twitter:site\" content=\"@Pozirk_online\" \/>\n<meta name=\"twitter:label1\" content=\"Est. reading time\" \/>\n\t<meta name=\"twitter:data1\" content=\"1 minute\" \/>\n<script type=\"application\/ld+json\" class=\"yoast-schema-graph\">{\"@context\":\"https:\/\/schema.org\",\"@graph\":[{\"@type\":\"NewsArticle\",\"@id\":\"https:\/\/pozirk.online\/en\/news\/9793\/#article\",\"isPartOf\":{\"@id\":\"https:\/\/pozirk.online\/en\/news\/9793\/\"},\"headline\":\"Interior minister orders formation of another special unit\",\"datePublished\":\"2023-11-02T11:22:54+00:00\",\"dateModified\":\"2026-03-09T20:10:49+00:00\",\"mainEntityOfPage\":{\"@id\":\"https:\/\/pozirk.online\/en\/news\/9793\/\"},\"wordCount\":143,\"publisher\":{\"@id\":\"https:\/\/pozirk.online\/en\/#organization\"},\"image\":{\"@id\":\"https:\/\/pozirk.online\/en\/news\/9793\/#primaryimage\"},\"thumbnailUrl\":\"https:\/\/pozirk.online\/wp-content\/uploads\/2023\/11\/photo_2023-11-02_12-44-30.jpg\",\"inLanguage\":\"en-US\"},{\"@type\":\"WebPage\",\"@id\":\"https:\/\/pozirk.online\/en\/news\/9793\/\",\"url\":\"https:\/\/pozirk.online\/en\/news\/9793\/\",\"name\":\"Interior minister orders formation of another special unit | Pozirk\",\"isPartOf\":{\"@id\":\"https:\/\/pozirk.online\/en\/#website\"},\"primaryImageOfPage\":{\"@id\":\"https:\/\/pozirk.online\/en\/news\/9793\/#primaryimage\"},\"image\":{\"@id\":\"https:\/\/pozirk.online\/en\/news\/9793\/#primaryimage\"},\"thumbnailUrl\":\"https:\/\/pozirk.online\/wp-content\/uploads\/2023\/11\/photo_2023-11-02_12-44-30.jpg\",\"datePublished\":\"2023-11-02T11:22:54+00:00\",\"dateModified\":\"2026-03-09T20:10:49+00:00\",\"description\":\"November 2, Pozirk. Interior Minister Ivan Kubrako\u016d has ordered the organization of the Tornado special unit, his deputy Mika\u0142aj Karpianko\u016d has announced.\",\"breadcrumb\":{\"@id\":\"https:\/\/pozirk.online\/en\/news\/9793\/#breadcrumb\"},\"inLanguage\":\"en-US\",\"potentialAction\":[{\"@type\":\"ReadAction\",\"target\":[\"https:\/\/pozirk.online\/en\/news\/9793\/\"]}]},{\"@type\":\"ImageObject\",\"inLanguage\":\"en-US\",\"@id\":\"https:\/\/pozirk.online\/en\/news\/9793\/#primaryimage\",\"url\":\"https:\/\/pozirk.online\/wp-content\/uploads\/2023\/11\/photo_2023-11-02_12-44-30.jpg\",\"contentUrl\":\"https:\/\/pozirk.online\/wp-content\/uploads\/2023\/11\/photo_2023-11-02_12-44-30.jpg\",\"width\":744,\"height\":496},{\"@type\":\"BreadcrumbList\",\"@id\":\"https:\/\/pozirk.online\/en\/news\/9793\/#breadcrumb\",\"itemListElement\":[{\"@type\":\"ListItem\",\"position\":1,\"name\":\"Home\",\"item\":\"https:\/\/pozirk.online\/en\/\"},{\"@type\":\"ListItem\",\"position\":2,\"name\":\"Interior minister orders formation of another special unit\"}]},{\"@type\":\"WebSite\",\"@id\":\"https:\/\/pozirk.online\/en\/#website\",\"url\":\"https:\/\/pozirk.online\/en\/\",\"name\":\"Pozirk\",\"description\":\"\",\"publisher\":{\"@id\":\"https:\/\/pozirk.online\/en\/#organization\"},\"potentialAction\":[{\"@type\":\"SearchAction\",\"target\":{\"@type\":\"EntryPoint\",\"urlTemplate\":\"https:\/\/pozirk.online\/en\/?s={search_term_string}\"},\"query-input\":{\"@type\":\"PropertyValueSpecification\",\"valueRequired\":true,\"valueName\":\"search_term_string\"}}],\"inLanguage\":\"en-US\"},{\"@type\":\"Organization\",\"@id\":\"https:\/\/pozirk.online\/en\/#organization\",\"name\":\"Pozirk\",\"url\":\"https:\/\/pozirk.online\/en\/\",\"logo\":{\"@type\":\"ImageObject\",\"inLanguage\":\"en-US\",\"@id\":\"https:\/\/pozirk.online\/en\/#\/schema\/logo\/image\/\",\"url\":\"https:\/\/pozirk.online\/wp-content\/uploads\/2023\/11\/cropped-Logo_color_512.png\",\"contentUrl\":\"https:\/\/pozirk.online\/wp-content\/uploads\/2023\/11\/cropped-Logo_color_512.png\",\"width\":512,\"height\":512,\"caption\":\"Pozirk\"},\"image\":{\"@id\":\"https:\/\/pozirk.online\/en\/#\/schema\/logo\/image\/\"},\"sameAs\":[\"https:\/\/www.facebook.com\/pozirkonline\/\",\"https:\/\/x.com\/Pozirk_online\"]}]}<\/script>\n<!-- \/ Yoast SEO plugin. -->","yoast_head_json":{"title":"Interior minister orders formation of another special unit | Pozirk","description":"November 2, Pozirk. Interior Minister Ivan Kubrako\u016d has ordered the organization of the Tornado special unit, his deputy Mika\u0142aj Karpianko\u016d has announced.","robots":{"index":"index","follow":"follow","max-snippet":"max-snippet:-1","max-image-preview":"max-image-preview:large","max-video-preview":"max-video-preview:-1"},"canonical":"https:\/\/pozirk.online\/en\/news\/9793\/","og_locale":"en_US","og_type":"article","og_title":"Interior minister orders formation of another special unit | Pozirk","og_description":"November 2, Pozirk. Interior Minister Ivan Kubrako\u016d has ordered the organization of the Tornado special unit, his deputy Mika\u0142aj Karpianko\u016d has announced.","og_url":"https:\/\/pozirk.online\/en\/news\/9793\/","og_site_name":"Pozirk","article_publisher":"https:\/\/www.facebook.com\/pozirkonline\/","article_modified_time":"2026-03-09T20:10:49+00:00","og_image":[{"width":744,"height":496,"url":"https:\/\/pozirk.online\/wp-content\/uploads\/2023\/11\/photo_2023-11-02_12-44-30.jpg","type":"image\/jpeg"}],"twitter_card":"summary_large_image","twitter_site":"@Pozirk_online","twitter_misc":{"Est. reading time":"1 minute"},"schema":{"@context":"https:\/\/schema.org","@graph":[{"@type":"NewsArticle","@id":"https:\/\/pozirk.online\/en\/news\/9793\/#article","isPartOf":{"@id":"https:\/\/pozirk.online\/en\/news\/9793\/"},"headline":"Interior minister orders formation of another special unit","datePublished":"2023-11-02T11:22:54+00:00","dateModified":"2026-03-09T20:10:49+00:00","mainEntityOfPage":{"@id":"https:\/\/pozirk.online\/en\/news\/9793\/"},"wordCount":143,"publisher":{"@id":"https:\/\/pozirk.online\/en\/#organization"},"image":{"@id":"https:\/\/pozirk.online\/en\/news\/9793\/#primaryimage"},"thumbnailUrl":"https:\/\/pozirk.online\/wp-content\/uploads\/2023\/11\/photo_2023-11-02_12-44-30.jpg","inLanguage":"en-US"},{"@type":"WebPage","@id":"https:\/\/pozirk.online\/en\/news\/9793\/","url":"https:\/\/pozirk.online\/en\/news\/9793\/","name":"Interior minister orders formation of another special unit | Pozirk","isPartOf":{"@id":"https:\/\/pozirk.online\/en\/#website"},"primaryImageOfPage":{"@id":"https:\/\/pozirk.online\/en\/news\/9793\/#primaryimage"},"image":{"@id":"https:\/\/pozirk.online\/en\/news\/9793\/#primaryimage"},"thumbnailUrl":"https:\/\/pozirk.online\/wp-content\/uploads\/2023\/11\/photo_2023-11-02_12-44-30.jpg","datePublished":"2023-11-02T11:22:54+00:00","dateModified":"2026-03-09T20:10:49+00:00","description":"November 2, Pozirk. Interior Minister Ivan Kubrako\u016d has ordered the organization of the Tornado special unit, his deputy Mika\u0142aj Karpianko\u016d has announced.","breadcrumb":{"@id":"https:\/\/pozirk.online\/en\/news\/9793\/#breadcrumb"},"inLanguage":"en-US","potentialAction":[{"@type":"ReadAction","target":["https:\/\/pozirk.online\/en\/news\/9793\/"]}]},{"@type":"ImageObject","inLanguage":"en-US","@id":"https:\/\/pozirk.online\/en\/news\/9793\/#primaryimage","url":"https:\/\/pozirk.online\/wp-content\/uploads\/2023\/11\/photo_2023-11-02_12-44-30.jpg","contentUrl":"https:\/\/pozirk.online\/wp-content\/uploads\/2023\/11\/photo_2023-11-02_12-44-30.jpg","width":744,"height":496},{"@type":"BreadcrumbList","@id":"https:\/\/pozirk.online\/en\/news\/9793\/#breadcrumb","itemListElement":[{"@type":"ListItem","position":1,"name":"Home","item":"https:\/\/pozirk.online\/en\/"},{"@type":"ListItem","position":2,"name":"Interior minister orders formation of another special unit"}]},{"@type":"WebSite","@id":"https:\/\/pozirk.online\/en\/#website","url":"https:\/\/pozirk.online\/en\/","name":"Pozirk","description":"","publisher":{"@id":"https:\/\/pozirk.online\/en\/#organization"},"potentialAction":[{"@type":"SearchAction","target":{"@type":"EntryPoint","urlTemplate":"https:\/\/pozirk.online\/en\/?s={search_term_string}"},"query-input":{"@type":"PropertyValueSpecification","valueRequired":true,"valueName":"search_term_string"}}],"inLanguage":"en-US"},{"@type":"Organization","@id":"https:\/\/pozirk.online\/en\/#organization","name":"Pozirk","url":"https:\/\/pozirk.online\/en\/","logo":{"@type":"ImageObject","inLanguage":"en-US","@id":"https:\/\/pozirk.online\/en\/#\/schema\/logo\/image\/","url":"https:\/\/pozirk.online\/wp-content\/uploads\/2023\/11\/cropped-Logo_color_512.png","contentUrl":"https:\/\/pozirk.online\/wp-content\/uploads\/2023\/11\/cropped-Logo_color_512.png","width":512,"height":512,"caption":"Pozirk"},"image":{"@id":"https:\/\/pozirk.online\/en\/#\/schema\/logo\/image\/"},"sameAs":["https:\/\/www.facebook.com\/pozirkonline\/","https:\/\/x.com\/Pozirk_online"]}]}},"_links":{"self":[{"href":"https:\/\/pozirk.online\/en\/wp-json\/wp\/v2\/articles\/9793","targetHints":{"allow":["GET"]}}],"collection":[{"href":"https:\/\/pozirk.online\/en\/wp-json\/wp\/v2\/articles"}],"about":[{"href":"https:\/\/pozirk.online\/en\/wp-json\/wp\/v2\/types\/articles"}],"author":[{"embeddable":true,"href":"https:\/\/pozirk.online\/en\/wp-json\/wp\/v2\/users\/83"}],"wp:featuredmedia":[{"embeddable":true,"href":"https:\/\/pozirk.online\/en\/wp-json\/wp\/v2\/media\/9779"}],"wp:attachment":[{"href":"https:\/\/pozirk.online\/en\/wp-json\/wp\/v2\/media?parent=9793"}],"wp:term":[{"taxonomy":"rubric","embeddable":true,"href":"https:\/\/pozirk.online\/en\/wp-json\/wp\/v2\/rubric?post=9793"}],"curies":[{"name":"wp","href":"https:\/\/api.w.org\/{rel}","templated":true}]}}