{"id":97808,"date":"2024-07-27T19:24:11","date_gmt":"2024-07-27T16:24:11","guid":{"rendered":"https:\/\/pozirk.online\/en\/news\/97808\/"},"modified":"2026-03-10T12:05:06","modified_gmt":"2026-03-10T12:05:06","slug":"cichanouskajas-aide-discusses-ban-on-belarus-registered-cars-with-estonia","status":"publish","type":"articles","link":"https:\/\/pozirk.online\/en\/news\/97808\/","title":{"rendered":"Opposition politician in Estonia discusses exemptions from ban on Belarus-registered cars"},"content":{"rendered":"\n<figure class=\"block-image block-image-normal\">\n\n  <img decoding=\"async\" width=\"1128\" height=\"752\" src=\"https:\/\/pozirk.online\/wp-content\/uploads\/2024\/07\/viachorka_ost_1128x752.jpg\" class=\"attachment-full size-full\" alt=\"\" srcset=\"https:\/\/pozirk.online\/wp-content\/uploads\/2024\/07\/viachorka_ost_1128x752.jpg 1128w, https:\/\/pozirk.online\/wp-content\/uploads\/2024\/07\/viachorka_ost_1128x752-354x236.jpg 354w, https:\/\/pozirk.online\/wp-content\/uploads\/2024\/07\/viachorka_ost_1128x752-734x490.jpg 734w, https:\/\/pozirk.online\/wp-content\/uploads\/2024\/07\/viachorka_ost_1128x752-178x118.jpg 178w, https:\/\/pozirk.online\/wp-content\/uploads\/2024\/07\/viachorka_ost_1128x752-768x512.jpg 768w\" sizes=\"(max-width: 1128px) 100vw, 1128px\" \/>\n  <figcaption>\n  \n       <div class=\"block-image__author\">\n                <span>(\u015aviat\u0142ana Cichano\u016dskaja&#039;s press office)<\/span>\n    <\/div>\n     <\/figcaption>\n<\/figure>\n\n\n\n<p><strong>July 27, <em>Pozirk.<\/em><\/strong> Franak Via\u010dorka, an aide to Belarusian opposition leader \u015aviat\u0142ana Cichano\u016dskaja, has met with Estonian officials to discuss easing recent restrictions on the entry of Belarus-registered vehicles, Cichano\u016dskaja&#8217;s press office reported.<\/p>\n\n\n\n<p>Vital Ma\u0142\u010dana\u016d, representing Belarusian pro-democracy forces in Estonia and Latvia, accompanied him at the meetings with Estonia&#8217;s MPs and officials of the foreign and interior ministries.<\/p>\n\n\n\n<p>Via\u010dorka said that the new restrictions affected ordinary Belarusians and called for tighter sanctions against Alaksandar \u0141uka\u0161enka and his officials.<\/p>\n\n\n\n<p>&#8220;We agreed on several exceptions for the entry of Belarusian cars, primarily for humanitarian reasons,&#8221; he said. <\/p>\n\n\n\n<p>The Belarusian delegation also stressed the need to close the loopholes in the European Union\u2019s sanctions, noting that the Belarusian authorities are looking for new opportunities to continue trade.<\/p>\n\n\n\n<p>Lithuania announced the ban on entry of all Belarus-registered passenger cars regardless of the nationality of their owner or driver on July 17, one day before it entered into force.<\/p>\n\n\n\n<p>Vilnius cited the European Union Council regulation 2024\/1865 of June 29, noting that the move was coordinated with Latvia and Estonia which used the same regulation to ban entry of vehicles with Belarusian license plates.<\/p>\n\n\n\n<div class=\"insert-block\">\n\n    <div class=\"insert-block__img\">\n        <img decoding=\"async\" width=\"354\" height=\"236\" src=\"https:\/\/pozirk.online\/wp-content\/uploads\/2024\/04\/flag-polska-poland-polsha-pixabay-1128-354x236.jpg\" class=\"attachment-medium size-medium\" alt=\"\" srcset=\"https:\/\/pozirk.online\/wp-content\/uploads\/2024\/04\/flag-polska-poland-polsha-pixabay-1128-354x236.jpg 354w, https:\/\/pozirk.online\/wp-content\/uploads\/2024\/04\/flag-polska-poland-polsha-pixabay-1128-734x490.jpg 734w, https:\/\/pozirk.online\/wp-content\/uploads\/2024\/04\/flag-polska-poland-polsha-pixabay-1128-178x118.jpg 178w, https:\/\/pozirk.online\/wp-content\/uploads\/2024\/04\/flag-polska-poland-polsha-pixabay-1128-768x513.jpg 768w, https:\/\/pozirk.online\/wp-content\/uploads\/2024\/04\/flag-polska-poland-polsha-pixabay-1128.jpg 1128w\" sizes=\"(max-width: 354px) 100vw, 354px\" \/>                        <label class=\"insert-block__tag--mobile\"> \u041f\u043e\u043b\u0438\u0442\u0438\u043a\u0430<\/label>\n\n                            <label class=\"insert-block__tag--mobile\"> \u041e\u0431\u0449\u0435\u0441\u0442\u0432\u043e<\/label>\n\n                <\/div>\n    <div class=\"insert-block__text\">\n                    <label class=\"insert-block__tag\">\u041f\u043e\u043b\u0438\u0442\u0438\u043a\u0430, \u041e\u0431\u0449\u0435\u0441\u0442\u0432\u043e<\/label>\n                <h3 class=\"insert-block__title\">Polish lawmaker: restrictions on Belarusians\u2019 entry to EU immoral<\/h3>\n        <div class=\"insert-block__descr\">July 22, Pozirk. Micha\u0142 Kami\u0144ski, deputy marshal of the Polish Senate, has said that it is deeply immoral to ban all vehicles with Belarusian license plates from entering the European Union (EU) while letting in trucks that make money for &#8230;<\/div>\n        <a class=\"insert-block__btn-block\" href=\"\/en\/news\/96895\">\n            <button class=\"btn\">\n                <div class='btn__text'>Read the article<\/div>\n            <\/button>\n        <\/a>\n    <\/div>\n<\/div>","protected":false},"excerpt":{"rendered":"<p>July 27, Pozirk. Franak Via\u010dorka, an aide to Belarusian opposition leader \u015aviat\u0142ana Cichano\u016dskaja, has met with Estonian officials to discuss easing recent restrictions on the entry of Belarus-registered vehicles, Cichano\u016dskaja&#8217;s press office reported. Vital Ma\u0142\u010dana\u016d, representing Belarusian pro-democracy forces in Estonia and Latvia, accompanied him at the meetings with Estonia&#8217;s MPs and officials of the [&hellip;]<\/p>\n","protected":false},"author":84,"featured_media":97799,"template":"","rubric":[16],"class_list":["post-97808","articles","type-articles","status-publish","has-post-thumbnail","hentry","rubric-politics"],"acf":[],"yoast_head":"<!-- This site is optimized with the Yoast SEO plugin v25.5 - https:\/\/yoast.com\/wordpress\/plugins\/seo\/ -->\n<title>Opposition politician in Estonia discusses exemptions from ban on Belarus-registered cars | Pozirk<\/title>\n<meta name=\"description\" content=\"July 27, Pozirk. Franak Via\u010dorka, an aide to Belarusian opposition leader \u015aviat\u0142ana Cichano\u016dskaja, has met with Estonian officials to discuss easing\" \/>\n<meta name=\"robots\" content=\"index, follow, max-snippet:-1, max-image-preview:large, max-video-preview:-1\" \/>\n<link rel=\"canonical\" href=\"https:\/\/pozirk.online\/en\/news\/97808\/\" \/>\n<meta property=\"og:locale\" content=\"en_US\" \/>\n<meta property=\"og:type\" content=\"article\" \/>\n<meta property=\"og:title\" content=\"Opposition politician in Estonia discusses exemptions from ban on Belarus-registered cars | Pozirk\" \/>\n<meta property=\"og:description\" content=\"July 27, Pozirk. Franak Via\u010dorka, an aide to Belarusian opposition leader \u015aviat\u0142ana Cichano\u016dskaja, has met with Estonian officials to discuss easing\" \/>\n<meta property=\"og:url\" content=\"https:\/\/pozirk.online\/en\/news\/97808\/\" \/>\n<meta property=\"og:site_name\" content=\"Pozirk\" \/>\n<meta property=\"article:publisher\" content=\"https:\/\/www.facebook.com\/pozirkonline\/\" \/>\n<meta property=\"article:modified_time\" content=\"2026-03-10T12:05:06+00:00\" \/>\n<meta property=\"og:image\" content=\"https:\/\/pozirk.online\/wp-content\/uploads\/2024\/07\/viachorka_ost_1128x752.jpg\" \/>\n\t<meta property=\"og:image:width\" content=\"1128\" \/>\n\t<meta property=\"og:image:height\" content=\"752\" \/>\n\t<meta property=\"og:image:type\" content=\"image\/jpeg\" \/>\n<meta name=\"twitter:card\" content=\"summary_large_image\" \/>\n<meta name=\"twitter:site\" content=\"@Pozirk_online\" \/>\n<meta name=\"twitter:label1\" content=\"Est. reading time\" \/>\n\t<meta name=\"twitter:data1\" content=\"2 minutes\" \/>\n<script type=\"application\/ld+json\" class=\"yoast-schema-graph\">{\"@context\":\"https:\/\/schema.org\",\"@graph\":[{\"@type\":\"NewsArticle\",\"@id\":\"https:\/\/pozirk.online\/en\/news\/97808\/#article\",\"isPartOf\":{\"@id\":\"https:\/\/pozirk.online\/en\/news\/97808\/\"},\"headline\":\"Opposition politician in Estonia discusses exemptions from ban on Belarus-registered cars\",\"datePublished\":\"2024-07-27T16:24:11+00:00\",\"dateModified\":\"2026-03-10T12:05:06+00:00\",\"mainEntityOfPage\":{\"@id\":\"https:\/\/pozirk.online\/en\/news\/97808\/\"},\"wordCount\":207,\"publisher\":{\"@id\":\"https:\/\/pozirk.online\/en\/#organization\"},\"image\":{\"@id\":\"https:\/\/pozirk.online\/en\/news\/97808\/#primaryimage\"},\"thumbnailUrl\":\"https:\/\/pozirk.online\/wp-content\/uploads\/2024\/07\/viachorka_ost_1128x752.jpg\",\"inLanguage\":\"en-US\"},{\"@type\":\"WebPage\",\"@id\":\"https:\/\/pozirk.online\/en\/news\/97808\/\",\"url\":\"https:\/\/pozirk.online\/en\/news\/97808\/\",\"name\":\"Opposition politician in Estonia discusses exemptions from ban on Belarus-registered cars | Pozirk\",\"isPartOf\":{\"@id\":\"https:\/\/pozirk.online\/en\/#website\"},\"primaryImageOfPage\":{\"@id\":\"https:\/\/pozirk.online\/en\/news\/97808\/#primaryimage\"},\"image\":{\"@id\":\"https:\/\/pozirk.online\/en\/news\/97808\/#primaryimage\"},\"thumbnailUrl\":\"https:\/\/pozirk.online\/wp-content\/uploads\/2024\/07\/viachorka_ost_1128x752.jpg\",\"datePublished\":\"2024-07-27T16:24:11+00:00\",\"dateModified\":\"2026-03-10T12:05:06+00:00\",\"description\":\"July 27, Pozirk. Franak Via\u010dorka, an aide to Belarusian opposition leader \u015aviat\u0142ana Cichano\u016dskaja, has met with Estonian officials to discuss easing\",\"breadcrumb\":{\"@id\":\"https:\/\/pozirk.online\/en\/news\/97808\/#breadcrumb\"},\"inLanguage\":\"en-US\",\"potentialAction\":[{\"@type\":\"ReadAction\",\"target\":[\"https:\/\/pozirk.online\/en\/news\/97808\/\"]}]},{\"@type\":\"ImageObject\",\"inLanguage\":\"en-US\",\"@id\":\"https:\/\/pozirk.online\/en\/news\/97808\/#primaryimage\",\"url\":\"https:\/\/pozirk.online\/wp-content\/uploads\/2024\/07\/viachorka_ost_1128x752.jpg\",\"contentUrl\":\"https:\/\/pozirk.online\/wp-content\/uploads\/2024\/07\/viachorka_ost_1128x752.jpg\",\"width\":1128,\"height\":752},{\"@type\":\"BreadcrumbList\",\"@id\":\"https:\/\/pozirk.online\/en\/news\/97808\/#breadcrumb\",\"itemListElement\":[{\"@type\":\"ListItem\",\"position\":1,\"name\":\"Home\",\"item\":\"https:\/\/pozirk.online\/en\/\"},{\"@type\":\"ListItem\",\"position\":2,\"name\":\"Opposition politician in Estonia discusses exemptions from ban on Belarus-registered cars\"}]},{\"@type\":\"WebSite\",\"@id\":\"https:\/\/pozirk.online\/en\/#website\",\"url\":\"https:\/\/pozirk.online\/en\/\",\"name\":\"Pozirk\",\"description\":\"\",\"publisher\":{\"@id\":\"https:\/\/pozirk.online\/en\/#organization\"},\"potentialAction\":[{\"@type\":\"SearchAction\",\"target\":{\"@type\":\"EntryPoint\",\"urlTemplate\":\"https:\/\/pozirk.online\/en\/?s={search_term_string}\"},\"query-input\":{\"@type\":\"PropertyValueSpecification\",\"valueRequired\":true,\"valueName\":\"search_term_string\"}}],\"inLanguage\":\"en-US\"},{\"@type\":\"Organization\",\"@id\":\"https:\/\/pozirk.online\/en\/#organization\",\"name\":\"Pozirk\",\"url\":\"https:\/\/pozirk.online\/en\/\",\"logo\":{\"@type\":\"ImageObject\",\"inLanguage\":\"en-US\",\"@id\":\"https:\/\/pozirk.online\/en\/#\/schema\/logo\/image\/\",\"url\":\"https:\/\/pozirk.online\/wp-content\/uploads\/2023\/11\/cropped-Logo_color_512.png\",\"contentUrl\":\"https:\/\/pozirk.online\/wp-content\/uploads\/2023\/11\/cropped-Logo_color_512.png\",\"width\":512,\"height\":512,\"caption\":\"Pozirk\"},\"image\":{\"@id\":\"https:\/\/pozirk.online\/en\/#\/schema\/logo\/image\/\"},\"sameAs\":[\"https:\/\/www.facebook.com\/pozirkonline\/\",\"https:\/\/x.com\/Pozirk_online\"]}]}<\/script>\n<!-- \/ Yoast SEO plugin. -->","yoast_head_json":{"title":"Opposition politician in Estonia discusses exemptions from ban on Belarus-registered cars | Pozirk","description":"July 27, Pozirk. Franak Via\u010dorka, an aide to Belarusian opposition leader \u015aviat\u0142ana Cichano\u016dskaja, has met with Estonian officials to discuss easing","robots":{"index":"index","follow":"follow","max-snippet":"max-snippet:-1","max-image-preview":"max-image-preview:large","max-video-preview":"max-video-preview:-1"},"canonical":"https:\/\/pozirk.online\/en\/news\/97808\/","og_locale":"en_US","og_type":"article","og_title":"Opposition politician in Estonia discusses exemptions from ban on Belarus-registered cars | Pozirk","og_description":"July 27, Pozirk. Franak Via\u010dorka, an aide to Belarusian opposition leader \u015aviat\u0142ana Cichano\u016dskaja, has met with Estonian officials to discuss easing","og_url":"https:\/\/pozirk.online\/en\/news\/97808\/","og_site_name":"Pozirk","article_publisher":"https:\/\/www.facebook.com\/pozirkonline\/","article_modified_time":"2026-03-10T12:05:06+00:00","og_image":[{"width":1128,"height":752,"url":"https:\/\/pozirk.online\/wp-content\/uploads\/2024\/07\/viachorka_ost_1128x752.jpg","type":"image\/jpeg"}],"twitter_card":"summary_large_image","twitter_site":"@Pozirk_online","twitter_misc":{"Est. reading time":"2 minutes"},"schema":{"@context":"https:\/\/schema.org","@graph":[{"@type":"NewsArticle","@id":"https:\/\/pozirk.online\/en\/news\/97808\/#article","isPartOf":{"@id":"https:\/\/pozirk.online\/en\/news\/97808\/"},"headline":"Opposition politician in Estonia discusses exemptions from ban on Belarus-registered cars","datePublished":"2024-07-27T16:24:11+00:00","dateModified":"2026-03-10T12:05:06+00:00","mainEntityOfPage":{"@id":"https:\/\/pozirk.online\/en\/news\/97808\/"},"wordCount":207,"publisher":{"@id":"https:\/\/pozirk.online\/en\/#organization"},"image":{"@id":"https:\/\/pozirk.online\/en\/news\/97808\/#primaryimage"},"thumbnailUrl":"https:\/\/pozirk.online\/wp-content\/uploads\/2024\/07\/viachorka_ost_1128x752.jpg","inLanguage":"en-US"},{"@type":"WebPage","@id":"https:\/\/pozirk.online\/en\/news\/97808\/","url":"https:\/\/pozirk.online\/en\/news\/97808\/","name":"Opposition politician in Estonia discusses exemptions from ban on Belarus-registered cars | Pozirk","isPartOf":{"@id":"https:\/\/pozirk.online\/en\/#website"},"primaryImageOfPage":{"@id":"https:\/\/pozirk.online\/en\/news\/97808\/#primaryimage"},"image":{"@id":"https:\/\/pozirk.online\/en\/news\/97808\/#primaryimage"},"thumbnailUrl":"https:\/\/pozirk.online\/wp-content\/uploads\/2024\/07\/viachorka_ost_1128x752.jpg","datePublished":"2024-07-27T16:24:11+00:00","dateModified":"2026-03-10T12:05:06+00:00","description":"July 27, Pozirk. Franak Via\u010dorka, an aide to Belarusian opposition leader \u015aviat\u0142ana Cichano\u016dskaja, has met with Estonian officials to discuss easing","breadcrumb":{"@id":"https:\/\/pozirk.online\/en\/news\/97808\/#breadcrumb"},"inLanguage":"en-US","potentialAction":[{"@type":"ReadAction","target":["https:\/\/pozirk.online\/en\/news\/97808\/"]}]},{"@type":"ImageObject","inLanguage":"en-US","@id":"https:\/\/pozirk.online\/en\/news\/97808\/#primaryimage","url":"https:\/\/pozirk.online\/wp-content\/uploads\/2024\/07\/viachorka_ost_1128x752.jpg","contentUrl":"https:\/\/pozirk.online\/wp-content\/uploads\/2024\/07\/viachorka_ost_1128x752.jpg","width":1128,"height":752},{"@type":"BreadcrumbList","@id":"https:\/\/pozirk.online\/en\/news\/97808\/#breadcrumb","itemListElement":[{"@type":"ListItem","position":1,"name":"Home","item":"https:\/\/pozirk.online\/en\/"},{"@type":"ListItem","position":2,"name":"Opposition politician in Estonia discusses exemptions from ban on Belarus-registered cars"}]},{"@type":"WebSite","@id":"https:\/\/pozirk.online\/en\/#website","url":"https:\/\/pozirk.online\/en\/","name":"Pozirk","description":"","publisher":{"@id":"https:\/\/pozirk.online\/en\/#organization"},"potentialAction":[{"@type":"SearchAction","target":{"@type":"EntryPoint","urlTemplate":"https:\/\/pozirk.online\/en\/?s={search_term_string}"},"query-input":{"@type":"PropertyValueSpecification","valueRequired":true,"valueName":"search_term_string"}}],"inLanguage":"en-US"},{"@type":"Organization","@id":"https:\/\/pozirk.online\/en\/#organization","name":"Pozirk","url":"https:\/\/pozirk.online\/en\/","logo":{"@type":"ImageObject","inLanguage":"en-US","@id":"https:\/\/pozirk.online\/en\/#\/schema\/logo\/image\/","url":"https:\/\/pozirk.online\/wp-content\/uploads\/2023\/11\/cropped-Logo_color_512.png","contentUrl":"https:\/\/pozirk.online\/wp-content\/uploads\/2023\/11\/cropped-Logo_color_512.png","width":512,"height":512,"caption":"Pozirk"},"image":{"@id":"https:\/\/pozirk.online\/en\/#\/schema\/logo\/image\/"},"sameAs":["https:\/\/www.facebook.com\/pozirkonline\/","https:\/\/x.com\/Pozirk_online"]}]}},"_links":{"self":[{"href":"https:\/\/pozirk.online\/en\/wp-json\/wp\/v2\/articles\/97808","targetHints":{"allow":["GET"]}}],"collection":[{"href":"https:\/\/pozirk.online\/en\/wp-json\/wp\/v2\/articles"}],"about":[{"href":"https:\/\/pozirk.online\/en\/wp-json\/wp\/v2\/types\/articles"}],"author":[{"embeddable":true,"href":"https:\/\/pozirk.online\/en\/wp-json\/wp\/v2\/users\/84"}],"wp:featuredmedia":[{"embeddable":true,"href":"https:\/\/pozirk.online\/en\/wp-json\/wp\/v2\/media\/97799"}],"wp:attachment":[{"href":"https:\/\/pozirk.online\/en\/wp-json\/wp\/v2\/media?parent=97808"}],"wp:term":[{"taxonomy":"rubric","embeddable":true,"href":"https:\/\/pozirk.online\/en\/wp-json\/wp\/v2\/rubric?post=97808"}],"curies":[{"name":"wp","href":"https:\/\/api.w.org\/{rel}","templated":true}]}}