{"id":97792,"date":"2024-07-27T17:23:47","date_gmt":"2024-07-27T14:23:47","guid":{"rendered":"https:\/\/pozirk.online\/en\/news\/97792\/"},"modified":"2026-03-10T12:05:06","modified_gmt":"2026-03-10T12:05:06","slug":"reprislas-trial-in-high-profile-terrorism-case-opens-behind-closed-doors","status":"publish","type":"articles","link":"https:\/\/pozirk.online\/en\/news\/97792\/","title":{"rendered":"Reprisals: trial in high-profile terrorism case opens behind closed doors"},"content":{"rendered":"\n<p><strong>July 27, <em>Pozirk.<\/em><\/strong> New instances of politically-motivated persecution were documented in Belarus on July 26 as Valeryj Vodzin, Andrej Hryhorje\u016d, Victoryja Vo\u0142\u010dak, Hanna Sava\u010dkina and her mother Ta\u0107ciana Rusak went on trial behind closed doors in Minsk, according to the electronic court schedule. They are accused of high treason and terrorism for allegedly \u201cpreparing a terrorist act on Victory Day\u201d in 2023.<\/p>\n\n\n\n<p>Arrests<\/p>\n\n\n\n<p>Hrodna police arrested a man for posting a video of a queue outside a local vehicle registration office, pro-government Telegram channels said.<\/p>\n\n\n\n<p>Police also arrested a man upon his return from Poland for participating in 2020 postelection protests, <em>Mediazona<\/em> reported.<\/p>\n\n\n\n<p>Online content<\/p>\n\n\n\n<p>D\u017amitryj Barsuko\u016d, Iryna Chitro and Ta\u0107ciana Andru\u0161oj\u0107 were tried in the Hrodna region for sharing opposition content, the<em> Pravo Imeyut<\/em> Telegram channel said. The sentences remain unknown.<\/p>\n\n\n\n<p>The information ministry branded YouTube channel by Daj Darohu rock band as extremist content.<\/p>\n\n\n\n<p>Criminal proceedings<\/p>\n\n\n\n<p>Viacas\u0142a\u016d Malaj\u010duk will face a third trial for allegedly disobeying the prison administration, the Viasna Human Rights Center reported. In May 2022, he had been given a lengthy prison on terrorism-related charges in a case widely seen as politically motivated. His cumulative term is 22 and a half years.<\/p>\n\n\n\n<p>Nadzieja Karankievi\u010d went on trial over alleged donations to opposition solidarity groups, and Anton Lisi\u010dkin, on charges of inciting hatred and insulting officials, Viasna said.<\/p>\n\n\n\n<p>&#8220;Extremist&#8221; list update<\/p>\n\n\n\n<p>The interior ministry added 11 people to the list of \u201cpersons involved in extremist activity,\u201d including Rico Krieger, a German national on the death row in a Belarusian prison. All of them faced charges typical of politically-motivated cases. Human rights defenders designated Iryna Pahadajeva and Alaksandar \u010cykindzin as political prisoners.<\/p>\n\n\n\n<p>Other cases<\/p>\n\n\n\n<p>Journalist Andrzej Poczobut (Andrej Pa\u010dobut) is held in the internal prison of the Viciebsk region&#8217;s Navapo\u0142ack penal colony, <em>Radyjo Racyja<\/em> reported.<\/p>\n\n\n\n<p>Authorities put up Eduard Babaryka&#8217;s motorcycle and car for an auction, the Bie\u0142jurzabiaspe\u010dannie electronic trading website said. He and his father, former presidential hopeful Viktar Babaryka, are serving lengthy prison terms.<\/p>\n\n\n\n<p>Alaksandar Jara\u0161evi\u010d, Alaksiej Karpieka and Volha Alchimienka, journalists from the Belarusian investigative project<em> Biuro<\/em>, are on Russia&#8217;s interstate wanted list, <em>Mediazona Belarus<\/em> reported.<\/p>\n\n\n\n<p>Rights groups designated seven people persecuted on extremism-related charges as political prisoners, Viasna reported.<a><\/a><\/p>\n\n\n\n<p>As of July 27, human rights defenders identified at least 1,387 political prisoners but the real number is considerably higher because many cases go undocumented. Opposition sources estimate the number of political prisoners at around 5,000.<\/p>\n\n\n\n<div class=\"insert-block\">\n\n    <div class=\"insert-block__img\">\n        <img decoding=\"async\" width=\"354\" height=\"236\" src=\"https:\/\/pozirk.online\/wp-content\/uploads\/2024\/07\/krieger-sb-1128-354x236.jpg\" class=\"attachment-medium size-medium\" alt=\"\" srcset=\"https:\/\/pozirk.online\/wp-content\/uploads\/2024\/07\/krieger-sb-1128-354x236.jpg 354w, https:\/\/pozirk.online\/wp-content\/uploads\/2024\/07\/krieger-sb-1128-734x490.jpg 734w, https:\/\/pozirk.online\/wp-content\/uploads\/2024\/07\/krieger-sb-1128-178x118.jpg 178w, https:\/\/pozirk.online\/wp-content\/uploads\/2024\/07\/krieger-sb-1128-768x512.jpg 768w, https:\/\/pozirk.online\/wp-content\/uploads\/2024\/07\/krieger-sb-1128.jpg 1128w\" sizes=\"(max-width: 354px) 100vw, 354px\" \/>                        <label class=\"insert-block__tag--mobile\"> \u041d\u043e\u0432\u043e\u0441\u0442\u0438 \u0413\u0435\u0440\u043c\u0430\u043d\u0438\u0438<\/label>\n\n                            <label class=\"insert-block__tag--mobile\"> \u041f\u043e\u043b\u0438\u0442\u0438\u043a\u0430<\/label>\n\n                <\/div>\n    <div class=\"insert-block__text\">\n                    <label class=\"insert-block__tag\">\u041d\u043e\u0432\u043e\u0441\u0442\u0438 \u0413\u0435\u0440\u043c\u0430\u043d\u0438\u0438, \u041f\u043e\u043b\u0438\u0442\u0438\u043a\u0430<\/label>\n                <h3 class=\"insert-block__title\">Belarus puts German sentenced to death on extremism register<\/h3>\n        <div class=\"insert-block__descr\">July 26, Pozirk. The interior ministry has added 11 people to the list of &quot;persons involved in extremist activity,&quot; including Rico Krieger, a German national on the death row in a Belarusian prison. All of the people faced charges typical &#8230;<\/div>\n        <a class=\"insert-block__btn-block\" href=\"\/en\/news\/97713\">\n            <button class=\"btn\">\n                <div class='btn__text'>Read the article<\/div>\n            <\/button>\n        <\/a>\n    <\/div>\n<\/div>","protected":false},"excerpt":{"rendered":"<p>July 27, Pozirk. New instances of politically-motivated persecution were documented in Belarus on July 26 as Valeryj Vodzin, Andrej Hryhorje\u016d, Victoryja Vo\u0142\u010dak, Hanna Sava\u010dkina and her mother Ta\u0107ciana Rusak went on trial behind closed doors in Minsk, according to the electronic court schedule. They are accused of high treason and terrorism for allegedly \u201cpreparing a [&hellip;]<\/p>\n","protected":false},"author":84,"featured_media":63993,"template":"","rubric":[14,13],"class_list":["post-97792","articles","type-articles","status-publish","has-post-thumbnail","hentry","rubric-politics","rubric-society"],"acf":[],"yoast_head":"<!-- This site is optimized with the Yoast SEO plugin v25.5 - https:\/\/yoast.com\/wordpress\/plugins\/seo\/ -->\n<title>Reprisals: trial in high-profile terrorism case opens behind closed doors | Pozirk<\/title>\n<meta name=\"description\" content=\"July 27, Pozirk. New instances of politically-motivated persecution were documented in Belarus on July 26 as Valeryj Vodzin, Andrej Hryhorje\u016d, Victoryja\" \/>\n<meta name=\"robots\" content=\"index, follow, max-snippet:-1, max-image-preview:large, max-video-preview:-1\" \/>\n<link rel=\"canonical\" href=\"https:\/\/pozirk.online\/en\/news\/97792\/\" \/>\n<meta property=\"og:locale\" content=\"en_US\" \/>\n<meta property=\"og:type\" content=\"article\" \/>\n<meta property=\"og:title\" content=\"Reprisals: trial in high-profile terrorism case opens behind closed doors | Pozirk\" \/>\n<meta property=\"og:description\" content=\"July 27, Pozirk. New instances of politically-motivated persecution were documented in Belarus on July 26 as Valeryj Vodzin, Andrej Hryhorje\u016d, Victoryja\" \/>\n<meta property=\"og:url\" content=\"https:\/\/pozirk.online\/en\/news\/97792\/\" \/>\n<meta property=\"og:site_name\" content=\"Pozirk\" \/>\n<meta property=\"article:publisher\" content=\"https:\/\/www.facebook.com\/pozirkonline\/\" \/>\n<meta property=\"article:modified_time\" content=\"2026-03-10T12:05:06+00:00\" \/>\n<meta property=\"og:image\" content=\"https:\/\/pozirk.online\/wp-content\/uploads\/2024\/01\/pozirk_color_blank_1128x752.jpg\" \/>\n\t<meta property=\"og:image:width\" content=\"1128\" \/>\n\t<meta property=\"og:image:height\" content=\"752\" \/>\n\t<meta property=\"og:image:type\" content=\"image\/jpeg\" \/>\n<meta name=\"twitter:card\" content=\"summary_large_image\" \/>\n<meta name=\"twitter:site\" content=\"@Pozirk_online\" \/>\n<meta name=\"twitter:label1\" content=\"Est. reading time\" \/>\n\t<meta name=\"twitter:data1\" content=\"3 minutes\" \/>\n<script type=\"application\/ld+json\" class=\"yoast-schema-graph\">{\"@context\":\"https:\/\/schema.org\",\"@graph\":[{\"@type\":\"NewsArticle\",\"@id\":\"https:\/\/pozirk.online\/en\/news\/97792\/#article\",\"isPartOf\":{\"@id\":\"https:\/\/pozirk.online\/en\/news\/97792\/\"},\"headline\":\"Reprisals: trial in high-profile terrorism case opens behind closed doors\",\"datePublished\":\"2024-07-27T14:23:47+00:00\",\"dateModified\":\"2026-03-10T12:05:06+00:00\",\"mainEntityOfPage\":{\"@id\":\"https:\/\/pozirk.online\/en\/news\/97792\/\"},\"wordCount\":419,\"publisher\":{\"@id\":\"https:\/\/pozirk.online\/en\/#organization\"},\"image\":{\"@id\":\"https:\/\/pozirk.online\/en\/news\/97792\/#primaryimage\"},\"thumbnailUrl\":\"https:\/\/pozirk.online\/wp-content\/uploads\/2024\/01\/pozirk_color_blank_1128x752.jpg\",\"inLanguage\":\"en-US\"},{\"@type\":\"WebPage\",\"@id\":\"https:\/\/pozirk.online\/en\/news\/97792\/\",\"url\":\"https:\/\/pozirk.online\/en\/news\/97792\/\",\"name\":\"Reprisals: trial in high-profile terrorism case opens behind closed doors | Pozirk\",\"isPartOf\":{\"@id\":\"https:\/\/pozirk.online\/en\/#website\"},\"primaryImageOfPage\":{\"@id\":\"https:\/\/pozirk.online\/en\/news\/97792\/#primaryimage\"},\"image\":{\"@id\":\"https:\/\/pozirk.online\/en\/news\/97792\/#primaryimage\"},\"thumbnailUrl\":\"https:\/\/pozirk.online\/wp-content\/uploads\/2024\/01\/pozirk_color_blank_1128x752.jpg\",\"datePublished\":\"2024-07-27T14:23:47+00:00\",\"dateModified\":\"2026-03-10T12:05:06+00:00\",\"description\":\"July 27, Pozirk. New instances of politically-motivated persecution were documented in Belarus on July 26 as Valeryj Vodzin, Andrej Hryhorje\u016d, Victoryja\",\"breadcrumb\":{\"@id\":\"https:\/\/pozirk.online\/en\/news\/97792\/#breadcrumb\"},\"inLanguage\":\"en-US\",\"potentialAction\":[{\"@type\":\"ReadAction\",\"target\":[\"https:\/\/pozirk.online\/en\/news\/97792\/\"]}]},{\"@type\":\"ImageObject\",\"inLanguage\":\"en-US\",\"@id\":\"https:\/\/pozirk.online\/en\/news\/97792\/#primaryimage\",\"url\":\"https:\/\/pozirk.online\/wp-content\/uploads\/2024\/01\/pozirk_color_blank_1128x752.jpg\",\"contentUrl\":\"https:\/\/pozirk.online\/wp-content\/uploads\/2024\/01\/pozirk_color_blank_1128x752.jpg\",\"width\":1128,\"height\":752},{\"@type\":\"BreadcrumbList\",\"@id\":\"https:\/\/pozirk.online\/en\/news\/97792\/#breadcrumb\",\"itemListElement\":[{\"@type\":\"ListItem\",\"position\":1,\"name\":\"Home\",\"item\":\"https:\/\/pozirk.online\/en\/\"},{\"@type\":\"ListItem\",\"position\":2,\"name\":\"Reprisals: trial in high-profile terrorism case opens behind closed doors\"}]},{\"@type\":\"WebSite\",\"@id\":\"https:\/\/pozirk.online\/en\/#website\",\"url\":\"https:\/\/pozirk.online\/en\/\",\"name\":\"Pozirk\",\"description\":\"\",\"publisher\":{\"@id\":\"https:\/\/pozirk.online\/en\/#organization\"},\"potentialAction\":[{\"@type\":\"SearchAction\",\"target\":{\"@type\":\"EntryPoint\",\"urlTemplate\":\"https:\/\/pozirk.online\/en\/?s={search_term_string}\"},\"query-input\":{\"@type\":\"PropertyValueSpecification\",\"valueRequired\":true,\"valueName\":\"search_term_string\"}}],\"inLanguage\":\"en-US\"},{\"@type\":\"Organization\",\"@id\":\"https:\/\/pozirk.online\/en\/#organization\",\"name\":\"Pozirk\",\"url\":\"https:\/\/pozirk.online\/en\/\",\"logo\":{\"@type\":\"ImageObject\",\"inLanguage\":\"en-US\",\"@id\":\"https:\/\/pozirk.online\/en\/#\/schema\/logo\/image\/\",\"url\":\"https:\/\/pozirk.online\/wp-content\/uploads\/2023\/11\/cropped-Logo_color_512.png\",\"contentUrl\":\"https:\/\/pozirk.online\/wp-content\/uploads\/2023\/11\/cropped-Logo_color_512.png\",\"width\":512,\"height\":512,\"caption\":\"Pozirk\"},\"image\":{\"@id\":\"https:\/\/pozirk.online\/en\/#\/schema\/logo\/image\/\"},\"sameAs\":[\"https:\/\/www.facebook.com\/pozirkonline\/\",\"https:\/\/x.com\/Pozirk_online\"]}]}<\/script>\n<!-- \/ Yoast SEO plugin. -->","yoast_head_json":{"title":"Reprisals: trial in high-profile terrorism case opens behind closed doors | Pozirk","description":"July 27, Pozirk. New instances of politically-motivated persecution were documented in Belarus on July 26 as Valeryj Vodzin, Andrej Hryhorje\u016d, Victoryja","robots":{"index":"index","follow":"follow","max-snippet":"max-snippet:-1","max-image-preview":"max-image-preview:large","max-video-preview":"max-video-preview:-1"},"canonical":"https:\/\/pozirk.online\/en\/news\/97792\/","og_locale":"en_US","og_type":"article","og_title":"Reprisals: trial in high-profile terrorism case opens behind closed doors | Pozirk","og_description":"July 27, Pozirk. New instances of politically-motivated persecution were documented in Belarus on July 26 as Valeryj Vodzin, Andrej Hryhorje\u016d, Victoryja","og_url":"https:\/\/pozirk.online\/en\/news\/97792\/","og_site_name":"Pozirk","article_publisher":"https:\/\/www.facebook.com\/pozirkonline\/","article_modified_time":"2026-03-10T12:05:06+00:00","og_image":[{"width":1128,"height":752,"url":"https:\/\/pozirk.online\/wp-content\/uploads\/2024\/01\/pozirk_color_blank_1128x752.jpg","type":"image\/jpeg"}],"twitter_card":"summary_large_image","twitter_site":"@Pozirk_online","twitter_misc":{"Est. reading time":"3 minutes"},"schema":{"@context":"https:\/\/schema.org","@graph":[{"@type":"NewsArticle","@id":"https:\/\/pozirk.online\/en\/news\/97792\/#article","isPartOf":{"@id":"https:\/\/pozirk.online\/en\/news\/97792\/"},"headline":"Reprisals: trial in high-profile terrorism case opens behind closed doors","datePublished":"2024-07-27T14:23:47+00:00","dateModified":"2026-03-10T12:05:06+00:00","mainEntityOfPage":{"@id":"https:\/\/pozirk.online\/en\/news\/97792\/"},"wordCount":419,"publisher":{"@id":"https:\/\/pozirk.online\/en\/#organization"},"image":{"@id":"https:\/\/pozirk.online\/en\/news\/97792\/#primaryimage"},"thumbnailUrl":"https:\/\/pozirk.online\/wp-content\/uploads\/2024\/01\/pozirk_color_blank_1128x752.jpg","inLanguage":"en-US"},{"@type":"WebPage","@id":"https:\/\/pozirk.online\/en\/news\/97792\/","url":"https:\/\/pozirk.online\/en\/news\/97792\/","name":"Reprisals: trial in high-profile terrorism case opens behind closed doors | Pozirk","isPartOf":{"@id":"https:\/\/pozirk.online\/en\/#website"},"primaryImageOfPage":{"@id":"https:\/\/pozirk.online\/en\/news\/97792\/#primaryimage"},"image":{"@id":"https:\/\/pozirk.online\/en\/news\/97792\/#primaryimage"},"thumbnailUrl":"https:\/\/pozirk.online\/wp-content\/uploads\/2024\/01\/pozirk_color_blank_1128x752.jpg","datePublished":"2024-07-27T14:23:47+00:00","dateModified":"2026-03-10T12:05:06+00:00","description":"July 27, Pozirk. New instances of politically-motivated persecution were documented in Belarus on July 26 as Valeryj Vodzin, Andrej Hryhorje\u016d, Victoryja","breadcrumb":{"@id":"https:\/\/pozirk.online\/en\/news\/97792\/#breadcrumb"},"inLanguage":"en-US","potentialAction":[{"@type":"ReadAction","target":["https:\/\/pozirk.online\/en\/news\/97792\/"]}]},{"@type":"ImageObject","inLanguage":"en-US","@id":"https:\/\/pozirk.online\/en\/news\/97792\/#primaryimage","url":"https:\/\/pozirk.online\/wp-content\/uploads\/2024\/01\/pozirk_color_blank_1128x752.jpg","contentUrl":"https:\/\/pozirk.online\/wp-content\/uploads\/2024\/01\/pozirk_color_blank_1128x752.jpg","width":1128,"height":752},{"@type":"BreadcrumbList","@id":"https:\/\/pozirk.online\/en\/news\/97792\/#breadcrumb","itemListElement":[{"@type":"ListItem","position":1,"name":"Home","item":"https:\/\/pozirk.online\/en\/"},{"@type":"ListItem","position":2,"name":"Reprisals: trial in high-profile terrorism case opens behind closed doors"}]},{"@type":"WebSite","@id":"https:\/\/pozirk.online\/en\/#website","url":"https:\/\/pozirk.online\/en\/","name":"Pozirk","description":"","publisher":{"@id":"https:\/\/pozirk.online\/en\/#organization"},"potentialAction":[{"@type":"SearchAction","target":{"@type":"EntryPoint","urlTemplate":"https:\/\/pozirk.online\/en\/?s={search_term_string}"},"query-input":{"@type":"PropertyValueSpecification","valueRequired":true,"valueName":"search_term_string"}}],"inLanguage":"en-US"},{"@type":"Organization","@id":"https:\/\/pozirk.online\/en\/#organization","name":"Pozirk","url":"https:\/\/pozirk.online\/en\/","logo":{"@type":"ImageObject","inLanguage":"en-US","@id":"https:\/\/pozirk.online\/en\/#\/schema\/logo\/image\/","url":"https:\/\/pozirk.online\/wp-content\/uploads\/2023\/11\/cropped-Logo_color_512.png","contentUrl":"https:\/\/pozirk.online\/wp-content\/uploads\/2023\/11\/cropped-Logo_color_512.png","width":512,"height":512,"caption":"Pozirk"},"image":{"@id":"https:\/\/pozirk.online\/en\/#\/schema\/logo\/image\/"},"sameAs":["https:\/\/www.facebook.com\/pozirkonline\/","https:\/\/x.com\/Pozirk_online"]}]}},"_links":{"self":[{"href":"https:\/\/pozirk.online\/en\/wp-json\/wp\/v2\/articles\/97792","targetHints":{"allow":["GET"]}}],"collection":[{"href":"https:\/\/pozirk.online\/en\/wp-json\/wp\/v2\/articles"}],"about":[{"href":"https:\/\/pozirk.online\/en\/wp-json\/wp\/v2\/types\/articles"}],"author":[{"embeddable":true,"href":"https:\/\/pozirk.online\/en\/wp-json\/wp\/v2\/users\/84"}],"wp:featuredmedia":[{"embeddable":true,"href":"https:\/\/pozirk.online\/en\/wp-json\/wp\/v2\/media\/63993"}],"wp:attachment":[{"href":"https:\/\/pozirk.online\/en\/wp-json\/wp\/v2\/media?parent=97792"}],"wp:term":[{"taxonomy":"rubric","embeddable":true,"href":"https:\/\/pozirk.online\/en\/wp-json\/wp\/v2\/rubric?post=97792"}],"curies":[{"name":"wp","href":"https:\/\/api.w.org\/{rel}","templated":true}]}}