{"id":97170,"date":"2024-07-24T11:09:12","date_gmt":"2024-07-24T08:09:12","guid":{"rendered":"https:\/\/pozirk.online\/en\/news\/97170\/"},"modified":"2026-03-10T12:05:06","modified_gmt":"2026-03-10T12:05:06","slug":"reprisals-keep-targeting-2020-protesters-2","status":"publish","type":"articles","link":"https:\/\/pozirk.online\/en\/news\/97170\/","title":{"rendered":"Reprisals keep targeting 2020 protesters"},"content":{"rendered":"\n<p><strong>July 24, <em>Pozirk<\/em>.<\/strong> Maksim Hroma\u016d, Alaksiej Pa\u0161kievi\u010d, Alina Siviec and two others were arrested in Baranavi\u010dy, Brest region, for participating in 2020 postelection protests rallies, <em>Mediazona<\/em> reported.<\/p>\n\n\n\n<p>Other protest-related cases documented by the Viasna Human Rights Center on July 23 include a trial of IT professional Lizavieta Makrydzina arrested upon her return to Belarus from Poland.<\/p>\n\n\n\n<p>Ivan Amrej\u010dyk, Vasil Niparka, Alaksiej Samajluk, Anatol Zakurka, Ihar Sarokin, Siarhiej Dzemidziuk, Mikita Jachimovi\u010d and Valancina \u017duko\u016dskaja are scheduled to go on trial in Brest later this month on similar charges, according to Viasna.<\/p>\n\n\n\n<p>In a different case, businessman U\u0142adzimir Zachara\u016d went on trial in Viciebsk on charges of tax evasion and discrediting the state, the Viasna Human Rights Center reported. The judge closed the proceedings to the public.<\/p>\n\n\n\n<p>Historian Ihar Mielnika\u016d has been under arrest for about six months and may face criminal charges, <em>Na\u0161a Niva<\/em> reported.<\/p>\n\n\n\n<p>Online content<\/p>\n\n\n\n<p>Alena Hlabovi\u010d and Ja\u016dhien Karolka were tried in the Hrodna region for sharing opposition content, the <em>Pravo Imeyut <\/em>Telegram channel said. The sentences remain unknown.<\/p>\n\n\n\n<p>Authorities filed criminal charges against three exiled social media specialists at <em>zerkalo.io<\/em>, deemed an extremist group in Belarus, a pro-government source said. Police reportedly searched their parents&#8217;  homes and seized journalists&#8217; property.<\/p>\n\n\n\n<p>Other cases<\/p>\n\n\n\n<p>Military analyst Jahor Lebiadok spent at least 10 days in a punishment cell at Penal Colony No 22 in Ivacevi\u010dy, Brest region, MAYDAY.TEAM reported. He is serving a five-year prison term on charges widely seen as politically motivated.<\/p>\n\n\n\n<p>Authorities may have completed mental tests for jailed opposition activist Palina \u0160arenda-Panasiuk, her husband Andrej \u0160arenda said on Facebook. Her family members did not manage to bring her a parcel with food and medications. The woman&#8217;s current whereabouts remain unknown.<\/p>\n\n\n\n<p>As of July 24, human rights defenders identified at least 1,368 political prisoners but the real number is considerably higher because many cases go undocumented. Opposition sources estimate the number at around 5,000.<\/p>\n\n\n\n<div class=\"insert-block\">\n\n    <div class=\"insert-block__img\">\n        <img decoding=\"async\" width=\"354\" height=\"236\" src=\"https:\/\/pozirk.online\/wp-content\/uploads\/2024\/07\/zerkalo_logo_fb_1128x752-354x236.jpg\" class=\"attachment-medium size-medium\" alt=\"\" srcset=\"https:\/\/pozirk.online\/wp-content\/uploads\/2024\/07\/zerkalo_logo_fb_1128x752-354x236.jpg 354w, https:\/\/pozirk.online\/wp-content\/uploads\/2024\/07\/zerkalo_logo_fb_1128x752-734x490.jpg 734w, https:\/\/pozirk.online\/wp-content\/uploads\/2024\/07\/zerkalo_logo_fb_1128x752-178x118.jpg 178w, https:\/\/pozirk.online\/wp-content\/uploads\/2024\/07\/zerkalo_logo_fb_1128x752-768x512.jpg 768w, https:\/\/pozirk.online\/wp-content\/uploads\/2024\/07\/zerkalo_logo_fb_1128x752.jpg 1128w\" sizes=\"(max-width: 354px) 100vw, 354px\" \/>                        <label class=\"insert-block__tag--mobile\"> Politics<\/label>\n\n                <\/div>\n    <div class=\"insert-block__text\">\n                    <label class=\"insert-block__tag\">Politics<\/label>\n                <h3 class=\"insert-block__title\">Zerkalo condemns pressure on relatives of its employees<\/h3>\n        <div class=\"insert-block__descr\">July 23, Pozirk. The foreign-based Belarusian media organization Zerkalo has condemned pressure on relatives of its employees in Belarus. The statement comes after police released a video of forced statements by the three mothers and one father of Zerkalo employees. &#8230;<\/div>\n        <a class=\"insert-block__btn-block\" href=\"\/en\/news\/97046\">\n            <button class=\"btn\">\n                <div class='btn__text'>Read the article<\/div>\n            <\/button>\n        <\/a>\n    <\/div>\n<\/div>","protected":false},"excerpt":{"rendered":"<p>July 24, Pozirk. Maksim Hroma\u016d, Alaksiej Pa\u0161kievi\u010d, Alina Siviec and two others were arrested in Baranavi\u010dy, Brest region, for participating in 2020 postelection protests rallies, Mediazona reported. Other protest-related cases documented by the Viasna Human Rights Center on July 23 include a trial of IT professional Lizavieta Makrydzina arrested upon her return to Belarus from [&hellip;]<\/p>\n","protected":false},"author":84,"featured_media":63993,"template":"","rubric":[14],"class_list":["post-97170","articles","type-articles","status-publish","has-post-thumbnail","hentry","rubric-politics"],"acf":[],"yoast_head":"<!-- This site is optimized with the Yoast SEO plugin v25.5 - https:\/\/yoast.com\/wordpress\/plugins\/seo\/ -->\n<title>Reprisals keep targeting 2020 protesters | Pozirk<\/title>\n<meta name=\"description\" content=\"July 24, Pozirk. Maksim Hroma\u016d, Alaksiej Pa\u0161kievi\u010d, Alina Siviec and two others were arrested in Baranavi\u010dy, Brest region, for participating in 2020\" \/>\n<meta name=\"robots\" content=\"index, follow, max-snippet:-1, max-image-preview:large, max-video-preview:-1\" \/>\n<link rel=\"canonical\" href=\"https:\/\/pozirk.online\/en\/news\/97170\/\" \/>\n<meta property=\"og:locale\" content=\"en_US\" \/>\n<meta property=\"og:type\" content=\"article\" \/>\n<meta property=\"og:title\" content=\"Reprisals keep targeting 2020 protesters | Pozirk\" \/>\n<meta property=\"og:description\" content=\"July 24, Pozirk. Maksim Hroma\u016d, Alaksiej Pa\u0161kievi\u010d, Alina Siviec and two others were arrested in Baranavi\u010dy, Brest region, for participating in 2020\" \/>\n<meta property=\"og:url\" content=\"https:\/\/pozirk.online\/en\/news\/97170\/\" \/>\n<meta property=\"og:site_name\" content=\"Pozirk\" \/>\n<meta property=\"article:publisher\" content=\"https:\/\/www.facebook.com\/pozirkonline\/\" \/>\n<meta property=\"article:modified_time\" content=\"2026-03-10T12:05:06+00:00\" \/>\n<meta property=\"og:image\" content=\"https:\/\/pozirk.online\/wp-content\/uploads\/2024\/01\/pozirk_color_blank_1128x752.jpg\" \/>\n\t<meta property=\"og:image:width\" content=\"1128\" \/>\n\t<meta property=\"og:image:height\" content=\"752\" \/>\n\t<meta property=\"og:image:type\" content=\"image\/jpeg\" \/>\n<meta name=\"twitter:card\" content=\"summary_large_image\" \/>\n<meta name=\"twitter:site\" content=\"@Pozirk_online\" \/>\n<meta name=\"twitter:label1\" content=\"Est. reading time\" \/>\n\t<meta name=\"twitter:data1\" content=\"2 minutes\" \/>\n<script type=\"application\/ld+json\" class=\"yoast-schema-graph\">{\"@context\":\"https:\/\/schema.org\",\"@graph\":[{\"@type\":\"NewsArticle\",\"@id\":\"https:\/\/pozirk.online\/en\/news\/97170\/#article\",\"isPartOf\":{\"@id\":\"https:\/\/pozirk.online\/en\/news\/97170\/\"},\"headline\":\"Reprisals keep targeting 2020 protesters\",\"datePublished\":\"2024-07-24T08:09:12+00:00\",\"dateModified\":\"2026-03-10T12:05:06+00:00\",\"mainEntityOfPage\":{\"@id\":\"https:\/\/pozirk.online\/en\/news\/97170\/\"},\"wordCount\":323,\"publisher\":{\"@id\":\"https:\/\/pozirk.online\/en\/#organization\"},\"image\":{\"@id\":\"https:\/\/pozirk.online\/en\/news\/97170\/#primaryimage\"},\"thumbnailUrl\":\"https:\/\/pozirk.online\/wp-content\/uploads\/2024\/01\/pozirk_color_blank_1128x752.jpg\",\"inLanguage\":\"en-US\"},{\"@type\":\"WebPage\",\"@id\":\"https:\/\/pozirk.online\/en\/news\/97170\/\",\"url\":\"https:\/\/pozirk.online\/en\/news\/97170\/\",\"name\":\"Reprisals keep targeting 2020 protesters | Pozirk\",\"isPartOf\":{\"@id\":\"https:\/\/pozirk.online\/en\/#website\"},\"primaryImageOfPage\":{\"@id\":\"https:\/\/pozirk.online\/en\/news\/97170\/#primaryimage\"},\"image\":{\"@id\":\"https:\/\/pozirk.online\/en\/news\/97170\/#primaryimage\"},\"thumbnailUrl\":\"https:\/\/pozirk.online\/wp-content\/uploads\/2024\/01\/pozirk_color_blank_1128x752.jpg\",\"datePublished\":\"2024-07-24T08:09:12+00:00\",\"dateModified\":\"2026-03-10T12:05:06+00:00\",\"description\":\"July 24, Pozirk. Maksim Hroma\u016d, Alaksiej Pa\u0161kievi\u010d, Alina Siviec and two others were arrested in Baranavi\u010dy, Brest region, for participating in 2020\",\"breadcrumb\":{\"@id\":\"https:\/\/pozirk.online\/en\/news\/97170\/#breadcrumb\"},\"inLanguage\":\"en-US\",\"potentialAction\":[{\"@type\":\"ReadAction\",\"target\":[\"https:\/\/pozirk.online\/en\/news\/97170\/\"]}]},{\"@type\":\"ImageObject\",\"inLanguage\":\"en-US\",\"@id\":\"https:\/\/pozirk.online\/en\/news\/97170\/#primaryimage\",\"url\":\"https:\/\/pozirk.online\/wp-content\/uploads\/2024\/01\/pozirk_color_blank_1128x752.jpg\",\"contentUrl\":\"https:\/\/pozirk.online\/wp-content\/uploads\/2024\/01\/pozirk_color_blank_1128x752.jpg\",\"width\":1128,\"height\":752},{\"@type\":\"BreadcrumbList\",\"@id\":\"https:\/\/pozirk.online\/en\/news\/97170\/#breadcrumb\",\"itemListElement\":[{\"@type\":\"ListItem\",\"position\":1,\"name\":\"Home\",\"item\":\"https:\/\/pozirk.online\/en\/\"},{\"@type\":\"ListItem\",\"position\":2,\"name\":\"Reprisals keep targeting 2020 protesters\"}]},{\"@type\":\"WebSite\",\"@id\":\"https:\/\/pozirk.online\/en\/#website\",\"url\":\"https:\/\/pozirk.online\/en\/\",\"name\":\"Pozirk\",\"description\":\"\",\"publisher\":{\"@id\":\"https:\/\/pozirk.online\/en\/#organization\"},\"potentialAction\":[{\"@type\":\"SearchAction\",\"target\":{\"@type\":\"EntryPoint\",\"urlTemplate\":\"https:\/\/pozirk.online\/en\/?s={search_term_string}\"},\"query-input\":{\"@type\":\"PropertyValueSpecification\",\"valueRequired\":true,\"valueName\":\"search_term_string\"}}],\"inLanguage\":\"en-US\"},{\"@type\":\"Organization\",\"@id\":\"https:\/\/pozirk.online\/en\/#organization\",\"name\":\"Pozirk\",\"url\":\"https:\/\/pozirk.online\/en\/\",\"logo\":{\"@type\":\"ImageObject\",\"inLanguage\":\"en-US\",\"@id\":\"https:\/\/pozirk.online\/en\/#\/schema\/logo\/image\/\",\"url\":\"https:\/\/pozirk.online\/wp-content\/uploads\/2023\/11\/cropped-Logo_color_512.png\",\"contentUrl\":\"https:\/\/pozirk.online\/wp-content\/uploads\/2023\/11\/cropped-Logo_color_512.png\",\"width\":512,\"height\":512,\"caption\":\"Pozirk\"},\"image\":{\"@id\":\"https:\/\/pozirk.online\/en\/#\/schema\/logo\/image\/\"},\"sameAs\":[\"https:\/\/www.facebook.com\/pozirkonline\/\",\"https:\/\/x.com\/Pozirk_online\"]}]}<\/script>\n<!-- \/ Yoast SEO plugin. -->","yoast_head_json":{"title":"Reprisals keep targeting 2020 protesters | Pozirk","description":"July 24, Pozirk. Maksim Hroma\u016d, Alaksiej Pa\u0161kievi\u010d, Alina Siviec and two others were arrested in Baranavi\u010dy, Brest region, for participating in 2020","robots":{"index":"index","follow":"follow","max-snippet":"max-snippet:-1","max-image-preview":"max-image-preview:large","max-video-preview":"max-video-preview:-1"},"canonical":"https:\/\/pozirk.online\/en\/news\/97170\/","og_locale":"en_US","og_type":"article","og_title":"Reprisals keep targeting 2020 protesters | Pozirk","og_description":"July 24, Pozirk. Maksim Hroma\u016d, Alaksiej Pa\u0161kievi\u010d, Alina Siviec and two others were arrested in Baranavi\u010dy, Brest region, for participating in 2020","og_url":"https:\/\/pozirk.online\/en\/news\/97170\/","og_site_name":"Pozirk","article_publisher":"https:\/\/www.facebook.com\/pozirkonline\/","article_modified_time":"2026-03-10T12:05:06+00:00","og_image":[{"width":1128,"height":752,"url":"https:\/\/pozirk.online\/wp-content\/uploads\/2024\/01\/pozirk_color_blank_1128x752.jpg","type":"image\/jpeg"}],"twitter_card":"summary_large_image","twitter_site":"@Pozirk_online","twitter_misc":{"Est. reading time":"2 minutes"},"schema":{"@context":"https:\/\/schema.org","@graph":[{"@type":"NewsArticle","@id":"https:\/\/pozirk.online\/en\/news\/97170\/#article","isPartOf":{"@id":"https:\/\/pozirk.online\/en\/news\/97170\/"},"headline":"Reprisals keep targeting 2020 protesters","datePublished":"2024-07-24T08:09:12+00:00","dateModified":"2026-03-10T12:05:06+00:00","mainEntityOfPage":{"@id":"https:\/\/pozirk.online\/en\/news\/97170\/"},"wordCount":323,"publisher":{"@id":"https:\/\/pozirk.online\/en\/#organization"},"image":{"@id":"https:\/\/pozirk.online\/en\/news\/97170\/#primaryimage"},"thumbnailUrl":"https:\/\/pozirk.online\/wp-content\/uploads\/2024\/01\/pozirk_color_blank_1128x752.jpg","inLanguage":"en-US"},{"@type":"WebPage","@id":"https:\/\/pozirk.online\/en\/news\/97170\/","url":"https:\/\/pozirk.online\/en\/news\/97170\/","name":"Reprisals keep targeting 2020 protesters | Pozirk","isPartOf":{"@id":"https:\/\/pozirk.online\/en\/#website"},"primaryImageOfPage":{"@id":"https:\/\/pozirk.online\/en\/news\/97170\/#primaryimage"},"image":{"@id":"https:\/\/pozirk.online\/en\/news\/97170\/#primaryimage"},"thumbnailUrl":"https:\/\/pozirk.online\/wp-content\/uploads\/2024\/01\/pozirk_color_blank_1128x752.jpg","datePublished":"2024-07-24T08:09:12+00:00","dateModified":"2026-03-10T12:05:06+00:00","description":"July 24, Pozirk. Maksim Hroma\u016d, Alaksiej Pa\u0161kievi\u010d, Alina Siviec and two others were arrested in Baranavi\u010dy, Brest region, for participating in 2020","breadcrumb":{"@id":"https:\/\/pozirk.online\/en\/news\/97170\/#breadcrumb"},"inLanguage":"en-US","potentialAction":[{"@type":"ReadAction","target":["https:\/\/pozirk.online\/en\/news\/97170\/"]}]},{"@type":"ImageObject","inLanguage":"en-US","@id":"https:\/\/pozirk.online\/en\/news\/97170\/#primaryimage","url":"https:\/\/pozirk.online\/wp-content\/uploads\/2024\/01\/pozirk_color_blank_1128x752.jpg","contentUrl":"https:\/\/pozirk.online\/wp-content\/uploads\/2024\/01\/pozirk_color_blank_1128x752.jpg","width":1128,"height":752},{"@type":"BreadcrumbList","@id":"https:\/\/pozirk.online\/en\/news\/97170\/#breadcrumb","itemListElement":[{"@type":"ListItem","position":1,"name":"Home","item":"https:\/\/pozirk.online\/en\/"},{"@type":"ListItem","position":2,"name":"Reprisals keep targeting 2020 protesters"}]},{"@type":"WebSite","@id":"https:\/\/pozirk.online\/en\/#website","url":"https:\/\/pozirk.online\/en\/","name":"Pozirk","description":"","publisher":{"@id":"https:\/\/pozirk.online\/en\/#organization"},"potentialAction":[{"@type":"SearchAction","target":{"@type":"EntryPoint","urlTemplate":"https:\/\/pozirk.online\/en\/?s={search_term_string}"},"query-input":{"@type":"PropertyValueSpecification","valueRequired":true,"valueName":"search_term_string"}}],"inLanguage":"en-US"},{"@type":"Organization","@id":"https:\/\/pozirk.online\/en\/#organization","name":"Pozirk","url":"https:\/\/pozirk.online\/en\/","logo":{"@type":"ImageObject","inLanguage":"en-US","@id":"https:\/\/pozirk.online\/en\/#\/schema\/logo\/image\/","url":"https:\/\/pozirk.online\/wp-content\/uploads\/2023\/11\/cropped-Logo_color_512.png","contentUrl":"https:\/\/pozirk.online\/wp-content\/uploads\/2023\/11\/cropped-Logo_color_512.png","width":512,"height":512,"caption":"Pozirk"},"image":{"@id":"https:\/\/pozirk.online\/en\/#\/schema\/logo\/image\/"},"sameAs":["https:\/\/www.facebook.com\/pozirkonline\/","https:\/\/x.com\/Pozirk_online"]}]}},"_links":{"self":[{"href":"https:\/\/pozirk.online\/en\/wp-json\/wp\/v2\/articles\/97170","targetHints":{"allow":["GET"]}}],"collection":[{"href":"https:\/\/pozirk.online\/en\/wp-json\/wp\/v2\/articles"}],"about":[{"href":"https:\/\/pozirk.online\/en\/wp-json\/wp\/v2\/types\/articles"}],"author":[{"embeddable":true,"href":"https:\/\/pozirk.online\/en\/wp-json\/wp\/v2\/users\/84"}],"wp:featuredmedia":[{"embeddable":true,"href":"https:\/\/pozirk.online\/en\/wp-json\/wp\/v2\/media\/63993"}],"wp:attachment":[{"href":"https:\/\/pozirk.online\/en\/wp-json\/wp\/v2\/media?parent=97170"}],"wp:term":[{"taxonomy":"rubric","embeddable":true,"href":"https:\/\/pozirk.online\/en\/wp-json\/wp\/v2\/rubric?post=97170"}],"curies":[{"name":"wp","href":"https:\/\/api.w.org\/{rel}","templated":true}]}}