{"id":96411,"date":"2024-07-19T11:14:15","date_gmt":"2024-07-19T08:14:15","guid":{"rendered":"https:\/\/pozirk.online\/en\/news\/96411\/"},"modified":"2026-03-10T12:05:06","modified_gmt":"2026-03-10T12:05:06","slug":"reprisals-target-2020-protesters-exiled-activists-support-networks","status":"publish","type":"articles","link":"https:\/\/pozirk.online\/en\/news\/96411\/","title":{"rendered":"Reprisals target 2020 protesters, exiled activists, support networks"},"content":{"rendered":"\n<p><strong>July 19,<em> Pozirk.<\/em><\/strong> New instances of politically-motivated persecution were documented in Belarus on July 18 as pro-government sources reported more arrests of 2020 protesters: a Minsk woman, presumably Darja \u015aciebunova, and Brest businessman Ja\u016dhien By\u010dko. The latter was arrested during a road police check on the M1 highway, <em>Mediazona<\/em> said.<\/p>\n\n\n\n<p>Criminal proceedings<\/p>\n\n\n\n<p>The Investigative Committee said it forwarded a case against the Imaguru innovation company to a prosecutor for referral to court. Charges against exiled Ta\u0107ciana Maryni\u010d, head of the startup hub, and her associate Anastasija Chamiankova range from inciting hatred and calling for sanctions to association with an extremist group and plotting to seize state power. Investigators confirmed that an unnamed former Imaguru executive is in custody.<\/p>\n\n\n\n<p>Next week, Ludmi\u0142a Dejneka, a court consultant from Minsk, will go on trial on charges of inciting hatred in connection with politically-sensitive social media posts, <em>Na\u0161a Niva<\/em> said.<\/p>\n\n\n\n<p>Businessman U\u0142adzimir Zachara\u016d from Po\u0142ack, Viciebsk region, is accused of tax evasion and discrediting the state, the electronic court schedule says.&nbsp;Two months ago, the man posted a video address to Alaksandar \u0141uka\u0161enka denying his guilt.<\/p>\n\n\n\n<p>Later this month, a judge in Minsk will open proceedings against Viktar \u010cajka, a suspected administrator of Belarusian community chat in Sri Lanka who faces protest-related charges, the Viasna Human Rights Center reported.<\/p>\n\n\n\n<p>U\u0142adzimir Bas\u0142yk, jailed on charges widely seen as politically motivated, will go on a new trial for allegedly insulting and slandering \u0141uka\u0161enka, Viasna noted. Authorities also blacklisted the man as a terrorist.<\/p>\n\n\n\n<p>Other cases<\/p>\n\n\n\n<p>Palina \u0160arenda-Panasiuk was diagnosed with chronic pancreatitis, her husband Andrej \u0160arenda said on Facebook. Her family and Belarusian opposition leader \u015aviat\u0142ana Cichano\u016dskaja said they fear for her life.<\/p>\n\n\n\n<p>The Mahilo\u016d region\u2019s prosecutor ruled to restrict access in Belarus to <em>apbel.com<\/em>, representing an initiative by former Belarusian political prisoners, the prosecutor\u2019s press office reported, citing violations of the media law.<\/p>\n\n\n\n<p>As of July 19, human rights defenders identified at least 1,387 political prisoners but the real number is considerably higher because many cases go undocumented. Opposition sources estimate the number of political prisoners at around 5,000.<\/p>\n\n\n\n<div class=\"insert-block\">\n\n    <div class=\"insert-block__img\">\n        <img decoding=\"async\" width=\"354\" height=\"236\" src=\"https:\/\/pozirk.online\/wp-content\/uploads\/2024\/07\/bialiatski_amnesty_iInternational-1-354x236.jpg\" class=\"attachment-medium size-medium\" alt=\"\" srcset=\"https:\/\/pozirk.online\/wp-content\/uploads\/2024\/07\/bialiatski_amnesty_iInternational-1-354x236.jpg 354w, https:\/\/pozirk.online\/wp-content\/uploads\/2024\/07\/bialiatski_amnesty_iInternational-1-734x490.jpg 734w, https:\/\/pozirk.online\/wp-content\/uploads\/2024\/07\/bialiatski_amnesty_iInternational-1-178x118.jpg 178w, https:\/\/pozirk.online\/wp-content\/uploads\/2024\/07\/bialiatski_amnesty_iInternational-1-768x512.jpg 768w, https:\/\/pozirk.online\/wp-content\/uploads\/2024\/07\/bialiatski_amnesty_iInternational-1.jpg 1050w\" sizes=\"(max-width: 354px) 100vw, 354px\" \/>                        <label class=\"insert-block__tag--mobile\"> Politics<\/label>\n\n                <\/div>\n    <div class=\"insert-block__text\">\n                    <label class=\"insert-block__tag\">Politics<\/label>\n                <h3 class=\"insert-block__title\">Viasna, Observatory for Protection of Human Rights Defenders demand colleagues release<\/h3>\n        <div class=\"insert-block__descr\">July 19, Pozirk. The Viasna Human Rights Center and the Observatory for the Protection of Human Rights Defenders (L&#039;Observatoire) have issued a joint statement calling for the immediate and unconditional release of imprisoned human rights activists. The statement said that &#8230;<\/div>\n        <a class=\"insert-block__btn-block\" href=\"\/en\/news\/96356\">\n            <button class=\"btn\">\n                <div class='btn__text'>Read the article<\/div>\n            <\/button>\n        <\/a>\n    <\/div>\n<\/div>","protected":false},"excerpt":{"rendered":"<p>July 19, Pozirk. New instances of politically-motivated persecution were documented in Belarus on July 18 as pro-government sources reported more arrests of 2020 protesters: a Minsk woman, presumably Darja \u015aciebunova, and Brest businessman Ja\u016dhien By\u010dko. The latter was arrested during a road police check on the M1 highway, Mediazona said. Criminal proceedings The Investigative Committee [&hellip;]<\/p>\n","protected":false},"author":84,"featured_media":63993,"template":"","rubric":[16,15],"class_list":["post-96411","articles","type-articles","status-publish","has-post-thumbnail","hentry","rubric-politics","rubric-society"],"acf":[],"yoast_head":"<!-- This site is optimized with the Yoast SEO plugin v25.5 - https:\/\/yoast.com\/wordpress\/plugins\/seo\/ -->\n<title>Reprisals target 2020 protesters, exiled activists, support networks | Pozirk<\/title>\n<meta name=\"description\" content=\"July 19, Pozirk. New instances of politically-motivated persecution were documented in Belarus on July 18 as pro-government sources reported more arrests\" \/>\n<meta name=\"robots\" content=\"index, follow, max-snippet:-1, max-image-preview:large, max-video-preview:-1\" \/>\n<link rel=\"canonical\" href=\"https:\/\/pozirk.online\/en\/news\/96411\/\" \/>\n<meta property=\"og:locale\" content=\"en_US\" \/>\n<meta property=\"og:type\" content=\"article\" \/>\n<meta property=\"og:title\" content=\"Reprisals target 2020 protesters, exiled activists, support networks | Pozirk\" \/>\n<meta property=\"og:description\" content=\"July 19, Pozirk. New instances of politically-motivated persecution were documented in Belarus on July 18 as pro-government sources reported more arrests\" \/>\n<meta property=\"og:url\" content=\"https:\/\/pozirk.online\/en\/news\/96411\/\" \/>\n<meta property=\"og:site_name\" content=\"Pozirk\" \/>\n<meta property=\"article:publisher\" content=\"https:\/\/www.facebook.com\/pozirkonline\/\" \/>\n<meta property=\"article:modified_time\" content=\"2026-03-10T12:05:06+00:00\" \/>\n<meta property=\"og:image\" content=\"https:\/\/pozirk.online\/wp-content\/uploads\/2024\/01\/pozirk_color_blank_1128x752.jpg\" \/>\n\t<meta property=\"og:image:width\" content=\"1128\" \/>\n\t<meta property=\"og:image:height\" content=\"752\" \/>\n\t<meta property=\"og:image:type\" content=\"image\/jpeg\" \/>\n<meta name=\"twitter:card\" content=\"summary_large_image\" \/>\n<meta name=\"twitter:site\" content=\"@Pozirk_online\" \/>\n<meta name=\"twitter:label1\" content=\"Est. reading time\" \/>\n\t<meta name=\"twitter:data1\" content=\"3 minutes\" \/>\n<script type=\"application\/ld+json\" class=\"yoast-schema-graph\">{\"@context\":\"https:\/\/schema.org\",\"@graph\":[{\"@type\":\"NewsArticle\",\"@id\":\"https:\/\/pozirk.online\/en\/news\/96411\/#article\",\"isPartOf\":{\"@id\":\"https:\/\/pozirk.online\/en\/news\/96411\/\"},\"headline\":\"Reprisals target 2020 protesters, exiled activists, support networks\",\"datePublished\":\"2024-07-19T08:14:15+00:00\",\"dateModified\":\"2026-03-10T12:05:06+00:00\",\"mainEntityOfPage\":{\"@id\":\"https:\/\/pozirk.online\/en\/news\/96411\/\"},\"wordCount\":362,\"publisher\":{\"@id\":\"https:\/\/pozirk.online\/en\/#organization\"},\"image\":{\"@id\":\"https:\/\/pozirk.online\/en\/news\/96411\/#primaryimage\"},\"thumbnailUrl\":\"https:\/\/pozirk.online\/wp-content\/uploads\/2024\/01\/pozirk_color_blank_1128x752.jpg\",\"inLanguage\":\"en-US\"},{\"@type\":\"WebPage\",\"@id\":\"https:\/\/pozirk.online\/en\/news\/96411\/\",\"url\":\"https:\/\/pozirk.online\/en\/news\/96411\/\",\"name\":\"Reprisals target 2020 protesters, exiled activists, support networks | Pozirk\",\"isPartOf\":{\"@id\":\"https:\/\/pozirk.online\/en\/#website\"},\"primaryImageOfPage\":{\"@id\":\"https:\/\/pozirk.online\/en\/news\/96411\/#primaryimage\"},\"image\":{\"@id\":\"https:\/\/pozirk.online\/en\/news\/96411\/#primaryimage\"},\"thumbnailUrl\":\"https:\/\/pozirk.online\/wp-content\/uploads\/2024\/01\/pozirk_color_blank_1128x752.jpg\",\"datePublished\":\"2024-07-19T08:14:15+00:00\",\"dateModified\":\"2026-03-10T12:05:06+00:00\",\"description\":\"July 19, Pozirk. New instances of politically-motivated persecution were documented in Belarus on July 18 as pro-government sources reported more arrests\",\"breadcrumb\":{\"@id\":\"https:\/\/pozirk.online\/en\/news\/96411\/#breadcrumb\"},\"inLanguage\":\"en-US\",\"potentialAction\":[{\"@type\":\"ReadAction\",\"target\":[\"https:\/\/pozirk.online\/en\/news\/96411\/\"]}]},{\"@type\":\"ImageObject\",\"inLanguage\":\"en-US\",\"@id\":\"https:\/\/pozirk.online\/en\/news\/96411\/#primaryimage\",\"url\":\"https:\/\/pozirk.online\/wp-content\/uploads\/2024\/01\/pozirk_color_blank_1128x752.jpg\",\"contentUrl\":\"https:\/\/pozirk.online\/wp-content\/uploads\/2024\/01\/pozirk_color_blank_1128x752.jpg\",\"width\":1128,\"height\":752},{\"@type\":\"BreadcrumbList\",\"@id\":\"https:\/\/pozirk.online\/en\/news\/96411\/#breadcrumb\",\"itemListElement\":[{\"@type\":\"ListItem\",\"position\":1,\"name\":\"Home\",\"item\":\"https:\/\/pozirk.online\/en\/\"},{\"@type\":\"ListItem\",\"position\":2,\"name\":\"Reprisals target 2020 protesters, exiled activists, support networks\"}]},{\"@type\":\"WebSite\",\"@id\":\"https:\/\/pozirk.online\/en\/#website\",\"url\":\"https:\/\/pozirk.online\/en\/\",\"name\":\"Pozirk\",\"description\":\"\",\"publisher\":{\"@id\":\"https:\/\/pozirk.online\/en\/#organization\"},\"potentialAction\":[{\"@type\":\"SearchAction\",\"target\":{\"@type\":\"EntryPoint\",\"urlTemplate\":\"https:\/\/pozirk.online\/en\/?s={search_term_string}\"},\"query-input\":{\"@type\":\"PropertyValueSpecification\",\"valueRequired\":true,\"valueName\":\"search_term_string\"}}],\"inLanguage\":\"en-US\"},{\"@type\":\"Organization\",\"@id\":\"https:\/\/pozirk.online\/en\/#organization\",\"name\":\"Pozirk\",\"url\":\"https:\/\/pozirk.online\/en\/\",\"logo\":{\"@type\":\"ImageObject\",\"inLanguage\":\"en-US\",\"@id\":\"https:\/\/pozirk.online\/en\/#\/schema\/logo\/image\/\",\"url\":\"https:\/\/pozirk.online\/wp-content\/uploads\/2023\/11\/cropped-Logo_color_512.png\",\"contentUrl\":\"https:\/\/pozirk.online\/wp-content\/uploads\/2023\/11\/cropped-Logo_color_512.png\",\"width\":512,\"height\":512,\"caption\":\"Pozirk\"},\"image\":{\"@id\":\"https:\/\/pozirk.online\/en\/#\/schema\/logo\/image\/\"},\"sameAs\":[\"https:\/\/www.facebook.com\/pozirkonline\/\",\"https:\/\/x.com\/Pozirk_online\"]}]}<\/script>\n<!-- \/ Yoast SEO plugin. -->","yoast_head_json":{"title":"Reprisals target 2020 protesters, exiled activists, support networks | Pozirk","description":"July 19, Pozirk. New instances of politically-motivated persecution were documented in Belarus on July 18 as pro-government sources reported more arrests","robots":{"index":"index","follow":"follow","max-snippet":"max-snippet:-1","max-image-preview":"max-image-preview:large","max-video-preview":"max-video-preview:-1"},"canonical":"https:\/\/pozirk.online\/en\/news\/96411\/","og_locale":"en_US","og_type":"article","og_title":"Reprisals target 2020 protesters, exiled activists, support networks | Pozirk","og_description":"July 19, Pozirk. New instances of politically-motivated persecution were documented in Belarus on July 18 as pro-government sources reported more arrests","og_url":"https:\/\/pozirk.online\/en\/news\/96411\/","og_site_name":"Pozirk","article_publisher":"https:\/\/www.facebook.com\/pozirkonline\/","article_modified_time":"2026-03-10T12:05:06+00:00","og_image":[{"width":1128,"height":752,"url":"https:\/\/pozirk.online\/wp-content\/uploads\/2024\/01\/pozirk_color_blank_1128x752.jpg","type":"image\/jpeg"}],"twitter_card":"summary_large_image","twitter_site":"@Pozirk_online","twitter_misc":{"Est. reading time":"3 minutes"},"schema":{"@context":"https:\/\/schema.org","@graph":[{"@type":"NewsArticle","@id":"https:\/\/pozirk.online\/en\/news\/96411\/#article","isPartOf":{"@id":"https:\/\/pozirk.online\/en\/news\/96411\/"},"headline":"Reprisals target 2020 protesters, exiled activists, support networks","datePublished":"2024-07-19T08:14:15+00:00","dateModified":"2026-03-10T12:05:06+00:00","mainEntityOfPage":{"@id":"https:\/\/pozirk.online\/en\/news\/96411\/"},"wordCount":362,"publisher":{"@id":"https:\/\/pozirk.online\/en\/#organization"},"image":{"@id":"https:\/\/pozirk.online\/en\/news\/96411\/#primaryimage"},"thumbnailUrl":"https:\/\/pozirk.online\/wp-content\/uploads\/2024\/01\/pozirk_color_blank_1128x752.jpg","inLanguage":"en-US"},{"@type":"WebPage","@id":"https:\/\/pozirk.online\/en\/news\/96411\/","url":"https:\/\/pozirk.online\/en\/news\/96411\/","name":"Reprisals target 2020 protesters, exiled activists, support networks | Pozirk","isPartOf":{"@id":"https:\/\/pozirk.online\/en\/#website"},"primaryImageOfPage":{"@id":"https:\/\/pozirk.online\/en\/news\/96411\/#primaryimage"},"image":{"@id":"https:\/\/pozirk.online\/en\/news\/96411\/#primaryimage"},"thumbnailUrl":"https:\/\/pozirk.online\/wp-content\/uploads\/2024\/01\/pozirk_color_blank_1128x752.jpg","datePublished":"2024-07-19T08:14:15+00:00","dateModified":"2026-03-10T12:05:06+00:00","description":"July 19, Pozirk. New instances of politically-motivated persecution were documented in Belarus on July 18 as pro-government sources reported more arrests","breadcrumb":{"@id":"https:\/\/pozirk.online\/en\/news\/96411\/#breadcrumb"},"inLanguage":"en-US","potentialAction":[{"@type":"ReadAction","target":["https:\/\/pozirk.online\/en\/news\/96411\/"]}]},{"@type":"ImageObject","inLanguage":"en-US","@id":"https:\/\/pozirk.online\/en\/news\/96411\/#primaryimage","url":"https:\/\/pozirk.online\/wp-content\/uploads\/2024\/01\/pozirk_color_blank_1128x752.jpg","contentUrl":"https:\/\/pozirk.online\/wp-content\/uploads\/2024\/01\/pozirk_color_blank_1128x752.jpg","width":1128,"height":752},{"@type":"BreadcrumbList","@id":"https:\/\/pozirk.online\/en\/news\/96411\/#breadcrumb","itemListElement":[{"@type":"ListItem","position":1,"name":"Home","item":"https:\/\/pozirk.online\/en\/"},{"@type":"ListItem","position":2,"name":"Reprisals target 2020 protesters, exiled activists, support networks"}]},{"@type":"WebSite","@id":"https:\/\/pozirk.online\/en\/#website","url":"https:\/\/pozirk.online\/en\/","name":"Pozirk","description":"","publisher":{"@id":"https:\/\/pozirk.online\/en\/#organization"},"potentialAction":[{"@type":"SearchAction","target":{"@type":"EntryPoint","urlTemplate":"https:\/\/pozirk.online\/en\/?s={search_term_string}"},"query-input":{"@type":"PropertyValueSpecification","valueRequired":true,"valueName":"search_term_string"}}],"inLanguage":"en-US"},{"@type":"Organization","@id":"https:\/\/pozirk.online\/en\/#organization","name":"Pozirk","url":"https:\/\/pozirk.online\/en\/","logo":{"@type":"ImageObject","inLanguage":"en-US","@id":"https:\/\/pozirk.online\/en\/#\/schema\/logo\/image\/","url":"https:\/\/pozirk.online\/wp-content\/uploads\/2023\/11\/cropped-Logo_color_512.png","contentUrl":"https:\/\/pozirk.online\/wp-content\/uploads\/2023\/11\/cropped-Logo_color_512.png","width":512,"height":512,"caption":"Pozirk"},"image":{"@id":"https:\/\/pozirk.online\/en\/#\/schema\/logo\/image\/"},"sameAs":["https:\/\/www.facebook.com\/pozirkonline\/","https:\/\/x.com\/Pozirk_online"]}]}},"_links":{"self":[{"href":"https:\/\/pozirk.online\/en\/wp-json\/wp\/v2\/articles\/96411","targetHints":{"allow":["GET"]}}],"collection":[{"href":"https:\/\/pozirk.online\/en\/wp-json\/wp\/v2\/articles"}],"about":[{"href":"https:\/\/pozirk.online\/en\/wp-json\/wp\/v2\/types\/articles"}],"author":[{"embeddable":true,"href":"https:\/\/pozirk.online\/en\/wp-json\/wp\/v2\/users\/84"}],"wp:featuredmedia":[{"embeddable":true,"href":"https:\/\/pozirk.online\/en\/wp-json\/wp\/v2\/media\/63993"}],"wp:attachment":[{"href":"https:\/\/pozirk.online\/en\/wp-json\/wp\/v2\/media?parent=96411"}],"wp:term":[{"taxonomy":"rubric","embeddable":true,"href":"https:\/\/pozirk.online\/en\/wp-json\/wp\/v2\/rubric?post=96411"}],"curies":[{"name":"wp","href":"https:\/\/api.w.org\/{rel}","templated":true}]}}