{"id":91270,"date":"2024-06-18T11:22:13","date_gmt":"2024-06-18T08:22:13","guid":{"rendered":"https:\/\/pozirk.online\/en\/news\/91270\/"},"modified":"2026-03-10T12:05:06","modified_gmt":"2026-03-10T12:05:06","slug":"update-on-arrests-trials-politically-motivated-persecution-178","status":"publish","type":"articles","link":"https:\/\/pozirk.online\/en\/news\/91270\/","title":{"rendered":"Update on arrests, trials, politically-motivated persecution"},"content":{"rendered":"\n<p><strong>June 18, <em>Pozirk<\/em>.<\/strong> Among the new instances of politically-motivated persecution documented in Belarus from June 15 to 17, rights groups pointed out the persecution of people for refusing to let law enforcers enter their homes.<\/p>\n\n\n\n<p>At least two Minsk residents have been recently given two-week jail terms, the Viasna Human Rights Center reported, noting that authorities filed charges of petty hooliganism or disobeying police orders in dozens of similar incidents.<\/p>\n\n\n\n<p>Arrests and trials<\/p>\n\n\n\n<p>Pro-government sources reported the arrests of a man from Lepiel, Viciebsk region, and a man known as Kiry\u0142 \u010caladzinski on social media for alleged participation in 2020 postelection protests.<\/p>\n\n\n\n<p>Ivan Caryk was presumably arrested for sharing personal data of a Minsk judge with an opposition online initiative, <em>Mediazona<\/em> reported.<\/p>\n\n\n\n<p>Police also arrested five employees of the HAVER BY wire weaving factory in Lida, Hrodna region, without disclosing the reasons, a pro-government source said.<\/p>\n\n\n\n<p>A judge in Homiel sentenced Leanid Sudalenka, a prominent exiled Belarusian human rights defender, to five years in prison without the defendant being present at the trial, Viasna said. He was also ordered to pay a fine of 26,000 rubels (about $7,900). Authorities accused Sudalenka of facilitating extremism in connection with his work for Viasna, designated as an extremist group in Belarus.<\/p>\n\n\n\n<p>&#8220;Extremist&#8221; list update<\/p>\n\n\n\n<p>Authorities branded <em>PETLYARIS<\/em> Telegram channel, <em>Prostymi S\u0142ovami <\/em>YouTube channel as well as <em>NARODNYREPORTER<\/em> and <em>SIARHEI PIATRUKHIN<\/em> on TikTok as extremist content, Viasna said.<\/p>\n\n\n\n<p>Other cases<\/p>\n\n\n\n<p>Prison authorities at Penal Colony No 15 in Mahilo\u016d transferred human rights defender Valancin Stefanovi\u010d to the internal prison for six months, <em>Radyjo Svaboda<\/em> reported. He is serving a nine-year prison term in a politically-motivated case.<\/p>\n\n\n\n<p>Propaganda worker Ihar Tur announced on the <em>ONT<\/em> TV channel that authorities may seize property from as many as 1,000 exiled Belarusians.<\/p>\n\n\n\n<p>Rights groups declared Via\u010das\u0142a\u016d Niehadzienka, Alaksandar Ijoda, Jazep Duleba, Anatol Va\u0142ad\u017ako and Aksana \u0141apko political prisoners. Authorities persecuted them for alleged links with opposition groups.<\/p>\n\n\n\n<p>As of June 18, human rights defenders identified at least 1,398 political prisoners but the real number is considerably higher because many cases go undocumented. Opposition sources estimate the number of political prisoners at around 5,000.<\/p>\n\n\n\n<div class=\"insert-block\">\n\n    <div class=\"insert-block__img\">\n        <img decoding=\"async\" width=\"354\" height=\"236\" src=\"https:\/\/pozirk.online\/wp-content\/uploads\/2024\/06\/jvB-3IRRLAk-354x236.jpg\" class=\"attachment-medium size-medium\" alt=\"\" srcset=\"https:\/\/pozirk.online\/wp-content\/uploads\/2024\/06\/jvB-3IRRLAk-354x236.jpg 354w, https:\/\/pozirk.online\/wp-content\/uploads\/2024\/06\/jvB-3IRRLAk-734x490.jpg 734w, https:\/\/pozirk.online\/wp-content\/uploads\/2024\/06\/jvB-3IRRLAk-178x118.jpg 178w, https:\/\/pozirk.online\/wp-content\/uploads\/2024\/06\/jvB-3IRRLAk-768x512.jpg 768w, https:\/\/pozirk.online\/wp-content\/uploads\/2024\/06\/jvB-3IRRLAk.jpg 1080w\" sizes=\"(max-width: 354px) 100vw, 354px\" \/>                        <label class=\"insert-block__tag--mobile\"> \u041e\u0431\u0449\u0435\u0441\u0442\u0432\u043e<\/label>\n\n                <\/div>\n    <div class=\"insert-block__text\">\n                    <label class=\"insert-block__tag\">\u041e\u0431\u0449\u0435\u0441\u0442\u0432\u043e<\/label>\n                <h3 class=\"insert-block__title\">Authorities move to close more non-profits<\/h3>\n        <div class=\"insert-block__descr\">June 16, Pozirk. On June 26, the Minsk Regional Court will hear a lawsuit to close down the Boomerang of Good non-profit that assists orphans and families that raise children with disabilities or cancer, the electronic court schedule says. The &#8230;<\/div>\n        <a class=\"insert-block__btn-block\" href=\"\/en\/news\/91028\">\n            <button class=\"btn\">\n                <div class='btn__text'>Read the article<\/div>\n            <\/button>\n        <\/a>\n    <\/div>\n<\/div>","protected":false},"excerpt":{"rendered":"<p>June 18, Pozirk. Among the new instances of politically-motivated persecution documented in Belarus from June 15 to 17, rights groups pointed out the persecution of people for refusing to let law enforcers enter their homes. At least two Minsk residents have been recently given two-week jail terms, the Viasna Human Rights Center reported, noting that [&hellip;]<\/p>\n","protected":false},"author":84,"featured_media":63993,"template":"","rubric":[14,13],"class_list":["post-91270","articles","type-articles","status-publish","has-post-thumbnail","hentry","rubric-politics","rubric-society"],"acf":[],"yoast_head":"<!-- This site is optimized with the Yoast SEO plugin v25.5 - https:\/\/yoast.com\/wordpress\/plugins\/seo\/ -->\n<title>Update on arrests, trials, politically-motivated persecution | Pozirk<\/title>\n<meta name=\"description\" content=\"June 18, Pozirk. Among the new instances of politically-motivated persecution documented in Belarus from June 15 to 17, rights groups pointed out the\" \/>\n<meta name=\"robots\" content=\"index, follow, max-snippet:-1, max-image-preview:large, max-video-preview:-1\" \/>\n<link rel=\"canonical\" href=\"https:\/\/pozirk.online\/en\/news\/91270\/\" \/>\n<meta property=\"og:locale\" content=\"en_US\" \/>\n<meta property=\"og:type\" content=\"article\" \/>\n<meta property=\"og:title\" content=\"Update on arrests, trials, politically-motivated persecution | Pozirk\" \/>\n<meta property=\"og:description\" content=\"June 18, Pozirk. Among the new instances of politically-motivated persecution documented in Belarus from June 15 to 17, rights groups pointed out the\" \/>\n<meta property=\"og:url\" content=\"https:\/\/pozirk.online\/en\/news\/91270\/\" \/>\n<meta property=\"og:site_name\" content=\"Pozirk\" \/>\n<meta property=\"article:publisher\" content=\"https:\/\/www.facebook.com\/pozirkonline\/\" \/>\n<meta property=\"article:modified_time\" content=\"2026-03-10T12:05:06+00:00\" \/>\n<meta property=\"og:image\" content=\"https:\/\/pozirk.online\/wp-content\/uploads\/2024\/01\/pozirk_color_blank_1128x752.jpg\" \/>\n\t<meta property=\"og:image:width\" content=\"1128\" \/>\n\t<meta property=\"og:image:height\" content=\"752\" \/>\n\t<meta property=\"og:image:type\" content=\"image\/jpeg\" \/>\n<meta name=\"twitter:card\" content=\"summary_large_image\" \/>\n<meta name=\"twitter:site\" content=\"@Pozirk_online\" \/>\n<meta name=\"twitter:label1\" content=\"Est. reading time\" \/>\n\t<meta name=\"twitter:data1\" content=\"3 minutes\" \/>\n<script type=\"application\/ld+json\" class=\"yoast-schema-graph\">{\"@context\":\"https:\/\/schema.org\",\"@graph\":[{\"@type\":\"NewsArticle\",\"@id\":\"https:\/\/pozirk.online\/en\/news\/91270\/#article\",\"isPartOf\":{\"@id\":\"https:\/\/pozirk.online\/en\/news\/91270\/\"},\"headline\":\"Update on arrests, trials, politically-motivated persecution\",\"datePublished\":\"2024-06-18T08:22:13+00:00\",\"dateModified\":\"2026-03-10T12:05:06+00:00\",\"mainEntityOfPage\":{\"@id\":\"https:\/\/pozirk.online\/en\/news\/91270\/\"},\"wordCount\":355,\"publisher\":{\"@id\":\"https:\/\/pozirk.online\/en\/#organization\"},\"image\":{\"@id\":\"https:\/\/pozirk.online\/en\/news\/91270\/#primaryimage\"},\"thumbnailUrl\":\"https:\/\/pozirk.online\/wp-content\/uploads\/2024\/01\/pozirk_color_blank_1128x752.jpg\",\"inLanguage\":\"en-US\"},{\"@type\":\"WebPage\",\"@id\":\"https:\/\/pozirk.online\/en\/news\/91270\/\",\"url\":\"https:\/\/pozirk.online\/en\/news\/91270\/\",\"name\":\"Update on arrests, trials, politically-motivated persecution | Pozirk\",\"isPartOf\":{\"@id\":\"https:\/\/pozirk.online\/en\/#website\"},\"primaryImageOfPage\":{\"@id\":\"https:\/\/pozirk.online\/en\/news\/91270\/#primaryimage\"},\"image\":{\"@id\":\"https:\/\/pozirk.online\/en\/news\/91270\/#primaryimage\"},\"thumbnailUrl\":\"https:\/\/pozirk.online\/wp-content\/uploads\/2024\/01\/pozirk_color_blank_1128x752.jpg\",\"datePublished\":\"2024-06-18T08:22:13+00:00\",\"dateModified\":\"2026-03-10T12:05:06+00:00\",\"description\":\"June 18, Pozirk. Among the new instances of politically-motivated persecution documented in Belarus from June 15 to 17, rights groups pointed out the\",\"breadcrumb\":{\"@id\":\"https:\/\/pozirk.online\/en\/news\/91270\/#breadcrumb\"},\"inLanguage\":\"en-US\",\"potentialAction\":[{\"@type\":\"ReadAction\",\"target\":[\"https:\/\/pozirk.online\/en\/news\/91270\/\"]}]},{\"@type\":\"ImageObject\",\"inLanguage\":\"en-US\",\"@id\":\"https:\/\/pozirk.online\/en\/news\/91270\/#primaryimage\",\"url\":\"https:\/\/pozirk.online\/wp-content\/uploads\/2024\/01\/pozirk_color_blank_1128x752.jpg\",\"contentUrl\":\"https:\/\/pozirk.online\/wp-content\/uploads\/2024\/01\/pozirk_color_blank_1128x752.jpg\",\"width\":1128,\"height\":752},{\"@type\":\"BreadcrumbList\",\"@id\":\"https:\/\/pozirk.online\/en\/news\/91270\/#breadcrumb\",\"itemListElement\":[{\"@type\":\"ListItem\",\"position\":1,\"name\":\"Home\",\"item\":\"https:\/\/pozirk.online\/en\/\"},{\"@type\":\"ListItem\",\"position\":2,\"name\":\"Update on arrests, trials, politically-motivated persecution\"}]},{\"@type\":\"WebSite\",\"@id\":\"https:\/\/pozirk.online\/en\/#website\",\"url\":\"https:\/\/pozirk.online\/en\/\",\"name\":\"Pozirk\",\"description\":\"\",\"publisher\":{\"@id\":\"https:\/\/pozirk.online\/en\/#organization\"},\"potentialAction\":[{\"@type\":\"SearchAction\",\"target\":{\"@type\":\"EntryPoint\",\"urlTemplate\":\"https:\/\/pozirk.online\/en\/?s={search_term_string}\"},\"query-input\":{\"@type\":\"PropertyValueSpecification\",\"valueRequired\":true,\"valueName\":\"search_term_string\"}}],\"inLanguage\":\"en-US\"},{\"@type\":\"Organization\",\"@id\":\"https:\/\/pozirk.online\/en\/#organization\",\"name\":\"Pozirk\",\"url\":\"https:\/\/pozirk.online\/en\/\",\"logo\":{\"@type\":\"ImageObject\",\"inLanguage\":\"en-US\",\"@id\":\"https:\/\/pozirk.online\/en\/#\/schema\/logo\/image\/\",\"url\":\"https:\/\/pozirk.online\/wp-content\/uploads\/2023\/11\/cropped-Logo_color_512.png\",\"contentUrl\":\"https:\/\/pozirk.online\/wp-content\/uploads\/2023\/11\/cropped-Logo_color_512.png\",\"width\":512,\"height\":512,\"caption\":\"Pozirk\"},\"image\":{\"@id\":\"https:\/\/pozirk.online\/en\/#\/schema\/logo\/image\/\"},\"sameAs\":[\"https:\/\/www.facebook.com\/pozirkonline\/\",\"https:\/\/x.com\/Pozirk_online\"]}]}<\/script>\n<!-- \/ Yoast SEO plugin. -->","yoast_head_json":{"title":"Update on arrests, trials, politically-motivated persecution | Pozirk","description":"June 18, Pozirk. Among the new instances of politically-motivated persecution documented in Belarus from June 15 to 17, rights groups pointed out the","robots":{"index":"index","follow":"follow","max-snippet":"max-snippet:-1","max-image-preview":"max-image-preview:large","max-video-preview":"max-video-preview:-1"},"canonical":"https:\/\/pozirk.online\/en\/news\/91270\/","og_locale":"en_US","og_type":"article","og_title":"Update on arrests, trials, politically-motivated persecution | Pozirk","og_description":"June 18, Pozirk. Among the new instances of politically-motivated persecution documented in Belarus from June 15 to 17, rights groups pointed out the","og_url":"https:\/\/pozirk.online\/en\/news\/91270\/","og_site_name":"Pozirk","article_publisher":"https:\/\/www.facebook.com\/pozirkonline\/","article_modified_time":"2026-03-10T12:05:06+00:00","og_image":[{"width":1128,"height":752,"url":"https:\/\/pozirk.online\/wp-content\/uploads\/2024\/01\/pozirk_color_blank_1128x752.jpg","type":"image\/jpeg"}],"twitter_card":"summary_large_image","twitter_site":"@Pozirk_online","twitter_misc":{"Est. reading time":"3 minutes"},"schema":{"@context":"https:\/\/schema.org","@graph":[{"@type":"NewsArticle","@id":"https:\/\/pozirk.online\/en\/news\/91270\/#article","isPartOf":{"@id":"https:\/\/pozirk.online\/en\/news\/91270\/"},"headline":"Update on arrests, trials, politically-motivated persecution","datePublished":"2024-06-18T08:22:13+00:00","dateModified":"2026-03-10T12:05:06+00:00","mainEntityOfPage":{"@id":"https:\/\/pozirk.online\/en\/news\/91270\/"},"wordCount":355,"publisher":{"@id":"https:\/\/pozirk.online\/en\/#organization"},"image":{"@id":"https:\/\/pozirk.online\/en\/news\/91270\/#primaryimage"},"thumbnailUrl":"https:\/\/pozirk.online\/wp-content\/uploads\/2024\/01\/pozirk_color_blank_1128x752.jpg","inLanguage":"en-US"},{"@type":"WebPage","@id":"https:\/\/pozirk.online\/en\/news\/91270\/","url":"https:\/\/pozirk.online\/en\/news\/91270\/","name":"Update on arrests, trials, politically-motivated persecution | Pozirk","isPartOf":{"@id":"https:\/\/pozirk.online\/en\/#website"},"primaryImageOfPage":{"@id":"https:\/\/pozirk.online\/en\/news\/91270\/#primaryimage"},"image":{"@id":"https:\/\/pozirk.online\/en\/news\/91270\/#primaryimage"},"thumbnailUrl":"https:\/\/pozirk.online\/wp-content\/uploads\/2024\/01\/pozirk_color_blank_1128x752.jpg","datePublished":"2024-06-18T08:22:13+00:00","dateModified":"2026-03-10T12:05:06+00:00","description":"June 18, Pozirk. Among the new instances of politically-motivated persecution documented in Belarus from June 15 to 17, rights groups pointed out the","breadcrumb":{"@id":"https:\/\/pozirk.online\/en\/news\/91270\/#breadcrumb"},"inLanguage":"en-US","potentialAction":[{"@type":"ReadAction","target":["https:\/\/pozirk.online\/en\/news\/91270\/"]}]},{"@type":"ImageObject","inLanguage":"en-US","@id":"https:\/\/pozirk.online\/en\/news\/91270\/#primaryimage","url":"https:\/\/pozirk.online\/wp-content\/uploads\/2024\/01\/pozirk_color_blank_1128x752.jpg","contentUrl":"https:\/\/pozirk.online\/wp-content\/uploads\/2024\/01\/pozirk_color_blank_1128x752.jpg","width":1128,"height":752},{"@type":"BreadcrumbList","@id":"https:\/\/pozirk.online\/en\/news\/91270\/#breadcrumb","itemListElement":[{"@type":"ListItem","position":1,"name":"Home","item":"https:\/\/pozirk.online\/en\/"},{"@type":"ListItem","position":2,"name":"Update on arrests, trials, politically-motivated persecution"}]},{"@type":"WebSite","@id":"https:\/\/pozirk.online\/en\/#website","url":"https:\/\/pozirk.online\/en\/","name":"Pozirk","description":"","publisher":{"@id":"https:\/\/pozirk.online\/en\/#organization"},"potentialAction":[{"@type":"SearchAction","target":{"@type":"EntryPoint","urlTemplate":"https:\/\/pozirk.online\/en\/?s={search_term_string}"},"query-input":{"@type":"PropertyValueSpecification","valueRequired":true,"valueName":"search_term_string"}}],"inLanguage":"en-US"},{"@type":"Organization","@id":"https:\/\/pozirk.online\/en\/#organization","name":"Pozirk","url":"https:\/\/pozirk.online\/en\/","logo":{"@type":"ImageObject","inLanguage":"en-US","@id":"https:\/\/pozirk.online\/en\/#\/schema\/logo\/image\/","url":"https:\/\/pozirk.online\/wp-content\/uploads\/2023\/11\/cropped-Logo_color_512.png","contentUrl":"https:\/\/pozirk.online\/wp-content\/uploads\/2023\/11\/cropped-Logo_color_512.png","width":512,"height":512,"caption":"Pozirk"},"image":{"@id":"https:\/\/pozirk.online\/en\/#\/schema\/logo\/image\/"},"sameAs":["https:\/\/www.facebook.com\/pozirkonline\/","https:\/\/x.com\/Pozirk_online"]}]}},"_links":{"self":[{"href":"https:\/\/pozirk.online\/en\/wp-json\/wp\/v2\/articles\/91270","targetHints":{"allow":["GET"]}}],"collection":[{"href":"https:\/\/pozirk.online\/en\/wp-json\/wp\/v2\/articles"}],"about":[{"href":"https:\/\/pozirk.online\/en\/wp-json\/wp\/v2\/types\/articles"}],"author":[{"embeddable":true,"href":"https:\/\/pozirk.online\/en\/wp-json\/wp\/v2\/users\/84"}],"wp:featuredmedia":[{"embeddable":true,"href":"https:\/\/pozirk.online\/en\/wp-json\/wp\/v2\/media\/63993"}],"wp:attachment":[{"href":"https:\/\/pozirk.online\/en\/wp-json\/wp\/v2\/media?parent=91270"}],"wp:term":[{"taxonomy":"rubric","embeddable":true,"href":"https:\/\/pozirk.online\/en\/wp-json\/wp\/v2\/rubric?post=91270"}],"curies":[{"name":"wp","href":"https:\/\/api.w.org\/{rel}","templated":true}]}}