{"id":89988,"date":"2024-06-11T11:43:58","date_gmt":"2024-06-11T08:43:58","guid":{"rendered":"https:\/\/pozirk.online\/en\/news\/89988\/"},"modified":"2026-03-10T12:05:06","modified_gmt":"2026-03-10T12:05:06","slug":"reprisals-keep-targeting-2020-protesters-journalists-exiles","status":"publish","type":"articles","link":"https:\/\/pozirk.online\/en\/news\/89988\/","title":{"rendered":"Reprisals keep targeting 2020 protesters, journalists, exiles"},"content":{"rendered":"\n<p><strong>June 11, <em>Pozirk<\/em><\/strong>. Belarusians who participated in 2020 postelection protests remained the primary target of politically-motivated persecution from June 8 to 10.<\/p>\n\n\n\n<p>Alena Tarasievi\u010d, Halina \u0160umiel, Siarhiej Zaniamonski and Juryj \u015aciepanienka, accused of participating in protest rallies, went on trial in Hrodna on June 10, the <em>Sudy, Zaderzhaniya. Grodno i Oblast<\/em> Telegram channel said.<\/p>\n\n\n\n<p>Andrej Cimonin, Valeryj I\u016d\u010dyn, Michai\u0142 Pi\u0161\u010da\u0142a, \u015aviat\u0142ana Kotava and Dzianis Kota\u016d went on trial in Mahilo\u016d on June 7 on similar charges, MAYDAY TEAM reported, noting that it was the first mass trial of protesters in the city.<\/p>\n\n\n\n<p>A pro-government source reported the arrest of a Brest man for participating in a 2020 rally.<\/p>\n\n\n\n<p>Harassment of journalists<\/p>\n\n\n\n<p>On June 3, a judge in Brest sentenced former journalist Alena Cima\u0161\u010duk to five years in prison and a fine of 46,000 rubels (over $14,000) on charges of discrediting Belarus, inciting hatred and association with an extremist group, accusations typical of politically-motivated cases,<em> Dissidentby<\/em> reported.<\/p>\n\n\n\n<p>The Supreme Court rejected journalist Ihar Karniej&#8217;s appeal against a three-year prison sentence given on extremism-related charges, the Belarusian Association of Journalists said.<\/p>\n\n\n\n<p>Jailed journalist Dzianis Iva\u0161yn has been held in a punishment cell since May 21, Vita\u016dt Si\u016d\u010dyk said on Facebook. <\/p>\n\n\n\n<p>Rights groups consider Karniej and Iva\u0161yn political prisoners.<\/p>\n\n\n\n<p>Trials<\/p>\n\n\n\n<p>Hra\u017eyna Hietko from Biaroza\u016dka, Hrodna region, was jailed for 10 days, the Viasna Human Rights Center said. Charges against her remain unclear.<\/p>\n\n\n\n<p>Hienad\u017a Skaraduma\u016d, Rus\u0142an Achota and Julij Kundzirenka were tried in the Hrodna region for sharing opposition content, the <em>Pravo Imeyut <\/em>Telegram channel said.<\/p>\n\n\n\n<p>Special proceedings<\/p>\n\n\n\n<p>The Investigative Committee said it filed criminal charges against martial arts instructor Hienad\u017a Kapitana\u016d under special proceedings that allow authorities to prosecute exiled opponents. The man is accused of inciting hatred, calling for sanctions and insulting Alaksandar \u0141uka\u0161enka and officials.<\/p>\n\n\n\n<p>Other cases<\/p>\n\n\n\n<p>Managers of the documentary production team at Bie\u0142aru\u015bfilm were fired as part of the politically-motivated crackdown, <em>Euroradio <\/em>reported.<\/p>\n\n\n\n<p>Opposition activist Ja\u016dhien Afnahiel, serving a seven-year prison term, was transferred to Penal Colony No 1 in Navapo\u0142ack, Viciebsk region, Viasna said. He may be held in a punishment cell, as his family has not heard from him for about one month.<\/p>\n\n\n\n<p>Authorities seized and put up for sale a car belonging to Valeryj Ramano\u016dski, the former air intelligence head jailed in a politically-motivated case linked to alleged high treason, the <em>Vitebsk, ya gulayu!<\/em> Telegram channel said.<\/p>\n\n\n\n<p>As of June 11,<a> <\/a>human rights defenders identified at least 1,396 political prisoners but the real number is considerably higher because many cases go undocumented. Opposition sources estimate the number of political prisoners at around 5,000.<\/p>\n\n\n\n<div class=\"insert-block\">\n\n    <div class=\"insert-block__img\">\n        <img decoding=\"async\" width=\"354\" height=\"236\" src=\"https:\/\/pozirk.online\/wp-content\/uploads\/2024\/06\/beloded_hrist_vizija_1128x752-354x236.jpg\" class=\"attachment-medium size-medium\" alt=\"\" srcset=\"https:\/\/pozirk.online\/wp-content\/uploads\/2024\/06\/beloded_hrist_vizija_1128x752-354x236.jpg 354w, https:\/\/pozirk.online\/wp-content\/uploads\/2024\/06\/beloded_hrist_vizija_1128x752-734x490.jpg 734w, https:\/\/pozirk.online\/wp-content\/uploads\/2024\/06\/beloded_hrist_vizija_1128x752-178x118.jpg 178w, https:\/\/pozirk.online\/wp-content\/uploads\/2024\/06\/beloded_hrist_vizija_1128x752-768x512.jpg 768w, https:\/\/pozirk.online\/wp-content\/uploads\/2024\/06\/beloded_hrist_vizija_1128x752.jpg 1128w\" sizes=\"(max-width: 354px) 100vw, 354px\" \/>                        <label class=\"insert-block__tag--mobile\"> \u041f\u043e\u043b\u0438\u0442\u0438\u043a\u0430<\/label>\n\n                            <label class=\"insert-block__tag--mobile\"> \u041e\u0431\u0449\u0435\u0441\u0442\u0432\u043e<\/label>\n\n                <\/div>\n    <div class=\"insert-block__text\">\n                    <label class=\"insert-block__tag\">\u041f\u043e\u043b\u0438\u0442\u0438\u043a\u0430, \u041e\u0431\u0449\u0435\u0441\u0442\u0432\u043e<\/label>\n                <h3 class=\"insert-block__title\">Catechist appealing three-year prison sentence<\/h3>\n        <div class=\"insert-block__descr\">June 10, Pozirk. On Tuesday, Judge Andrej Jafrema\u016d of the Supreme Court will hear catechist U\u0142adzis\u0142a\u016d Bie\u0142adzied&#039;s appeal behind closed doors, an electronic court schedule says. In mid-March, Bie\u0142adzied was given three years in prison on charges of inciting hatred &#8230;<\/div>\n        <a class=\"insert-block__btn-block\" href=\"\/en\/news\/89806\">\n            <button class=\"btn\">\n                <div class='btn__text'>Read the article<\/div>\n            <\/button>\n        <\/a>\n    <\/div>\n<\/div>","protected":false},"excerpt":{"rendered":"<p>June 11, Pozirk. Belarusians who participated in 2020 postelection protests remained the primary target of politically-motivated persecution from June 8 to 10. Alena Tarasievi\u010d, Halina \u0160umiel, Siarhiej Zaniamonski and Juryj \u015aciepanienka, accused of participating in protest rallies, went on trial in Hrodna on June 10, the Sudy, Zaderzhaniya. Grodno i Oblast Telegram channel said. Andrej [&hellip;]<\/p>\n","protected":false},"author":84,"featured_media":63993,"template":"","rubric":[14],"class_list":["post-89988","articles","type-articles","status-publish","has-post-thumbnail","hentry","rubric-politics"],"acf":[],"yoast_head":"<!-- This site is optimized with the Yoast SEO plugin v25.5 - https:\/\/yoast.com\/wordpress\/plugins\/seo\/ -->\n<title>Reprisals keep targeting 2020 protesters, journalists, exiles | Pozirk<\/title>\n<meta name=\"description\" content=\"June 11, Pozirk. Belarusians who participated in 2020 postelection protests remained the primary target of politically-motivated persecution from June 8\" \/>\n<meta name=\"robots\" content=\"index, follow, max-snippet:-1, max-image-preview:large, max-video-preview:-1\" \/>\n<link rel=\"canonical\" href=\"https:\/\/pozirk.online\/en\/news\/89988\/\" \/>\n<meta property=\"og:locale\" content=\"en_US\" \/>\n<meta property=\"og:type\" content=\"article\" \/>\n<meta property=\"og:title\" content=\"Reprisals keep targeting 2020 protesters, journalists, exiles | Pozirk\" \/>\n<meta property=\"og:description\" content=\"June 11, Pozirk. Belarusians who participated in 2020 postelection protests remained the primary target of politically-motivated persecution from June 8\" \/>\n<meta property=\"og:url\" content=\"https:\/\/pozirk.online\/en\/news\/89988\/\" \/>\n<meta property=\"og:site_name\" content=\"Pozirk\" \/>\n<meta property=\"article:publisher\" content=\"https:\/\/www.facebook.com\/pozirkonline\/\" \/>\n<meta property=\"article:modified_time\" content=\"2026-03-10T12:05:06+00:00\" \/>\n<meta property=\"og:image\" content=\"https:\/\/pozirk.online\/wp-content\/uploads\/2024\/01\/pozirk_color_blank_1128x752.jpg\" \/>\n\t<meta property=\"og:image:width\" content=\"1128\" \/>\n\t<meta property=\"og:image:height\" content=\"752\" \/>\n\t<meta property=\"og:image:type\" content=\"image\/jpeg\" \/>\n<meta name=\"twitter:card\" content=\"summary_large_image\" \/>\n<meta name=\"twitter:site\" content=\"@Pozirk_online\" \/>\n<meta name=\"twitter:label1\" content=\"Est. reading time\" \/>\n\t<meta name=\"twitter:data1\" content=\"3 minutes\" \/>\n<script type=\"application\/ld+json\" class=\"yoast-schema-graph\">{\"@context\":\"https:\/\/schema.org\",\"@graph\":[{\"@type\":\"NewsArticle\",\"@id\":\"https:\/\/pozirk.online\/en\/news\/89988\/#article\",\"isPartOf\":{\"@id\":\"https:\/\/pozirk.online\/en\/news\/89988\/\"},\"headline\":\"Reprisals keep targeting 2020 protesters, journalists, exiles\",\"datePublished\":\"2024-06-11T08:43:58+00:00\",\"dateModified\":\"2026-03-10T12:05:06+00:00\",\"mainEntityOfPage\":{\"@id\":\"https:\/\/pozirk.online\/en\/news\/89988\/\"},\"wordCount\":436,\"publisher\":{\"@id\":\"https:\/\/pozirk.online\/en\/#organization\"},\"image\":{\"@id\":\"https:\/\/pozirk.online\/en\/news\/89988\/#primaryimage\"},\"thumbnailUrl\":\"https:\/\/pozirk.online\/wp-content\/uploads\/2024\/01\/pozirk_color_blank_1128x752.jpg\",\"inLanguage\":\"en-US\"},{\"@type\":\"WebPage\",\"@id\":\"https:\/\/pozirk.online\/en\/news\/89988\/\",\"url\":\"https:\/\/pozirk.online\/en\/news\/89988\/\",\"name\":\"Reprisals keep targeting 2020 protesters, journalists, exiles | Pozirk\",\"isPartOf\":{\"@id\":\"https:\/\/pozirk.online\/en\/#website\"},\"primaryImageOfPage\":{\"@id\":\"https:\/\/pozirk.online\/en\/news\/89988\/#primaryimage\"},\"image\":{\"@id\":\"https:\/\/pozirk.online\/en\/news\/89988\/#primaryimage\"},\"thumbnailUrl\":\"https:\/\/pozirk.online\/wp-content\/uploads\/2024\/01\/pozirk_color_blank_1128x752.jpg\",\"datePublished\":\"2024-06-11T08:43:58+00:00\",\"dateModified\":\"2026-03-10T12:05:06+00:00\",\"description\":\"June 11, Pozirk. Belarusians who participated in 2020 postelection protests remained the primary target of politically-motivated persecution from June 8\",\"breadcrumb\":{\"@id\":\"https:\/\/pozirk.online\/en\/news\/89988\/#breadcrumb\"},\"inLanguage\":\"en-US\",\"potentialAction\":[{\"@type\":\"ReadAction\",\"target\":[\"https:\/\/pozirk.online\/en\/news\/89988\/\"]}]},{\"@type\":\"ImageObject\",\"inLanguage\":\"en-US\",\"@id\":\"https:\/\/pozirk.online\/en\/news\/89988\/#primaryimage\",\"url\":\"https:\/\/pozirk.online\/wp-content\/uploads\/2024\/01\/pozirk_color_blank_1128x752.jpg\",\"contentUrl\":\"https:\/\/pozirk.online\/wp-content\/uploads\/2024\/01\/pozirk_color_blank_1128x752.jpg\",\"width\":1128,\"height\":752},{\"@type\":\"BreadcrumbList\",\"@id\":\"https:\/\/pozirk.online\/en\/news\/89988\/#breadcrumb\",\"itemListElement\":[{\"@type\":\"ListItem\",\"position\":1,\"name\":\"Home\",\"item\":\"https:\/\/pozirk.online\/en\/\"},{\"@type\":\"ListItem\",\"position\":2,\"name\":\"Reprisals keep targeting 2020 protesters, journalists, exiles\"}]},{\"@type\":\"WebSite\",\"@id\":\"https:\/\/pozirk.online\/en\/#website\",\"url\":\"https:\/\/pozirk.online\/en\/\",\"name\":\"Pozirk\",\"description\":\"\",\"publisher\":{\"@id\":\"https:\/\/pozirk.online\/en\/#organization\"},\"potentialAction\":[{\"@type\":\"SearchAction\",\"target\":{\"@type\":\"EntryPoint\",\"urlTemplate\":\"https:\/\/pozirk.online\/en\/?s={search_term_string}\"},\"query-input\":{\"@type\":\"PropertyValueSpecification\",\"valueRequired\":true,\"valueName\":\"search_term_string\"}}],\"inLanguage\":\"en-US\"},{\"@type\":\"Organization\",\"@id\":\"https:\/\/pozirk.online\/en\/#organization\",\"name\":\"Pozirk\",\"url\":\"https:\/\/pozirk.online\/en\/\",\"logo\":{\"@type\":\"ImageObject\",\"inLanguage\":\"en-US\",\"@id\":\"https:\/\/pozirk.online\/en\/#\/schema\/logo\/image\/\",\"url\":\"https:\/\/pozirk.online\/wp-content\/uploads\/2023\/11\/cropped-Logo_color_512.png\",\"contentUrl\":\"https:\/\/pozirk.online\/wp-content\/uploads\/2023\/11\/cropped-Logo_color_512.png\",\"width\":512,\"height\":512,\"caption\":\"Pozirk\"},\"image\":{\"@id\":\"https:\/\/pozirk.online\/en\/#\/schema\/logo\/image\/\"},\"sameAs\":[\"https:\/\/www.facebook.com\/pozirkonline\/\",\"https:\/\/x.com\/Pozirk_online\"]}]}<\/script>\n<!-- \/ Yoast SEO plugin. -->","yoast_head_json":{"title":"Reprisals keep targeting 2020 protesters, journalists, exiles | Pozirk","description":"June 11, Pozirk. Belarusians who participated in 2020 postelection protests remained the primary target of politically-motivated persecution from June 8","robots":{"index":"index","follow":"follow","max-snippet":"max-snippet:-1","max-image-preview":"max-image-preview:large","max-video-preview":"max-video-preview:-1"},"canonical":"https:\/\/pozirk.online\/en\/news\/89988\/","og_locale":"en_US","og_type":"article","og_title":"Reprisals keep targeting 2020 protesters, journalists, exiles | Pozirk","og_description":"June 11, Pozirk. Belarusians who participated in 2020 postelection protests remained the primary target of politically-motivated persecution from June 8","og_url":"https:\/\/pozirk.online\/en\/news\/89988\/","og_site_name":"Pozirk","article_publisher":"https:\/\/www.facebook.com\/pozirkonline\/","article_modified_time":"2026-03-10T12:05:06+00:00","og_image":[{"width":1128,"height":752,"url":"https:\/\/pozirk.online\/wp-content\/uploads\/2024\/01\/pozirk_color_blank_1128x752.jpg","type":"image\/jpeg"}],"twitter_card":"summary_large_image","twitter_site":"@Pozirk_online","twitter_misc":{"Est. reading time":"3 minutes"},"schema":{"@context":"https:\/\/schema.org","@graph":[{"@type":"NewsArticle","@id":"https:\/\/pozirk.online\/en\/news\/89988\/#article","isPartOf":{"@id":"https:\/\/pozirk.online\/en\/news\/89988\/"},"headline":"Reprisals keep targeting 2020 protesters, journalists, exiles","datePublished":"2024-06-11T08:43:58+00:00","dateModified":"2026-03-10T12:05:06+00:00","mainEntityOfPage":{"@id":"https:\/\/pozirk.online\/en\/news\/89988\/"},"wordCount":436,"publisher":{"@id":"https:\/\/pozirk.online\/en\/#organization"},"image":{"@id":"https:\/\/pozirk.online\/en\/news\/89988\/#primaryimage"},"thumbnailUrl":"https:\/\/pozirk.online\/wp-content\/uploads\/2024\/01\/pozirk_color_blank_1128x752.jpg","inLanguage":"en-US"},{"@type":"WebPage","@id":"https:\/\/pozirk.online\/en\/news\/89988\/","url":"https:\/\/pozirk.online\/en\/news\/89988\/","name":"Reprisals keep targeting 2020 protesters, journalists, exiles | Pozirk","isPartOf":{"@id":"https:\/\/pozirk.online\/en\/#website"},"primaryImageOfPage":{"@id":"https:\/\/pozirk.online\/en\/news\/89988\/#primaryimage"},"image":{"@id":"https:\/\/pozirk.online\/en\/news\/89988\/#primaryimage"},"thumbnailUrl":"https:\/\/pozirk.online\/wp-content\/uploads\/2024\/01\/pozirk_color_blank_1128x752.jpg","datePublished":"2024-06-11T08:43:58+00:00","dateModified":"2026-03-10T12:05:06+00:00","description":"June 11, Pozirk. Belarusians who participated in 2020 postelection protests remained the primary target of politically-motivated persecution from June 8","breadcrumb":{"@id":"https:\/\/pozirk.online\/en\/news\/89988\/#breadcrumb"},"inLanguage":"en-US","potentialAction":[{"@type":"ReadAction","target":["https:\/\/pozirk.online\/en\/news\/89988\/"]}]},{"@type":"ImageObject","inLanguage":"en-US","@id":"https:\/\/pozirk.online\/en\/news\/89988\/#primaryimage","url":"https:\/\/pozirk.online\/wp-content\/uploads\/2024\/01\/pozirk_color_blank_1128x752.jpg","contentUrl":"https:\/\/pozirk.online\/wp-content\/uploads\/2024\/01\/pozirk_color_blank_1128x752.jpg","width":1128,"height":752},{"@type":"BreadcrumbList","@id":"https:\/\/pozirk.online\/en\/news\/89988\/#breadcrumb","itemListElement":[{"@type":"ListItem","position":1,"name":"Home","item":"https:\/\/pozirk.online\/en\/"},{"@type":"ListItem","position":2,"name":"Reprisals keep targeting 2020 protesters, journalists, exiles"}]},{"@type":"WebSite","@id":"https:\/\/pozirk.online\/en\/#website","url":"https:\/\/pozirk.online\/en\/","name":"Pozirk","description":"","publisher":{"@id":"https:\/\/pozirk.online\/en\/#organization"},"potentialAction":[{"@type":"SearchAction","target":{"@type":"EntryPoint","urlTemplate":"https:\/\/pozirk.online\/en\/?s={search_term_string}"},"query-input":{"@type":"PropertyValueSpecification","valueRequired":true,"valueName":"search_term_string"}}],"inLanguage":"en-US"},{"@type":"Organization","@id":"https:\/\/pozirk.online\/en\/#organization","name":"Pozirk","url":"https:\/\/pozirk.online\/en\/","logo":{"@type":"ImageObject","inLanguage":"en-US","@id":"https:\/\/pozirk.online\/en\/#\/schema\/logo\/image\/","url":"https:\/\/pozirk.online\/wp-content\/uploads\/2023\/11\/cropped-Logo_color_512.png","contentUrl":"https:\/\/pozirk.online\/wp-content\/uploads\/2023\/11\/cropped-Logo_color_512.png","width":512,"height":512,"caption":"Pozirk"},"image":{"@id":"https:\/\/pozirk.online\/en\/#\/schema\/logo\/image\/"},"sameAs":["https:\/\/www.facebook.com\/pozirkonline\/","https:\/\/x.com\/Pozirk_online"]}]}},"_links":{"self":[{"href":"https:\/\/pozirk.online\/en\/wp-json\/wp\/v2\/articles\/89988","targetHints":{"allow":["GET"]}}],"collection":[{"href":"https:\/\/pozirk.online\/en\/wp-json\/wp\/v2\/articles"}],"about":[{"href":"https:\/\/pozirk.online\/en\/wp-json\/wp\/v2\/types\/articles"}],"author":[{"embeddable":true,"href":"https:\/\/pozirk.online\/en\/wp-json\/wp\/v2\/users\/84"}],"wp:featuredmedia":[{"embeddable":true,"href":"https:\/\/pozirk.online\/en\/wp-json\/wp\/v2\/media\/63993"}],"wp:attachment":[{"href":"https:\/\/pozirk.online\/en\/wp-json\/wp\/v2\/media?parent=89988"}],"wp:term":[{"taxonomy":"rubric","embeddable":true,"href":"https:\/\/pozirk.online\/en\/wp-json\/wp\/v2\/rubric?post=89988"}],"curies":[{"name":"wp","href":"https:\/\/api.w.org\/{rel}","templated":true}]}}