{"id":88633,"date":"2024-06-03T18:34:28","date_gmt":"2024-06-03T15:34:28","guid":{"rendered":"https:\/\/pozirk.online\/en\/news\/88633\/"},"modified":"2026-02-24T20:40:57","modified_gmt":"2026-02-24T20:40:57","slug":"cichanouskaja-urges-portuguese-foreign-minister-to-close-sanctions-loopholes","status":"publish","type":"articles","link":"https:\/\/pozirk.online\/en\/news\/88633\/","title":{"rendered":"Cichano\u016dskaja urges Portuguese foreign minister to close sanctions loopholes"},"content":{"rendered":"\n<p><strong>June 3, <em>Pozirk.<\/em><\/strong> Opposition leader \u015aviat\u0142ana Cichano\u016dskaja met with Portuguese Foreign Minister Paulo Rangel last week to discuss sanctions against Alaksandar \u0141uka\u0161enka&#8217;s regime, its isolation and support for Belarusians&#8217; mobility in the European Union (EU) .<\/p>\n\n\n\n<p>Franak Via\u010dorka, Cichano\u016dskaja&#8217;s top aide, told <em>Pozirk<\/em> that they met at the European forum Concordia on peace and security across the continent held in Porto on May 28\u201329.<\/p>\n\n\n\n<p>The politicians discussed sanctions against \u0141uka\u0161enka&#8217;s regime, in particular the issue of potash fertilizers. <\/p>\n\n\n\n<p>According to the aide, Cichano\u016dskaja urged the minister to &#8220;make sanctions effective, synchronize them [with those imposed on Russia] and close loopholes.&#8221; On the other hand, there is no need to isolate ordinary Belarusians, she stressed.<\/p>\n\n\n\n<p>The democratic opposition leader asked the minister to find ways to solve the legalization problems of some 1,400 Belarusians living in Portugal, as well as Belarusian companies, which have moved to Europe.<\/p>\n\n\n\n<p>The two leaders also discussed a possible conference on the transition from dictatorship to democracy. <\/p>\n\n\n\n<p>&#8220;Portugal had experience with such transition, and Cichano\u016dskaja suggested to the minister that this conference be held in his country,&#8221; Via\u010dorka said.<\/p>\n\n\n\n<p>Cichano\u016dskaja also talked about cooperation in international organizations and in the cultural sphere, and urged Lisbon to continue supporting Ukraine and Belarusian democratic forces.<\/p>\n\n\n\n<p>According to Via\u010dorka, Rangel assured her of Portugal&#8217;s &#8220;full support&#8221; for the Belarusian pro-democracy forces.<\/p>\n\n\n\n<p>During her visit, Cichano\u016dskaja also met with the conference&#8217;s chairman Jos\u00e9 Manuel Barroso, a former head of the European Commission and ex-prime minister of Portugal.<\/p>\n\n\n\n<p>Cichano\u016dskaja and Barroso discussed &#8220;cooperation with the countries of the Global South, support for Belarusians who found themselves in exile without documents and passports, possible actions of international organizations to address the release of political prisoners and instruments of pressure on the regime.&#8221;<\/p>\n\n\n\n<div class=\"insert-block\">\n\n    <div class=\"insert-block__img\">\n        <img decoding=\"async\" width=\"354\" height=\"236\" src=\"https:\/\/pozirk.online\/wp-content\/uploads\/2024\/05\/Portigal-visit_ST_-1128-354x236.jpg\" class=\"attachment-medium size-medium\" alt=\"\" srcset=\"https:\/\/pozirk.online\/wp-content\/uploads\/2024\/05\/Portigal-visit_ST_-1128-354x236.jpg 354w, https:\/\/pozirk.online\/wp-content\/uploads\/2024\/05\/Portigal-visit_ST_-1128-734x490.jpg 734w, https:\/\/pozirk.online\/wp-content\/uploads\/2024\/05\/Portigal-visit_ST_-1128-178x118.jpg 178w, https:\/\/pozirk.online\/wp-content\/uploads\/2024\/05\/Portigal-visit_ST_-1128-768x512.jpg 768w, https:\/\/pozirk.online\/wp-content\/uploads\/2024\/05\/Portigal-visit_ST_-1128.jpg 1128w\" sizes=\"(max-width: 354px) 100vw, 354px\" \/>                        <label class=\"insert-block__tag--mobile\"> Politics<\/label>\n\n                <\/div>\n    <div class=\"insert-block__text\">\n                    <label class=\"insert-block__tag\">Politics<\/label>\n                <h3 class=\"insert-block__title\">Cichano\u016dskaja, Portuguese premier discuss sanctions on Belarusian potash<\/h3>\n        <div class=\"insert-block__descr\">May 28, Pozirk. \u015aviat\u0142ana Cichano\u016dskaja and Portuguese Prime Minister Lu\u00eds Montenegro have discussed sanctions against the regime of Alaksandar \u0141uka\u0161enka during the Belarusian opposition leader&#039;s visit to Portugal, the United Transitional Cabinet (UTC) reported yesterday. The Belarusian politician expressed hope &#8230;<\/div>\n        <a class=\"insert-block__btn-block\" href=\"\/en\/news\/87467\">\n            <button class=\"btn\">\n                <div class='btn__text'>Read the article<\/div>\n            <\/button>\n        <\/a>\n    <\/div>\n<\/div>","protected":false},"excerpt":{"rendered":"<p>June 3, Pozirk. Opposition leader \u015aviat\u0142ana Cichano\u016dskaja met with Portuguese Foreign Minister Paulo Rangel last week to discuss sanctions against Alaksandar \u0141uka\u0161enka&#8217;s regime, its isolation and support for Belarusians&#8217; mobility in the European Union (EU) . Franak Via\u010dorka, Cichano\u016dskaja&#8217;s top aide, told Pozirk that they met at the European forum Concordia on peace and security [&hellip;]<\/p>\n","protected":false},"author":75,"featured_media":0,"template":"","rubric":[14],"class_list":["post-88633","articles","type-articles","status-publish","hentry","rubric-politics"],"acf":[],"yoast_head":"<!-- This site is optimized with the Yoast SEO plugin v25.5 - https:\/\/yoast.com\/wordpress\/plugins\/seo\/ -->\n<title>Cichano\u016dskaja urges Portuguese foreign minister to close sanctions loopholes | Pozirk<\/title>\n<meta name=\"description\" content=\"June 3, Pozirk. Opposition leader \u015aviat\u0142ana Cichano\u016dskaja met with Portuguese Foreign Minister Paulo Rangel last week to discuss sanctions against\" \/>\n<meta name=\"robots\" content=\"index, follow, max-snippet:-1, max-image-preview:large, max-video-preview:-1\" \/>\n<link rel=\"canonical\" href=\"https:\/\/pozirk.online\/en\/news\/88633\/\" \/>\n<meta property=\"og:locale\" content=\"en_US\" \/>\n<meta property=\"og:type\" content=\"article\" \/>\n<meta property=\"og:title\" content=\"Cichano\u016dskaja urges Portuguese foreign minister to close sanctions loopholes | Pozirk\" \/>\n<meta property=\"og:description\" content=\"June 3, Pozirk. Opposition leader \u015aviat\u0142ana Cichano\u016dskaja met with Portuguese Foreign Minister Paulo Rangel last week to discuss sanctions against\" \/>\n<meta property=\"og:url\" content=\"https:\/\/pozirk.online\/en\/news\/88633\/\" \/>\n<meta property=\"og:site_name\" content=\"Pozirk\" \/>\n<meta property=\"article:publisher\" content=\"https:\/\/www.facebook.com\/pozirkonline\/\" \/>\n<meta property=\"article:modified_time\" content=\"2026-02-24T20:40:57+00:00\" \/>\n<meta name=\"twitter:card\" content=\"summary_large_image\" \/>\n<meta name=\"twitter:site\" content=\"@Pozirk_online\" \/>\n<meta name=\"twitter:label1\" content=\"Est. reading time\" \/>\n\t<meta name=\"twitter:data1\" content=\"2 minutes\" \/>\n<script type=\"application\/ld+json\" class=\"yoast-schema-graph\">{\"@context\":\"https:\/\/schema.org\",\"@graph\":[{\"@type\":\"NewsArticle\",\"@id\":\"https:\/\/pozirk.online\/en\/news\/88633\/#article\",\"isPartOf\":{\"@id\":\"https:\/\/pozirk.online\/en\/news\/88633\/\"},\"headline\":\"Cichano\u016dskaja urges Portuguese foreign minister to close sanctions loopholes\",\"datePublished\":\"2024-06-03T15:34:28+00:00\",\"dateModified\":\"2026-02-24T20:40:57+00:00\",\"mainEntityOfPage\":{\"@id\":\"https:\/\/pozirk.online\/en\/news\/88633\/\"},\"wordCount\":314,\"publisher\":{\"@id\":\"https:\/\/pozirk.online\/en\/#organization\"},\"inLanguage\":\"en-US\"},{\"@type\":\"WebPage\",\"@id\":\"https:\/\/pozirk.online\/en\/news\/88633\/\",\"url\":\"https:\/\/pozirk.online\/en\/news\/88633\/\",\"name\":\"Cichano\u016dskaja urges Portuguese foreign minister to close sanctions loopholes | Pozirk\",\"isPartOf\":{\"@id\":\"https:\/\/pozirk.online\/en\/#website\"},\"datePublished\":\"2024-06-03T15:34:28+00:00\",\"dateModified\":\"2026-02-24T20:40:57+00:00\",\"description\":\"June 3, Pozirk. Opposition leader \u015aviat\u0142ana Cichano\u016dskaja met with Portuguese Foreign Minister Paulo Rangel last week to discuss sanctions against\",\"breadcrumb\":{\"@id\":\"https:\/\/pozirk.online\/en\/news\/88633\/#breadcrumb\"},\"inLanguage\":\"en-US\",\"potentialAction\":[{\"@type\":\"ReadAction\",\"target\":[\"https:\/\/pozirk.online\/en\/news\/88633\/\"]}]},{\"@type\":\"BreadcrumbList\",\"@id\":\"https:\/\/pozirk.online\/en\/news\/88633\/#breadcrumb\",\"itemListElement\":[{\"@type\":\"ListItem\",\"position\":1,\"name\":\"Home\",\"item\":\"https:\/\/pozirk.online\/en\/\"},{\"@type\":\"ListItem\",\"position\":2,\"name\":\"Cichano\u016dskaja urges Portuguese foreign minister to close sanctions loopholes\"}]},{\"@type\":\"WebSite\",\"@id\":\"https:\/\/pozirk.online\/en\/#website\",\"url\":\"https:\/\/pozirk.online\/en\/\",\"name\":\"Pozirk\",\"description\":\"\",\"publisher\":{\"@id\":\"https:\/\/pozirk.online\/en\/#organization\"},\"potentialAction\":[{\"@type\":\"SearchAction\",\"target\":{\"@type\":\"EntryPoint\",\"urlTemplate\":\"https:\/\/pozirk.online\/en\/?s={search_term_string}\"},\"query-input\":{\"@type\":\"PropertyValueSpecification\",\"valueRequired\":true,\"valueName\":\"search_term_string\"}}],\"inLanguage\":\"en-US\"},{\"@type\":\"Organization\",\"@id\":\"https:\/\/pozirk.online\/en\/#organization\",\"name\":\"Pozirk\",\"url\":\"https:\/\/pozirk.online\/en\/\",\"logo\":{\"@type\":\"ImageObject\",\"inLanguage\":\"en-US\",\"@id\":\"https:\/\/pozirk.online\/en\/#\/schema\/logo\/image\/\",\"url\":\"https:\/\/pozirk.online\/wp-content\/uploads\/2023\/11\/cropped-Logo_color_512.png\",\"contentUrl\":\"https:\/\/pozirk.online\/wp-content\/uploads\/2023\/11\/cropped-Logo_color_512.png\",\"width\":512,\"height\":512,\"caption\":\"Pozirk\"},\"image\":{\"@id\":\"https:\/\/pozirk.online\/en\/#\/schema\/logo\/image\/\"},\"sameAs\":[\"https:\/\/www.facebook.com\/pozirkonline\/\",\"https:\/\/x.com\/Pozirk_online\"]}]}<\/script>\n<!-- \/ Yoast SEO plugin. -->","yoast_head_json":{"title":"Cichano\u016dskaja urges Portuguese foreign minister to close sanctions loopholes | Pozirk","description":"June 3, Pozirk. Opposition leader \u015aviat\u0142ana Cichano\u016dskaja met with Portuguese Foreign Minister Paulo Rangel last week to discuss sanctions against","robots":{"index":"index","follow":"follow","max-snippet":"max-snippet:-1","max-image-preview":"max-image-preview:large","max-video-preview":"max-video-preview:-1"},"canonical":"https:\/\/pozirk.online\/en\/news\/88633\/","og_locale":"en_US","og_type":"article","og_title":"Cichano\u016dskaja urges Portuguese foreign minister to close sanctions loopholes | Pozirk","og_description":"June 3, Pozirk. Opposition leader \u015aviat\u0142ana Cichano\u016dskaja met with Portuguese Foreign Minister Paulo Rangel last week to discuss sanctions against","og_url":"https:\/\/pozirk.online\/en\/news\/88633\/","og_site_name":"Pozirk","article_publisher":"https:\/\/www.facebook.com\/pozirkonline\/","article_modified_time":"2026-02-24T20:40:57+00:00","twitter_card":"summary_large_image","twitter_site":"@Pozirk_online","twitter_misc":{"Est. reading time":"2 minutes"},"schema":{"@context":"https:\/\/schema.org","@graph":[{"@type":"NewsArticle","@id":"https:\/\/pozirk.online\/en\/news\/88633\/#article","isPartOf":{"@id":"https:\/\/pozirk.online\/en\/news\/88633\/"},"headline":"Cichano\u016dskaja urges Portuguese foreign minister to close sanctions loopholes","datePublished":"2024-06-03T15:34:28+00:00","dateModified":"2026-02-24T20:40:57+00:00","mainEntityOfPage":{"@id":"https:\/\/pozirk.online\/en\/news\/88633\/"},"wordCount":314,"publisher":{"@id":"https:\/\/pozirk.online\/en\/#organization"},"inLanguage":"en-US"},{"@type":"WebPage","@id":"https:\/\/pozirk.online\/en\/news\/88633\/","url":"https:\/\/pozirk.online\/en\/news\/88633\/","name":"Cichano\u016dskaja urges Portuguese foreign minister to close sanctions loopholes | Pozirk","isPartOf":{"@id":"https:\/\/pozirk.online\/en\/#website"},"datePublished":"2024-06-03T15:34:28+00:00","dateModified":"2026-02-24T20:40:57+00:00","description":"June 3, Pozirk. Opposition leader \u015aviat\u0142ana Cichano\u016dskaja met with Portuguese Foreign Minister Paulo Rangel last week to discuss sanctions against","breadcrumb":{"@id":"https:\/\/pozirk.online\/en\/news\/88633\/#breadcrumb"},"inLanguage":"en-US","potentialAction":[{"@type":"ReadAction","target":["https:\/\/pozirk.online\/en\/news\/88633\/"]}]},{"@type":"BreadcrumbList","@id":"https:\/\/pozirk.online\/en\/news\/88633\/#breadcrumb","itemListElement":[{"@type":"ListItem","position":1,"name":"Home","item":"https:\/\/pozirk.online\/en\/"},{"@type":"ListItem","position":2,"name":"Cichano\u016dskaja urges Portuguese foreign minister to close sanctions loopholes"}]},{"@type":"WebSite","@id":"https:\/\/pozirk.online\/en\/#website","url":"https:\/\/pozirk.online\/en\/","name":"Pozirk","description":"","publisher":{"@id":"https:\/\/pozirk.online\/en\/#organization"},"potentialAction":[{"@type":"SearchAction","target":{"@type":"EntryPoint","urlTemplate":"https:\/\/pozirk.online\/en\/?s={search_term_string}"},"query-input":{"@type":"PropertyValueSpecification","valueRequired":true,"valueName":"search_term_string"}}],"inLanguage":"en-US"},{"@type":"Organization","@id":"https:\/\/pozirk.online\/en\/#organization","name":"Pozirk","url":"https:\/\/pozirk.online\/en\/","logo":{"@type":"ImageObject","inLanguage":"en-US","@id":"https:\/\/pozirk.online\/en\/#\/schema\/logo\/image\/","url":"https:\/\/pozirk.online\/wp-content\/uploads\/2023\/11\/cropped-Logo_color_512.png","contentUrl":"https:\/\/pozirk.online\/wp-content\/uploads\/2023\/11\/cropped-Logo_color_512.png","width":512,"height":512,"caption":"Pozirk"},"image":{"@id":"https:\/\/pozirk.online\/en\/#\/schema\/logo\/image\/"},"sameAs":["https:\/\/www.facebook.com\/pozirkonline\/","https:\/\/x.com\/Pozirk_online"]}]}},"_links":{"self":[{"href":"https:\/\/pozirk.online\/en\/wp-json\/wp\/v2\/articles\/88633","targetHints":{"allow":["GET"]}}],"collection":[{"href":"https:\/\/pozirk.online\/en\/wp-json\/wp\/v2\/articles"}],"about":[{"href":"https:\/\/pozirk.online\/en\/wp-json\/wp\/v2\/types\/articles"}],"author":[{"embeddable":true,"href":"https:\/\/pozirk.online\/en\/wp-json\/wp\/v2\/users\/75"}],"wp:attachment":[{"href":"https:\/\/pozirk.online\/en\/wp-json\/wp\/v2\/media?parent=88633"}],"wp:term":[{"taxonomy":"rubric","embeddable":true,"href":"https:\/\/pozirk.online\/en\/wp-json\/wp\/v2\/rubric?post=88633"}],"curies":[{"name":"wp","href":"https:\/\/api.w.org\/{rel}","templated":true}]}}