{"id":87993,"date":"2024-05-30T11:34:44","date_gmt":"2024-05-30T08:34:44","guid":{"rendered":"https:\/\/pozirk.online\/en\/news\/87993\/"},"modified":"2026-03-10T12:05:06","modified_gmt":"2026-03-10T12:05:06","slug":"update-on-arrests-trials-politically-motivated-persecution-174","status":"publish","type":"articles","link":"https:\/\/pozirk.online\/en\/news\/87993\/","title":{"rendered":"Reprisals: police seize critics&#8217; property, protestant preacher faces criminal charge"},"content":{"rendered":"\n<p><strong>May 30, <em>Pozirk<\/em>.<\/strong> In a new episode of politically-motivated persecution recorded in Belarus on May 29, law enforcers raided the apartment of an IT engineer, who participated in opposition solidarity rallies abroad after fleeing Belarus, preparing to seize the property,<em> devby.io <\/em>reported.<\/p>\n\n\n\n<p>Within Belarus, authorities continued harassing participants in 2020 postelection protests and those who share opposition content. Five persons were arrested in Minsk over protests after police identified them on pictures, a pro-government source said.<\/p>\n\n\n\n<p>Arrested actor Alaksandar H\u0142adki admitted under duress to participating in protests, following opposition content and signing up for the opposition Pieramoha Plan.<\/p>\n\n\n\n<p>Nadzieja \u0160utava was tried in A\u0161miany, Hrodna region, for sharing opposition content, the <em>Pravo Imeyut <\/em>Telegram channel said. The verdict remains unknown.<\/p>\n\n\n\n<p>Other cases<\/p>\n\n\n\n<p>Authorities filed criminal charges against protestant preacher Mika\u0142aj Chi\u0142a, Chry\u015bcijanskaja Vizija reported. He has been held at a pre-trial detention center just outside Minsk since his arrest on April 24. Details of the case remain unknown.<\/p>\n\n\n\n<p>At least 5,133 people have been convicted in politically-motivated criminal cases in Belarus over the past four years, the Viasna Human Rights Center said.<\/p>\n\n\n\n<p>Viasna also reported at least 70 convictions for donations to opposition groups and initiatives blacklisted by the Belarusian authorities.<\/p>\n\n\n\n<p>As of May 30, human rights defenders identified at least 1,407 political prisoners but the real number is considerably higher because many cases go undocumented. Opposition sources estimate the number of political prisoners at around 5,000.<\/p>\n\n\n\n<div class=\"insert-block\">\n\n    <div class=\"insert-block__img\">\n        <img decoding=\"async\" width=\"354\" height=\"236\" src=\"https:\/\/pozirk.online\/wp-content\/uploads\/2024\/05\/sergej_tihanovskij_instagram_sdzh_1128x752-354x236.jpg\" class=\"attachment-medium size-medium\" alt=\"\" srcset=\"https:\/\/pozirk.online\/wp-content\/uploads\/2024\/05\/sergej_tihanovskij_instagram_sdzh_1128x752-354x236.jpg 354w, https:\/\/pozirk.online\/wp-content\/uploads\/2024\/05\/sergej_tihanovskij_instagram_sdzh_1128x752-734x490.jpg 734w, https:\/\/pozirk.online\/wp-content\/uploads\/2024\/05\/sergej_tihanovskij_instagram_sdzh_1128x752-178x118.jpg 178w, https:\/\/pozirk.online\/wp-content\/uploads\/2024\/05\/sergej_tihanovskij_instagram_sdzh_1128x752-768x512.jpg 768w, https:\/\/pozirk.online\/wp-content\/uploads\/2024\/05\/sergej_tihanovskij_instagram_sdzh_1128x752.jpg 1128w\" sizes=\"(max-width: 354px) 100vw, 354px\" \/>                        <label class=\"insert-block__tag--mobile\"> Politics<\/label>\n\n                <\/div>\n    <div class=\"insert-block__text\">\n                    <label class=\"insert-block__tag\">Politics<\/label>\n                <h3 class=\"insert-block__title\">Justice to prevail \u2013 Cichano\u016dskaja on anniversary of husband\u2019s arrest<\/h3>\n        <div class=\"insert-block__descr\">May 29, Pozirk. Belarusian opposition leader \u015aviat\u0142ana Cichano\u016dskaja has called on Belarusians not to lose faith in &quot;truth and justice which will defeat evil and lawlessness,\u201d says her video address marking four years since the arrest of her husband Siarhiej &#8230;<\/div>\n        <a class=\"insert-block__btn-block\" href=\"\/en\/news\/87760\">\n            <button class=\"btn\">\n                <div class='btn__text'>Read the article<\/div>\n            <\/button>\n        <\/a>\n    <\/div>\n<\/div>","protected":false},"excerpt":{"rendered":"<p>May 30, Pozirk. In a new episode of politically-motivated persecution recorded in Belarus on May 29, law enforcers raided the apartment of an IT engineer, who participated in opposition solidarity rallies abroad after fleeing Belarus, preparing to seize the property, devby.io reported. Within Belarus, authorities continued harassing participants in 2020 postelection protests and those who [&hellip;]<\/p>\n","protected":false},"author":84,"featured_media":63993,"template":"","rubric":[14],"class_list":["post-87993","articles","type-articles","status-publish","has-post-thumbnail","hentry","rubric-politics"],"acf":[],"yoast_head":"<!-- This site is optimized with the Yoast SEO plugin v25.5 - https:\/\/yoast.com\/wordpress\/plugins\/seo\/ -->\n<title>Reprisals: police seize critics&#039; property, protestant preacher faces criminal charge | Pozirk<\/title>\n<meta name=\"description\" content=\"May 30, Pozirk. In a new episode of politically-motivated persecution recorded in Belarus on May 29, law enforcers raided the apartment of an IT engineer,\" \/>\n<meta name=\"robots\" content=\"index, follow, max-snippet:-1, max-image-preview:large, max-video-preview:-1\" \/>\n<link rel=\"canonical\" href=\"https:\/\/pozirk.online\/en\/news\/87993\/\" \/>\n<meta property=\"og:locale\" content=\"en_US\" \/>\n<meta property=\"og:type\" content=\"article\" \/>\n<meta property=\"og:title\" content=\"Reprisals: police seize critics&#039; property, protestant preacher faces criminal charge | Pozirk\" \/>\n<meta property=\"og:description\" content=\"May 30, Pozirk. In a new episode of politically-motivated persecution recorded in Belarus on May 29, law enforcers raided the apartment of an IT engineer,\" \/>\n<meta property=\"og:url\" content=\"https:\/\/pozirk.online\/en\/news\/87993\/\" \/>\n<meta property=\"og:site_name\" content=\"Pozirk\" \/>\n<meta property=\"article:publisher\" content=\"https:\/\/www.facebook.com\/pozirkonline\/\" \/>\n<meta property=\"article:modified_time\" content=\"2026-03-10T12:05:06+00:00\" \/>\n<meta property=\"og:image\" content=\"https:\/\/pozirk.online\/wp-content\/uploads\/2024\/01\/pozirk_color_blank_1128x752.jpg\" \/>\n\t<meta property=\"og:image:width\" content=\"1128\" \/>\n\t<meta property=\"og:image:height\" content=\"752\" \/>\n\t<meta property=\"og:image:type\" content=\"image\/jpeg\" \/>\n<meta name=\"twitter:card\" content=\"summary_large_image\" \/>\n<meta name=\"twitter:site\" content=\"@Pozirk_online\" \/>\n<meta name=\"twitter:label1\" content=\"Est. reading time\" \/>\n\t<meta name=\"twitter:data1\" content=\"2 minutes\" \/>\n<script type=\"application\/ld+json\" class=\"yoast-schema-graph\">{\"@context\":\"https:\/\/schema.org\",\"@graph\":[{\"@type\":\"NewsArticle\",\"@id\":\"https:\/\/pozirk.online\/en\/news\/87993\/#article\",\"isPartOf\":{\"@id\":\"https:\/\/pozirk.online\/en\/news\/87993\/\"},\"headline\":\"Reprisals: police seize critics&#8217; property, protestant preacher faces criminal charge\",\"datePublished\":\"2024-05-30T08:34:44+00:00\",\"dateModified\":\"2026-03-10T12:05:06+00:00\",\"mainEntityOfPage\":{\"@id\":\"https:\/\/pozirk.online\/en\/news\/87993\/\"},\"wordCount\":244,\"publisher\":{\"@id\":\"https:\/\/pozirk.online\/en\/#organization\"},\"image\":{\"@id\":\"https:\/\/pozirk.online\/en\/news\/87993\/#primaryimage\"},\"thumbnailUrl\":\"https:\/\/pozirk.online\/wp-content\/uploads\/2024\/01\/pozirk_color_blank_1128x752.jpg\",\"inLanguage\":\"en-US\"},{\"@type\":\"WebPage\",\"@id\":\"https:\/\/pozirk.online\/en\/news\/87993\/\",\"url\":\"https:\/\/pozirk.online\/en\/news\/87993\/\",\"name\":\"Reprisals: police seize critics' property, protestant preacher faces criminal charge | Pozirk\",\"isPartOf\":{\"@id\":\"https:\/\/pozirk.online\/en\/#website\"},\"primaryImageOfPage\":{\"@id\":\"https:\/\/pozirk.online\/en\/news\/87993\/#primaryimage\"},\"image\":{\"@id\":\"https:\/\/pozirk.online\/en\/news\/87993\/#primaryimage\"},\"thumbnailUrl\":\"https:\/\/pozirk.online\/wp-content\/uploads\/2024\/01\/pozirk_color_blank_1128x752.jpg\",\"datePublished\":\"2024-05-30T08:34:44+00:00\",\"dateModified\":\"2026-03-10T12:05:06+00:00\",\"description\":\"May 30, Pozirk. In a new episode of politically-motivated persecution recorded in Belarus on May 29, law enforcers raided the apartment of an IT engineer,\",\"breadcrumb\":{\"@id\":\"https:\/\/pozirk.online\/en\/news\/87993\/#breadcrumb\"},\"inLanguage\":\"en-US\",\"potentialAction\":[{\"@type\":\"ReadAction\",\"target\":[\"https:\/\/pozirk.online\/en\/news\/87993\/\"]}]},{\"@type\":\"ImageObject\",\"inLanguage\":\"en-US\",\"@id\":\"https:\/\/pozirk.online\/en\/news\/87993\/#primaryimage\",\"url\":\"https:\/\/pozirk.online\/wp-content\/uploads\/2024\/01\/pozirk_color_blank_1128x752.jpg\",\"contentUrl\":\"https:\/\/pozirk.online\/wp-content\/uploads\/2024\/01\/pozirk_color_blank_1128x752.jpg\",\"width\":1128,\"height\":752},{\"@type\":\"BreadcrumbList\",\"@id\":\"https:\/\/pozirk.online\/en\/news\/87993\/#breadcrumb\",\"itemListElement\":[{\"@type\":\"ListItem\",\"position\":1,\"name\":\"Home\",\"item\":\"https:\/\/pozirk.online\/en\/\"},{\"@type\":\"ListItem\",\"position\":2,\"name\":\"Reprisals: police seize critics&#8217; property, protestant preacher faces criminal charge\"}]},{\"@type\":\"WebSite\",\"@id\":\"https:\/\/pozirk.online\/en\/#website\",\"url\":\"https:\/\/pozirk.online\/en\/\",\"name\":\"Pozirk\",\"description\":\"\",\"publisher\":{\"@id\":\"https:\/\/pozirk.online\/en\/#organization\"},\"potentialAction\":[{\"@type\":\"SearchAction\",\"target\":{\"@type\":\"EntryPoint\",\"urlTemplate\":\"https:\/\/pozirk.online\/en\/?s={search_term_string}\"},\"query-input\":{\"@type\":\"PropertyValueSpecification\",\"valueRequired\":true,\"valueName\":\"search_term_string\"}}],\"inLanguage\":\"en-US\"},{\"@type\":\"Organization\",\"@id\":\"https:\/\/pozirk.online\/en\/#organization\",\"name\":\"Pozirk\",\"url\":\"https:\/\/pozirk.online\/en\/\",\"logo\":{\"@type\":\"ImageObject\",\"inLanguage\":\"en-US\",\"@id\":\"https:\/\/pozirk.online\/en\/#\/schema\/logo\/image\/\",\"url\":\"https:\/\/pozirk.online\/wp-content\/uploads\/2023\/11\/cropped-Logo_color_512.png\",\"contentUrl\":\"https:\/\/pozirk.online\/wp-content\/uploads\/2023\/11\/cropped-Logo_color_512.png\",\"width\":512,\"height\":512,\"caption\":\"Pozirk\"},\"image\":{\"@id\":\"https:\/\/pozirk.online\/en\/#\/schema\/logo\/image\/\"},\"sameAs\":[\"https:\/\/www.facebook.com\/pozirkonline\/\",\"https:\/\/x.com\/Pozirk_online\"]}]}<\/script>\n<!-- \/ Yoast SEO plugin. -->","yoast_head_json":{"title":"Reprisals: police seize critics' property, protestant preacher faces criminal charge | Pozirk","description":"May 30, Pozirk. In a new episode of politically-motivated persecution recorded in Belarus on May 29, law enforcers raided the apartment of an IT engineer,","robots":{"index":"index","follow":"follow","max-snippet":"max-snippet:-1","max-image-preview":"max-image-preview:large","max-video-preview":"max-video-preview:-1"},"canonical":"https:\/\/pozirk.online\/en\/news\/87993\/","og_locale":"en_US","og_type":"article","og_title":"Reprisals: police seize critics' property, protestant preacher faces criminal charge | Pozirk","og_description":"May 30, Pozirk. In a new episode of politically-motivated persecution recorded in Belarus on May 29, law enforcers raided the apartment of an IT engineer,","og_url":"https:\/\/pozirk.online\/en\/news\/87993\/","og_site_name":"Pozirk","article_publisher":"https:\/\/www.facebook.com\/pozirkonline\/","article_modified_time":"2026-03-10T12:05:06+00:00","og_image":[{"width":1128,"height":752,"url":"https:\/\/pozirk.online\/wp-content\/uploads\/2024\/01\/pozirk_color_blank_1128x752.jpg","type":"image\/jpeg"}],"twitter_card":"summary_large_image","twitter_site":"@Pozirk_online","twitter_misc":{"Est. reading time":"2 minutes"},"schema":{"@context":"https:\/\/schema.org","@graph":[{"@type":"NewsArticle","@id":"https:\/\/pozirk.online\/en\/news\/87993\/#article","isPartOf":{"@id":"https:\/\/pozirk.online\/en\/news\/87993\/"},"headline":"Reprisals: police seize critics&#8217; property, protestant preacher faces criminal charge","datePublished":"2024-05-30T08:34:44+00:00","dateModified":"2026-03-10T12:05:06+00:00","mainEntityOfPage":{"@id":"https:\/\/pozirk.online\/en\/news\/87993\/"},"wordCount":244,"publisher":{"@id":"https:\/\/pozirk.online\/en\/#organization"},"image":{"@id":"https:\/\/pozirk.online\/en\/news\/87993\/#primaryimage"},"thumbnailUrl":"https:\/\/pozirk.online\/wp-content\/uploads\/2024\/01\/pozirk_color_blank_1128x752.jpg","inLanguage":"en-US"},{"@type":"WebPage","@id":"https:\/\/pozirk.online\/en\/news\/87993\/","url":"https:\/\/pozirk.online\/en\/news\/87993\/","name":"Reprisals: police seize critics' property, protestant preacher faces criminal charge | Pozirk","isPartOf":{"@id":"https:\/\/pozirk.online\/en\/#website"},"primaryImageOfPage":{"@id":"https:\/\/pozirk.online\/en\/news\/87993\/#primaryimage"},"image":{"@id":"https:\/\/pozirk.online\/en\/news\/87993\/#primaryimage"},"thumbnailUrl":"https:\/\/pozirk.online\/wp-content\/uploads\/2024\/01\/pozirk_color_blank_1128x752.jpg","datePublished":"2024-05-30T08:34:44+00:00","dateModified":"2026-03-10T12:05:06+00:00","description":"May 30, Pozirk. In a new episode of politically-motivated persecution recorded in Belarus on May 29, law enforcers raided the apartment of an IT engineer,","breadcrumb":{"@id":"https:\/\/pozirk.online\/en\/news\/87993\/#breadcrumb"},"inLanguage":"en-US","potentialAction":[{"@type":"ReadAction","target":["https:\/\/pozirk.online\/en\/news\/87993\/"]}]},{"@type":"ImageObject","inLanguage":"en-US","@id":"https:\/\/pozirk.online\/en\/news\/87993\/#primaryimage","url":"https:\/\/pozirk.online\/wp-content\/uploads\/2024\/01\/pozirk_color_blank_1128x752.jpg","contentUrl":"https:\/\/pozirk.online\/wp-content\/uploads\/2024\/01\/pozirk_color_blank_1128x752.jpg","width":1128,"height":752},{"@type":"BreadcrumbList","@id":"https:\/\/pozirk.online\/en\/news\/87993\/#breadcrumb","itemListElement":[{"@type":"ListItem","position":1,"name":"Home","item":"https:\/\/pozirk.online\/en\/"},{"@type":"ListItem","position":2,"name":"Reprisals: police seize critics&#8217; property, protestant preacher faces criminal charge"}]},{"@type":"WebSite","@id":"https:\/\/pozirk.online\/en\/#website","url":"https:\/\/pozirk.online\/en\/","name":"Pozirk","description":"","publisher":{"@id":"https:\/\/pozirk.online\/en\/#organization"},"potentialAction":[{"@type":"SearchAction","target":{"@type":"EntryPoint","urlTemplate":"https:\/\/pozirk.online\/en\/?s={search_term_string}"},"query-input":{"@type":"PropertyValueSpecification","valueRequired":true,"valueName":"search_term_string"}}],"inLanguage":"en-US"},{"@type":"Organization","@id":"https:\/\/pozirk.online\/en\/#organization","name":"Pozirk","url":"https:\/\/pozirk.online\/en\/","logo":{"@type":"ImageObject","inLanguage":"en-US","@id":"https:\/\/pozirk.online\/en\/#\/schema\/logo\/image\/","url":"https:\/\/pozirk.online\/wp-content\/uploads\/2023\/11\/cropped-Logo_color_512.png","contentUrl":"https:\/\/pozirk.online\/wp-content\/uploads\/2023\/11\/cropped-Logo_color_512.png","width":512,"height":512,"caption":"Pozirk"},"image":{"@id":"https:\/\/pozirk.online\/en\/#\/schema\/logo\/image\/"},"sameAs":["https:\/\/www.facebook.com\/pozirkonline\/","https:\/\/x.com\/Pozirk_online"]}]}},"_links":{"self":[{"href":"https:\/\/pozirk.online\/en\/wp-json\/wp\/v2\/articles\/87993","targetHints":{"allow":["GET"]}}],"collection":[{"href":"https:\/\/pozirk.online\/en\/wp-json\/wp\/v2\/articles"}],"about":[{"href":"https:\/\/pozirk.online\/en\/wp-json\/wp\/v2\/types\/articles"}],"author":[{"embeddable":true,"href":"https:\/\/pozirk.online\/en\/wp-json\/wp\/v2\/users\/84"}],"wp:featuredmedia":[{"embeddable":true,"href":"https:\/\/pozirk.online\/en\/wp-json\/wp\/v2\/media\/63993"}],"wp:attachment":[{"href":"https:\/\/pozirk.online\/en\/wp-json\/wp\/v2\/media?parent=87993"}],"wp:term":[{"taxonomy":"rubric","embeddable":true,"href":"https:\/\/pozirk.online\/en\/wp-json\/wp\/v2\/rubric?post=87993"}],"curies":[{"name":"wp","href":"https:\/\/api.w.org\/{rel}","templated":true}]}}