{"id":86942,"date":"2024-05-24T13:06:03","date_gmt":"2024-05-24T10:06:03","guid":{"rendered":"https:\/\/pozirk.online\/en\/news\/86942\/"},"modified":"2026-03-10T12:05:06","modified_gmt":"2026-03-10T12:05:06","slug":"opposition-politician-says-judges-to-answer-for-fabricating-cases-against-dissidents","status":"publish","type":"articles","link":"https:\/\/pozirk.online\/en\/news\/86942\/","title":{"rendered":"Opposition politician says judges to answer for politically-motivated convictions"},"content":{"rendered":"\n<figure class=\"block-image block-image-normal\">\n\n  <img decoding=\"async\" width=\"1128\" height=\"751\" src=\"https:\/\/pozirk.online\/wp-content\/uploads\/2024\/03\/viachorka_twitter_1128x752.jpg\" class=\"attachment-full size-full\" alt=\"\" srcset=\"https:\/\/pozirk.online\/wp-content\/uploads\/2024\/03\/viachorka_twitter_1128x752.jpg 1128w, https:\/\/pozirk.online\/wp-content\/uploads\/2024\/03\/viachorka_twitter_1128x752-354x236.jpg 354w, https:\/\/pozirk.online\/wp-content\/uploads\/2024\/03\/viachorka_twitter_1128x752-734x490.jpg 734w, https:\/\/pozirk.online\/wp-content\/uploads\/2024\/03\/viachorka_twitter_1128x752-178x118.jpg 178w, https:\/\/pozirk.online\/wp-content\/uploads\/2024\/03\/viachorka_twitter_1128x752-768x511.jpg 768w\" sizes=\"(max-width: 1128px) 100vw, 1128px\" \/>\n  <figcaption>\n  \n       <div class=\"block-image__author\">\n                <span>(Franak Via\u010dorka&#039;s X account)<\/span>\n    <\/div>\n     <\/figcaption>\n<\/figure>\n\n\n\n<p><strong>May 24, <em>Pozirk<\/em><\/strong>. The trial of Franak Via\u010dorka, exiled regime critic and aide to opposition leader \u015aviat\u0142ana Cichano\u016dskaja, will open at 10.30 am on May 31, says the electronic court schedule.<\/p>\n\n\n\n<p>Judge Valancina Zia\u0144kievi\u010d, known for passing harsh sentences in politically-motivated cases, will preside over proceedings which will be held without the defendant being present.<\/p>\n\n\n\n<p>Three months ago, the Investigative Committee accused Via\u010dorka of conspiracy to overthrow the government, high treason, inciting hatred, organizing mass riots, participating in protests, calling for sanctions, discrediting Belarus, defaming Alaksandar \u0141uka\u0161enka and extremism-related crimes.<\/p>\n\n\n\n<p>&#8220;Let them choke on their special proceedings and their charges,&#8221; Via\u010dorka has told <em>Pozirk<\/em> in a comment on the upcoming trial. &#8220;I don&#8217;t recognize their &#8216;trial&#8217; but I will do my best to hold accountable this HUBAZiK [a short name for interior ministry&#8217;s organized crime unit] clad in robes, as well as all those involved in the reprisals against Belarusians.\u201d<\/p>\n\n\n\n<p>The politician pledged to fight for the liberation of Belarus from \u0141uka\u0161enka\u2019s rule and the release of all people imprisoned in politically-motivated cases.<\/p>\n\n\n\n<p>The Investigative Committee filed criminal charges against hundreds of exiled activists. The Committee for State Security (KGB) also has a list of people it seeks to prosecute in absentia.<\/p>\n\n\n\n<p>Amendments listing 34 offenses and allowing for investigations and trials in absentia came into effect in July 2022.<\/p>\n\n\n\n<div class=\"insert-block\">\n\n    <div class=\"insert-block__img\">\n        <img decoding=\"async\" width=\"354\" height=\"236\" src=\"https:\/\/pozirk.online\/wp-content\/uploads\/2024\/01\/pozirk_color_blank_1128x752-354x236.jpg\" class=\"attachment-medium size-medium\" alt=\"\" srcset=\"https:\/\/pozirk.online\/wp-content\/uploads\/2024\/01\/pozirk_color_blank_1128x752-354x236.jpg 354w, https:\/\/pozirk.online\/wp-content\/uploads\/2024\/01\/pozirk_color_blank_1128x752-734x490.jpg 734w, https:\/\/pozirk.online\/wp-content\/uploads\/2024\/01\/pozirk_color_blank_1128x752-178x118.jpg 178w, https:\/\/pozirk.online\/wp-content\/uploads\/2024\/01\/pozirk_color_blank_1128x752-768x512.jpg 768w, https:\/\/pozirk.online\/wp-content\/uploads\/2024\/01\/pozirk_color_blank_1128x752.jpg 1128w\" sizes=\"(max-width: 354px) 100vw, 354px\" \/>                        <label class=\"insert-block__tag--mobile\"> \u041f\u043e\u043b\u0438\u0442\u0438\u043a\u0430<\/label>\n\n                            <label class=\"insert-block__tag--mobile\"> \u041e\u0431\u0449\u0435\u0441\u0442\u0432\u043e<\/label>\n\n                <\/div>\n    <div class=\"insert-block__text\">\n                    <label class=\"insert-block__tag\">\u041f\u043e\u043b\u0438\u0442\u0438\u043a\u0430, \u041e\u0431\u0449\u0435\u0441\u0442\u0432\u043e<\/label>\n                <h3 class=\"insert-block__title\">Authorities step up reprisals ahead of Coordination Council vote<\/h3>\n        <div class=\"insert-block__descr\">May 24, Pozirk. On Thursday, authorities continued harassing exiled regime critics who are running in the upcoming Coordination Council election. The team of Pavie\u0142 \u0141atu\u0161ka and his coalition reported at least 12 searches by the Committee for State Security (KGB) &#8230;<\/div>\n        <a class=\"insert-block__btn-block\" href=\"\/en\/news\/86916\">\n            <button class=\"btn\">\n                <div class='btn__text'>Read the article<\/div>\n            <\/button>\n        <\/a>\n    <\/div>\n<\/div>","protected":false},"excerpt":{"rendered":"<p>May 24, Pozirk. The trial of Franak Via\u010dorka, exiled regime critic and aide to opposition leader \u015aviat\u0142ana Cichano\u016dskaja, will open at 10.30 am on May 31, says the electronic court schedule. Judge Valancina Zia\u0144kievi\u010d, known for passing harsh sentences in politically-motivated cases, will preside over proceedings which will be held without the defendant being present. [&hellip;]<\/p>\n","protected":false},"author":84,"featured_media":75027,"template":"","rubric":[16],"class_list":["post-86942","articles","type-articles","status-publish","has-post-thumbnail","hentry","rubric-politics"],"acf":[],"yoast_head":"<!-- This site is optimized with the Yoast SEO plugin v25.5 - https:\/\/yoast.com\/wordpress\/plugins\/seo\/ -->\n<title>Opposition politician says judges to answer for politically-motivated convictions | Pozirk<\/title>\n<meta name=\"description\" content=\"May 24, Pozirk. The trial of Franak Via\u010dorka, exiled regime critic and aide to opposition leader \u015aviat\u0142ana Cichano\u016dskaja, will open at 10.30 am on May 31,\" \/>\n<meta name=\"robots\" content=\"index, follow, max-snippet:-1, max-image-preview:large, max-video-preview:-1\" \/>\n<link rel=\"canonical\" href=\"https:\/\/pozirk.online\/en\/news\/86942\/\" \/>\n<meta property=\"og:locale\" content=\"en_US\" \/>\n<meta property=\"og:type\" content=\"article\" \/>\n<meta property=\"og:title\" content=\"Opposition politician says judges to answer for politically-motivated convictions | Pozirk\" \/>\n<meta property=\"og:description\" content=\"May 24, Pozirk. The trial of Franak Via\u010dorka, exiled regime critic and aide to opposition leader \u015aviat\u0142ana Cichano\u016dskaja, will open at 10.30 am on May 31,\" \/>\n<meta property=\"og:url\" content=\"https:\/\/pozirk.online\/en\/news\/86942\/\" \/>\n<meta property=\"og:site_name\" content=\"Pozirk\" \/>\n<meta property=\"article:publisher\" content=\"https:\/\/www.facebook.com\/pozirkonline\/\" \/>\n<meta property=\"article:modified_time\" content=\"2026-03-10T12:05:06+00:00\" \/>\n<meta property=\"og:image\" content=\"https:\/\/pozirk.online\/wp-content\/uploads\/2024\/03\/viachorka_twitter_1128x752.jpg\" \/>\n\t<meta property=\"og:image:width\" content=\"1128\" \/>\n\t<meta property=\"og:image:height\" content=\"751\" \/>\n\t<meta property=\"og:image:type\" content=\"image\/jpeg\" \/>\n<meta name=\"twitter:card\" content=\"summary_large_image\" \/>\n<meta name=\"twitter:site\" content=\"@Pozirk_online\" \/>\n<meta name=\"twitter:label1\" content=\"Est. reading time\" \/>\n\t<meta name=\"twitter:data1\" content=\"2 minutes\" \/>\n<script type=\"application\/ld+json\" class=\"yoast-schema-graph\">{\"@context\":\"https:\/\/schema.org\",\"@graph\":[{\"@type\":\"NewsArticle\",\"@id\":\"https:\/\/pozirk.online\/en\/news\/86942\/#article\",\"isPartOf\":{\"@id\":\"https:\/\/pozirk.online\/en\/news\/86942\/\"},\"headline\":\"Opposition politician says judges to answer for politically-motivated convictions\",\"datePublished\":\"2024-05-24T10:06:03+00:00\",\"dateModified\":\"2026-03-10T12:05:06+00:00\",\"mainEntityOfPage\":{\"@id\":\"https:\/\/pozirk.online\/en\/news\/86942\/\"},\"wordCount\":235,\"publisher\":{\"@id\":\"https:\/\/pozirk.online\/en\/#organization\"},\"image\":{\"@id\":\"https:\/\/pozirk.online\/en\/news\/86942\/#primaryimage\"},\"thumbnailUrl\":\"https:\/\/pozirk.online\/wp-content\/uploads\/2024\/03\/viachorka_twitter_1128x752.jpg\",\"inLanguage\":\"en-US\"},{\"@type\":\"WebPage\",\"@id\":\"https:\/\/pozirk.online\/en\/news\/86942\/\",\"url\":\"https:\/\/pozirk.online\/en\/news\/86942\/\",\"name\":\"Opposition politician says judges to answer for politically-motivated convictions | Pozirk\",\"isPartOf\":{\"@id\":\"https:\/\/pozirk.online\/en\/#website\"},\"primaryImageOfPage\":{\"@id\":\"https:\/\/pozirk.online\/en\/news\/86942\/#primaryimage\"},\"image\":{\"@id\":\"https:\/\/pozirk.online\/en\/news\/86942\/#primaryimage\"},\"thumbnailUrl\":\"https:\/\/pozirk.online\/wp-content\/uploads\/2024\/03\/viachorka_twitter_1128x752.jpg\",\"datePublished\":\"2024-05-24T10:06:03+00:00\",\"dateModified\":\"2026-03-10T12:05:06+00:00\",\"description\":\"May 24, Pozirk. The trial of Franak Via\u010dorka, exiled regime critic and aide to opposition leader \u015aviat\u0142ana Cichano\u016dskaja, will open at 10.30 am on May 31,\",\"breadcrumb\":{\"@id\":\"https:\/\/pozirk.online\/en\/news\/86942\/#breadcrumb\"},\"inLanguage\":\"en-US\",\"potentialAction\":[{\"@type\":\"ReadAction\",\"target\":[\"https:\/\/pozirk.online\/en\/news\/86942\/\"]}]},{\"@type\":\"ImageObject\",\"inLanguage\":\"en-US\",\"@id\":\"https:\/\/pozirk.online\/en\/news\/86942\/#primaryimage\",\"url\":\"https:\/\/pozirk.online\/wp-content\/uploads\/2024\/03\/viachorka_twitter_1128x752.jpg\",\"contentUrl\":\"https:\/\/pozirk.online\/wp-content\/uploads\/2024\/03\/viachorka_twitter_1128x752.jpg\",\"width\":1128,\"height\":751},{\"@type\":\"BreadcrumbList\",\"@id\":\"https:\/\/pozirk.online\/en\/news\/86942\/#breadcrumb\",\"itemListElement\":[{\"@type\":\"ListItem\",\"position\":1,\"name\":\"Home\",\"item\":\"https:\/\/pozirk.online\/en\/\"},{\"@type\":\"ListItem\",\"position\":2,\"name\":\"Opposition politician says judges to answer for politically-motivated convictions\"}]},{\"@type\":\"WebSite\",\"@id\":\"https:\/\/pozirk.online\/en\/#website\",\"url\":\"https:\/\/pozirk.online\/en\/\",\"name\":\"Pozirk\",\"description\":\"\",\"publisher\":{\"@id\":\"https:\/\/pozirk.online\/en\/#organization\"},\"potentialAction\":[{\"@type\":\"SearchAction\",\"target\":{\"@type\":\"EntryPoint\",\"urlTemplate\":\"https:\/\/pozirk.online\/en\/?s={search_term_string}\"},\"query-input\":{\"@type\":\"PropertyValueSpecification\",\"valueRequired\":true,\"valueName\":\"search_term_string\"}}],\"inLanguage\":\"en-US\"},{\"@type\":\"Organization\",\"@id\":\"https:\/\/pozirk.online\/en\/#organization\",\"name\":\"Pozirk\",\"url\":\"https:\/\/pozirk.online\/en\/\",\"logo\":{\"@type\":\"ImageObject\",\"inLanguage\":\"en-US\",\"@id\":\"https:\/\/pozirk.online\/en\/#\/schema\/logo\/image\/\",\"url\":\"https:\/\/pozirk.online\/wp-content\/uploads\/2023\/11\/cropped-Logo_color_512.png\",\"contentUrl\":\"https:\/\/pozirk.online\/wp-content\/uploads\/2023\/11\/cropped-Logo_color_512.png\",\"width\":512,\"height\":512,\"caption\":\"Pozirk\"},\"image\":{\"@id\":\"https:\/\/pozirk.online\/en\/#\/schema\/logo\/image\/\"},\"sameAs\":[\"https:\/\/www.facebook.com\/pozirkonline\/\",\"https:\/\/x.com\/Pozirk_online\"]}]}<\/script>\n<!-- \/ Yoast SEO plugin. -->","yoast_head_json":{"title":"Opposition politician says judges to answer for politically-motivated convictions | Pozirk","description":"May 24, Pozirk. The trial of Franak Via\u010dorka, exiled regime critic and aide to opposition leader \u015aviat\u0142ana Cichano\u016dskaja, will open at 10.30 am on May 31,","robots":{"index":"index","follow":"follow","max-snippet":"max-snippet:-1","max-image-preview":"max-image-preview:large","max-video-preview":"max-video-preview:-1"},"canonical":"https:\/\/pozirk.online\/en\/news\/86942\/","og_locale":"en_US","og_type":"article","og_title":"Opposition politician says judges to answer for politically-motivated convictions | Pozirk","og_description":"May 24, Pozirk. The trial of Franak Via\u010dorka, exiled regime critic and aide to opposition leader \u015aviat\u0142ana Cichano\u016dskaja, will open at 10.30 am on May 31,","og_url":"https:\/\/pozirk.online\/en\/news\/86942\/","og_site_name":"Pozirk","article_publisher":"https:\/\/www.facebook.com\/pozirkonline\/","article_modified_time":"2026-03-10T12:05:06+00:00","og_image":[{"width":1128,"height":751,"url":"https:\/\/pozirk.online\/wp-content\/uploads\/2024\/03\/viachorka_twitter_1128x752.jpg","type":"image\/jpeg"}],"twitter_card":"summary_large_image","twitter_site":"@Pozirk_online","twitter_misc":{"Est. reading time":"2 minutes"},"schema":{"@context":"https:\/\/schema.org","@graph":[{"@type":"NewsArticle","@id":"https:\/\/pozirk.online\/en\/news\/86942\/#article","isPartOf":{"@id":"https:\/\/pozirk.online\/en\/news\/86942\/"},"headline":"Opposition politician says judges to answer for politically-motivated convictions","datePublished":"2024-05-24T10:06:03+00:00","dateModified":"2026-03-10T12:05:06+00:00","mainEntityOfPage":{"@id":"https:\/\/pozirk.online\/en\/news\/86942\/"},"wordCount":235,"publisher":{"@id":"https:\/\/pozirk.online\/en\/#organization"},"image":{"@id":"https:\/\/pozirk.online\/en\/news\/86942\/#primaryimage"},"thumbnailUrl":"https:\/\/pozirk.online\/wp-content\/uploads\/2024\/03\/viachorka_twitter_1128x752.jpg","inLanguage":"en-US"},{"@type":"WebPage","@id":"https:\/\/pozirk.online\/en\/news\/86942\/","url":"https:\/\/pozirk.online\/en\/news\/86942\/","name":"Opposition politician says judges to answer for politically-motivated convictions | Pozirk","isPartOf":{"@id":"https:\/\/pozirk.online\/en\/#website"},"primaryImageOfPage":{"@id":"https:\/\/pozirk.online\/en\/news\/86942\/#primaryimage"},"image":{"@id":"https:\/\/pozirk.online\/en\/news\/86942\/#primaryimage"},"thumbnailUrl":"https:\/\/pozirk.online\/wp-content\/uploads\/2024\/03\/viachorka_twitter_1128x752.jpg","datePublished":"2024-05-24T10:06:03+00:00","dateModified":"2026-03-10T12:05:06+00:00","description":"May 24, Pozirk. The trial of Franak Via\u010dorka, exiled regime critic and aide to opposition leader \u015aviat\u0142ana Cichano\u016dskaja, will open at 10.30 am on May 31,","breadcrumb":{"@id":"https:\/\/pozirk.online\/en\/news\/86942\/#breadcrumb"},"inLanguage":"en-US","potentialAction":[{"@type":"ReadAction","target":["https:\/\/pozirk.online\/en\/news\/86942\/"]}]},{"@type":"ImageObject","inLanguage":"en-US","@id":"https:\/\/pozirk.online\/en\/news\/86942\/#primaryimage","url":"https:\/\/pozirk.online\/wp-content\/uploads\/2024\/03\/viachorka_twitter_1128x752.jpg","contentUrl":"https:\/\/pozirk.online\/wp-content\/uploads\/2024\/03\/viachorka_twitter_1128x752.jpg","width":1128,"height":751},{"@type":"BreadcrumbList","@id":"https:\/\/pozirk.online\/en\/news\/86942\/#breadcrumb","itemListElement":[{"@type":"ListItem","position":1,"name":"Home","item":"https:\/\/pozirk.online\/en\/"},{"@type":"ListItem","position":2,"name":"Opposition politician says judges to answer for politically-motivated convictions"}]},{"@type":"WebSite","@id":"https:\/\/pozirk.online\/en\/#website","url":"https:\/\/pozirk.online\/en\/","name":"Pozirk","description":"","publisher":{"@id":"https:\/\/pozirk.online\/en\/#organization"},"potentialAction":[{"@type":"SearchAction","target":{"@type":"EntryPoint","urlTemplate":"https:\/\/pozirk.online\/en\/?s={search_term_string}"},"query-input":{"@type":"PropertyValueSpecification","valueRequired":true,"valueName":"search_term_string"}}],"inLanguage":"en-US"},{"@type":"Organization","@id":"https:\/\/pozirk.online\/en\/#organization","name":"Pozirk","url":"https:\/\/pozirk.online\/en\/","logo":{"@type":"ImageObject","inLanguage":"en-US","@id":"https:\/\/pozirk.online\/en\/#\/schema\/logo\/image\/","url":"https:\/\/pozirk.online\/wp-content\/uploads\/2023\/11\/cropped-Logo_color_512.png","contentUrl":"https:\/\/pozirk.online\/wp-content\/uploads\/2023\/11\/cropped-Logo_color_512.png","width":512,"height":512,"caption":"Pozirk"},"image":{"@id":"https:\/\/pozirk.online\/en\/#\/schema\/logo\/image\/"},"sameAs":["https:\/\/www.facebook.com\/pozirkonline\/","https:\/\/x.com\/Pozirk_online"]}]}},"_links":{"self":[{"href":"https:\/\/pozirk.online\/en\/wp-json\/wp\/v2\/articles\/86942","targetHints":{"allow":["GET"]}}],"collection":[{"href":"https:\/\/pozirk.online\/en\/wp-json\/wp\/v2\/articles"}],"about":[{"href":"https:\/\/pozirk.online\/en\/wp-json\/wp\/v2\/types\/articles"}],"author":[{"embeddable":true,"href":"https:\/\/pozirk.online\/en\/wp-json\/wp\/v2\/users\/84"}],"wp:featuredmedia":[{"embeddable":true,"href":"https:\/\/pozirk.online\/en\/wp-json\/wp\/v2\/media\/75027"}],"wp:attachment":[{"href":"https:\/\/pozirk.online\/en\/wp-json\/wp\/v2\/media?parent=86942"}],"wp:term":[{"taxonomy":"rubric","embeddable":true,"href":"https:\/\/pozirk.online\/en\/wp-json\/wp\/v2\/rubric?post=86942"}],"curies":[{"name":"wp","href":"https:\/\/api.w.org\/{rel}","templated":true}]}}