{"id":85581,"date":"2024-05-17T11:30:04","date_gmt":"2024-05-17T08:30:04","guid":{"rendered":"https:\/\/pozirk.online\/en\/news\/85581\/"},"modified":"2026-03-10T12:05:06","modified_gmt":"2026-03-10T12:05:06","slug":"reprisals-against-exiled-regime-critics-pick-up-pace","status":"publish","type":"articles","link":"https:\/\/pozirk.online\/en\/news\/85581\/","title":{"rendered":"Reprisals against exiled regime critics pick up pace"},"content":{"rendered":"\n<p><strong>May 17, <em>Pozirk<\/em>. <\/strong>New cases of politically-motivated persecution documented on May 16 showed that Belarusian authorities are expanding reprisals against their exiled opponents, filing criminal charges and threatening property seizure.<\/p>\n\n\n\n<p>The Investigative Committee announced yesterday that it opened a criminal case against 104 exiled Belarusians who celebrated Freedom Day on March 25 abroad. Authorities accuse them of association with an extremist group and discrediting Belarus, as the current government does not recognize Freedom Day as an official holiday and denigrates the proclamation of Belarusian independence in 1918.<\/p>\n\n\n\n<p>Investigators threatened exiled activists with expropriation, with the confiscation of a house from Warsaw-based activist Hanna Fiedaronak reported by <em>Radyjo Svaboda<\/em> later on Thursday.<\/p>\n\n\n\n<p>Julija Sli\u016dko, an exiled activist from Hrodna, said on Facebook that Belarusian authorities also seized some property in her name.<\/p>\n\n\n\n<p>In a separate incident, a judge in Minsk sentenced exiled politician Ivan Kra\u016dco\u016d to 11 years in prison without the defendant being present, the Supreme Court reported. The associate of former presidential candidate Viktar Babaryka was found guilty of conspiring to overthrow the government, forming an extremist group and inciting hatred.<\/p>\n\n\n\n<p>The Committee for State Security designated more than 120 candidates in next week\u2019s election for the opposition Coordination Council as extremists, the interior ministry said.<\/p>\n\n\n\n<p>Exiled Belarusian actor Alaksandar \u017ddanovi\u010d said on Facebook that law enforcers called his family in Belarus and threatened with a possible raid. The actor fled Belarus more than two years ago fearing politically-motivated persecution.<\/p>\n\n\n\n<p>Inside Belarus<\/p>\n\n\n\n<p>On May 16, police-linked Telegram channels released several forced confessions by Belarusians who participated in 2020 postelection protests.<\/p>\n\n\n\n<p>Kiry\u0142 Va\u017amila\u016d from Klimavi\u010dy, Mahilo\u016d region, admitted under duress to burning the state flag after a party at his home in 2020.<\/p>\n\n\n\n<p>In other videos, a woman known as Karyna Ramano\u016dskaja on social media said she participated in protest rallies and followed opposition content, while Siarhiej Manach from Padsville, Viciebsk region, admitted to insulting Alaksandar \u0141uka\u0161enka and calling for violence.<\/p>\n\n\n\n<p>Catholic priests Andrej Juchnievi\u010d and Pavie\u0142 Lemiech, arrested on May 8 in the Viciebsk region, are serving jail terms of 15 and 10 days, respectively, <em>catholicnews.by<\/em> reported, without commenting on charges against them.<\/p>\n\n\n\n<p>Pro-Russian activist Alaksandar Andrejka\u016d, 74, was tried in Viciebsk for allegedly sharing government-critical content, the electronic court schedule said.<\/p>\n\n\n\n<p>D\u017amitryj Baraban is on trial in Hrodna on charges of rioting and defaming the head of state in connection with social media posts critical of \u0141uka\u0161enka, the <em>Sudy. Zaderzhaniya. Grodno i Oblast<\/em> Telegram channel said.<\/p>\n\n\n\n<p>As of May 17, human rights defenders identified at least 1,365 political prisoners but the real number is considerably higher because many cases go undocumented. Opposition sources estimate the number of political prisoners at around 5,000.<\/p>\n\n\n\n<div class=\"insert-block\">\n\n    <div class=\"insert-block__img\">\n        <img decoding=\"async\" width=\"354\" height=\"236\" src=\"https:\/\/pozirk.online\/wp-content\/uploads\/2024\/03\/nacionalnyj_flag_POZ_1128x752-354x236.jpg\" class=\"attachment-medium size-medium\" alt=\"\" srcset=\"https:\/\/pozirk.online\/wp-content\/uploads\/2024\/03\/nacionalnyj_flag_POZ_1128x752-354x236.jpg 354w, https:\/\/pozirk.online\/wp-content\/uploads\/2024\/03\/nacionalnyj_flag_POZ_1128x752-734x490.jpg 734w, https:\/\/pozirk.online\/wp-content\/uploads\/2024\/03\/nacionalnyj_flag_POZ_1128x752-178x118.jpg 178w, https:\/\/pozirk.online\/wp-content\/uploads\/2024\/03\/nacionalnyj_flag_POZ_1128x752-768x512.jpg 768w, https:\/\/pozirk.online\/wp-content\/uploads\/2024\/03\/nacionalnyj_flag_POZ_1128x752.jpg 1128w\" sizes=\"(max-width: 354px) 100vw, 354px\" \/>                        <label class=\"insert-block__tag--mobile\"> Politics<\/label>\n\n                <\/div>\n    <div class=\"insert-block__text\">\n                    <label class=\"insert-block__tag\">Politics<\/label>\n                <h3 class=\"insert-block__title\">Belarus\u2019 investigators target exiled activists, threaten expropriation<\/h3>\n        <div class=\"insert-block__descr\">May 16, Pozirk. Two months after Freedom Day celebrations marking an anniversary of Belarus&#039; short-lived independence in 1918, the country&#039;s Investigative Committee has filed criminal charges against 104 participants in ceremonies abroad, its press office reported. Charges include association with &#8230;<\/div>\n        <a class=\"insert-block__btn-block\" href=\"\/en\/news\/85422\">\n            <button class=\"btn\">\n                <div class='btn__text'>Read the article<\/div>\n            <\/button>\n        <\/a>\n    <\/div>\n<\/div>","protected":false},"excerpt":{"rendered":"<p>May 17, Pozirk. New cases of politically-motivated persecution documented on May 16 showed that Belarusian authorities are expanding reprisals against their exiled opponents, filing criminal charges and threatening property seizure. The Investigative Committee announced yesterday that it opened a criminal case against 104 exiled Belarusians who celebrated Freedom Day on March 25 abroad. Authorities accuse [&hellip;]<\/p>\n","protected":false},"author":84,"featured_media":63993,"template":"","rubric":[14,13],"class_list":["post-85581","articles","type-articles","status-publish","has-post-thumbnail","hentry","rubric-politics","rubric-society"],"acf":[],"yoast_head":"<!-- This site is optimized with the Yoast SEO plugin v25.5 - https:\/\/yoast.com\/wordpress\/plugins\/seo\/ -->\n<title>Reprisals against exiled regime critics pick up pace | Pozirk<\/title>\n<meta name=\"description\" content=\"May 17, Pozirk. New cases of politically-motivated persecution documented on May 16 showed that Belarusian authorities are expanding reprisals against\" \/>\n<meta name=\"robots\" content=\"index, follow, max-snippet:-1, max-image-preview:large, max-video-preview:-1\" \/>\n<link rel=\"canonical\" href=\"https:\/\/pozirk.online\/en\/news\/85581\/\" \/>\n<meta property=\"og:locale\" content=\"en_US\" \/>\n<meta property=\"og:type\" content=\"article\" \/>\n<meta property=\"og:title\" content=\"Reprisals against exiled regime critics pick up pace | Pozirk\" \/>\n<meta property=\"og:description\" content=\"May 17, Pozirk. New cases of politically-motivated persecution documented on May 16 showed that Belarusian authorities are expanding reprisals against\" \/>\n<meta property=\"og:url\" content=\"https:\/\/pozirk.online\/en\/news\/85581\/\" \/>\n<meta property=\"og:site_name\" content=\"Pozirk\" \/>\n<meta property=\"article:publisher\" content=\"https:\/\/www.facebook.com\/pozirkonline\/\" \/>\n<meta property=\"article:modified_time\" content=\"2026-03-10T12:05:06+00:00\" \/>\n<meta property=\"og:image\" content=\"https:\/\/pozirk.online\/wp-content\/uploads\/2024\/01\/pozirk_color_blank_1128x752.jpg\" \/>\n\t<meta property=\"og:image:width\" content=\"1128\" \/>\n\t<meta property=\"og:image:height\" content=\"752\" \/>\n\t<meta property=\"og:image:type\" content=\"image\/jpeg\" \/>\n<meta name=\"twitter:card\" content=\"summary_large_image\" \/>\n<meta name=\"twitter:site\" content=\"@Pozirk_online\" \/>\n<meta name=\"twitter:label1\" content=\"Est. reading time\" \/>\n\t<meta name=\"twitter:data1\" content=\"3 minutes\" \/>\n<script type=\"application\/ld+json\" class=\"yoast-schema-graph\">{\"@context\":\"https:\/\/schema.org\",\"@graph\":[{\"@type\":\"NewsArticle\",\"@id\":\"https:\/\/pozirk.online\/en\/news\/85581\/#article\",\"isPartOf\":{\"@id\":\"https:\/\/pozirk.online\/en\/news\/85581\/\"},\"headline\":\"Reprisals against exiled regime critics pick up pace\",\"datePublished\":\"2024-05-17T08:30:04+00:00\",\"dateModified\":\"2026-03-10T12:05:06+00:00\",\"mainEntityOfPage\":{\"@id\":\"https:\/\/pozirk.online\/en\/news\/85581\/\"},\"wordCount\":445,\"publisher\":{\"@id\":\"https:\/\/pozirk.online\/en\/#organization\"},\"image\":{\"@id\":\"https:\/\/pozirk.online\/en\/news\/85581\/#primaryimage\"},\"thumbnailUrl\":\"https:\/\/pozirk.online\/wp-content\/uploads\/2024\/01\/pozirk_color_blank_1128x752.jpg\",\"inLanguage\":\"en-US\"},{\"@type\":\"WebPage\",\"@id\":\"https:\/\/pozirk.online\/en\/news\/85581\/\",\"url\":\"https:\/\/pozirk.online\/en\/news\/85581\/\",\"name\":\"Reprisals against exiled regime critics pick up pace | Pozirk\",\"isPartOf\":{\"@id\":\"https:\/\/pozirk.online\/en\/#website\"},\"primaryImageOfPage\":{\"@id\":\"https:\/\/pozirk.online\/en\/news\/85581\/#primaryimage\"},\"image\":{\"@id\":\"https:\/\/pozirk.online\/en\/news\/85581\/#primaryimage\"},\"thumbnailUrl\":\"https:\/\/pozirk.online\/wp-content\/uploads\/2024\/01\/pozirk_color_blank_1128x752.jpg\",\"datePublished\":\"2024-05-17T08:30:04+00:00\",\"dateModified\":\"2026-03-10T12:05:06+00:00\",\"description\":\"May 17, Pozirk. New cases of politically-motivated persecution documented on May 16 showed that Belarusian authorities are expanding reprisals against\",\"breadcrumb\":{\"@id\":\"https:\/\/pozirk.online\/en\/news\/85581\/#breadcrumb\"},\"inLanguage\":\"en-US\",\"potentialAction\":[{\"@type\":\"ReadAction\",\"target\":[\"https:\/\/pozirk.online\/en\/news\/85581\/\"]}]},{\"@type\":\"ImageObject\",\"inLanguage\":\"en-US\",\"@id\":\"https:\/\/pozirk.online\/en\/news\/85581\/#primaryimage\",\"url\":\"https:\/\/pozirk.online\/wp-content\/uploads\/2024\/01\/pozirk_color_blank_1128x752.jpg\",\"contentUrl\":\"https:\/\/pozirk.online\/wp-content\/uploads\/2024\/01\/pozirk_color_blank_1128x752.jpg\",\"width\":1128,\"height\":752},{\"@type\":\"BreadcrumbList\",\"@id\":\"https:\/\/pozirk.online\/en\/news\/85581\/#breadcrumb\",\"itemListElement\":[{\"@type\":\"ListItem\",\"position\":1,\"name\":\"Home\",\"item\":\"https:\/\/pozirk.online\/en\/\"},{\"@type\":\"ListItem\",\"position\":2,\"name\":\"Reprisals against exiled regime critics pick up pace\"}]},{\"@type\":\"WebSite\",\"@id\":\"https:\/\/pozirk.online\/en\/#website\",\"url\":\"https:\/\/pozirk.online\/en\/\",\"name\":\"Pozirk\",\"description\":\"\",\"publisher\":{\"@id\":\"https:\/\/pozirk.online\/en\/#organization\"},\"potentialAction\":[{\"@type\":\"SearchAction\",\"target\":{\"@type\":\"EntryPoint\",\"urlTemplate\":\"https:\/\/pozirk.online\/en\/?s={search_term_string}\"},\"query-input\":{\"@type\":\"PropertyValueSpecification\",\"valueRequired\":true,\"valueName\":\"search_term_string\"}}],\"inLanguage\":\"en-US\"},{\"@type\":\"Organization\",\"@id\":\"https:\/\/pozirk.online\/en\/#organization\",\"name\":\"Pozirk\",\"url\":\"https:\/\/pozirk.online\/en\/\",\"logo\":{\"@type\":\"ImageObject\",\"inLanguage\":\"en-US\",\"@id\":\"https:\/\/pozirk.online\/en\/#\/schema\/logo\/image\/\",\"url\":\"https:\/\/pozirk.online\/wp-content\/uploads\/2023\/11\/cropped-Logo_color_512.png\",\"contentUrl\":\"https:\/\/pozirk.online\/wp-content\/uploads\/2023\/11\/cropped-Logo_color_512.png\",\"width\":512,\"height\":512,\"caption\":\"Pozirk\"},\"image\":{\"@id\":\"https:\/\/pozirk.online\/en\/#\/schema\/logo\/image\/\"},\"sameAs\":[\"https:\/\/www.facebook.com\/pozirkonline\/\",\"https:\/\/x.com\/Pozirk_online\"]}]}<\/script>\n<!-- \/ Yoast SEO plugin. -->","yoast_head_json":{"title":"Reprisals against exiled regime critics pick up pace | Pozirk","description":"May 17, Pozirk. New cases of politically-motivated persecution documented on May 16 showed that Belarusian authorities are expanding reprisals against","robots":{"index":"index","follow":"follow","max-snippet":"max-snippet:-1","max-image-preview":"max-image-preview:large","max-video-preview":"max-video-preview:-1"},"canonical":"https:\/\/pozirk.online\/en\/news\/85581\/","og_locale":"en_US","og_type":"article","og_title":"Reprisals against exiled regime critics pick up pace | Pozirk","og_description":"May 17, Pozirk. New cases of politically-motivated persecution documented on May 16 showed that Belarusian authorities are expanding reprisals against","og_url":"https:\/\/pozirk.online\/en\/news\/85581\/","og_site_name":"Pozirk","article_publisher":"https:\/\/www.facebook.com\/pozirkonline\/","article_modified_time":"2026-03-10T12:05:06+00:00","og_image":[{"width":1128,"height":752,"url":"https:\/\/pozirk.online\/wp-content\/uploads\/2024\/01\/pozirk_color_blank_1128x752.jpg","type":"image\/jpeg"}],"twitter_card":"summary_large_image","twitter_site":"@Pozirk_online","twitter_misc":{"Est. reading time":"3 minutes"},"schema":{"@context":"https:\/\/schema.org","@graph":[{"@type":"NewsArticle","@id":"https:\/\/pozirk.online\/en\/news\/85581\/#article","isPartOf":{"@id":"https:\/\/pozirk.online\/en\/news\/85581\/"},"headline":"Reprisals against exiled regime critics pick up pace","datePublished":"2024-05-17T08:30:04+00:00","dateModified":"2026-03-10T12:05:06+00:00","mainEntityOfPage":{"@id":"https:\/\/pozirk.online\/en\/news\/85581\/"},"wordCount":445,"publisher":{"@id":"https:\/\/pozirk.online\/en\/#organization"},"image":{"@id":"https:\/\/pozirk.online\/en\/news\/85581\/#primaryimage"},"thumbnailUrl":"https:\/\/pozirk.online\/wp-content\/uploads\/2024\/01\/pozirk_color_blank_1128x752.jpg","inLanguage":"en-US"},{"@type":"WebPage","@id":"https:\/\/pozirk.online\/en\/news\/85581\/","url":"https:\/\/pozirk.online\/en\/news\/85581\/","name":"Reprisals against exiled regime critics pick up pace | Pozirk","isPartOf":{"@id":"https:\/\/pozirk.online\/en\/#website"},"primaryImageOfPage":{"@id":"https:\/\/pozirk.online\/en\/news\/85581\/#primaryimage"},"image":{"@id":"https:\/\/pozirk.online\/en\/news\/85581\/#primaryimage"},"thumbnailUrl":"https:\/\/pozirk.online\/wp-content\/uploads\/2024\/01\/pozirk_color_blank_1128x752.jpg","datePublished":"2024-05-17T08:30:04+00:00","dateModified":"2026-03-10T12:05:06+00:00","description":"May 17, Pozirk. New cases of politically-motivated persecution documented on May 16 showed that Belarusian authorities are expanding reprisals against","breadcrumb":{"@id":"https:\/\/pozirk.online\/en\/news\/85581\/#breadcrumb"},"inLanguage":"en-US","potentialAction":[{"@type":"ReadAction","target":["https:\/\/pozirk.online\/en\/news\/85581\/"]}]},{"@type":"ImageObject","inLanguage":"en-US","@id":"https:\/\/pozirk.online\/en\/news\/85581\/#primaryimage","url":"https:\/\/pozirk.online\/wp-content\/uploads\/2024\/01\/pozirk_color_blank_1128x752.jpg","contentUrl":"https:\/\/pozirk.online\/wp-content\/uploads\/2024\/01\/pozirk_color_blank_1128x752.jpg","width":1128,"height":752},{"@type":"BreadcrumbList","@id":"https:\/\/pozirk.online\/en\/news\/85581\/#breadcrumb","itemListElement":[{"@type":"ListItem","position":1,"name":"Home","item":"https:\/\/pozirk.online\/en\/"},{"@type":"ListItem","position":2,"name":"Reprisals against exiled regime critics pick up pace"}]},{"@type":"WebSite","@id":"https:\/\/pozirk.online\/en\/#website","url":"https:\/\/pozirk.online\/en\/","name":"Pozirk","description":"","publisher":{"@id":"https:\/\/pozirk.online\/en\/#organization"},"potentialAction":[{"@type":"SearchAction","target":{"@type":"EntryPoint","urlTemplate":"https:\/\/pozirk.online\/en\/?s={search_term_string}"},"query-input":{"@type":"PropertyValueSpecification","valueRequired":true,"valueName":"search_term_string"}}],"inLanguage":"en-US"},{"@type":"Organization","@id":"https:\/\/pozirk.online\/en\/#organization","name":"Pozirk","url":"https:\/\/pozirk.online\/en\/","logo":{"@type":"ImageObject","inLanguage":"en-US","@id":"https:\/\/pozirk.online\/en\/#\/schema\/logo\/image\/","url":"https:\/\/pozirk.online\/wp-content\/uploads\/2023\/11\/cropped-Logo_color_512.png","contentUrl":"https:\/\/pozirk.online\/wp-content\/uploads\/2023\/11\/cropped-Logo_color_512.png","width":512,"height":512,"caption":"Pozirk"},"image":{"@id":"https:\/\/pozirk.online\/en\/#\/schema\/logo\/image\/"},"sameAs":["https:\/\/www.facebook.com\/pozirkonline\/","https:\/\/x.com\/Pozirk_online"]}]}},"_links":{"self":[{"href":"https:\/\/pozirk.online\/en\/wp-json\/wp\/v2\/articles\/85581","targetHints":{"allow":["GET"]}}],"collection":[{"href":"https:\/\/pozirk.online\/en\/wp-json\/wp\/v2\/articles"}],"about":[{"href":"https:\/\/pozirk.online\/en\/wp-json\/wp\/v2\/types\/articles"}],"author":[{"embeddable":true,"href":"https:\/\/pozirk.online\/en\/wp-json\/wp\/v2\/users\/84"}],"wp:featuredmedia":[{"embeddable":true,"href":"https:\/\/pozirk.online\/en\/wp-json\/wp\/v2\/media\/63993"}],"wp:attachment":[{"href":"https:\/\/pozirk.online\/en\/wp-json\/wp\/v2\/media?parent=85581"}],"wp:term":[{"taxonomy":"rubric","embeddable":true,"href":"https:\/\/pozirk.online\/en\/wp-json\/wp\/v2\/rubric?post=85581"}],"curies":[{"name":"wp","href":"https:\/\/api.w.org\/{rel}","templated":true}]}}