{"id":84546,"date":"2024-05-09T22:17:09","date_gmt":"2024-05-09T19:17:09","guid":{"rendered":"https:\/\/pozirk.online\/en\/news\/84546\/"},"modified":"2026-02-24T20:40:57","modified_gmt":"2026-02-24T20:40:57","slug":"catholic-priest-rector-arrested-in-sumilina","status":"publish","type":"articles","link":"https:\/\/pozirk.online\/en\/news\/84546\/","title":{"rendered":"Catholic priest, rector arrested in \u0160umilina"},"content":{"rendered":"\n<figure class=\"block-image block-image-normal\">\n\n  <img decoding=\"async\" width=\"1128\" height=\"752\" src=\"https:\/\/pozirk.online\/wp-content\/uploads\/2024\/05\/juhnevich_lemeh_catholicnews_1128x752.jpg\" class=\"attachment-full size-full\" alt=\"\" srcset=\"https:\/\/pozirk.online\/wp-content\/uploads\/2024\/05\/juhnevich_lemeh_catholicnews_1128x752.jpg 1128w, https:\/\/pozirk.online\/wp-content\/uploads\/2024\/05\/juhnevich_lemeh_catholicnews_1128x752-354x236.jpg 354w, https:\/\/pozirk.online\/wp-content\/uploads\/2024\/05\/juhnevich_lemeh_catholicnews_1128x752-734x490.jpg 734w, https:\/\/pozirk.online\/wp-content\/uploads\/2024\/05\/juhnevich_lemeh_catholicnews_1128x752-178x118.jpg 178w, https:\/\/pozirk.online\/wp-content\/uploads\/2024\/05\/juhnevich_lemeh_catholicnews_1128x752-768x512.jpg 768w\" sizes=\"(max-width: 1128px) 100vw, 1128px\" \/>\n  <figcaption>\n      <div class=\"block-image__descr\">\n\n        From left to right: Juchnievi\u010d and Lemiech\n    <\/div>\n  \n       <div class=\"block-image__author\">\n                <span>(catholicnews.by)<\/span>\n    <\/div>\n     <\/figcaption>\n<\/figure>\n\n\n\n<p><strong>May 9, <em>Pozirk.<\/em><\/strong> Authorities have arrested Andrej Juchnievi\u010d (Andrzej Juchniewicz), rector of the church of Our Lady of F\u00e1tima in \u0160umilina, Viciebsk region, and priest Pavie\u0142 Lemiech for unknown reasons, Chryscianskaja Vizija reported.<\/p>\n\n\n\n<p>It said that the arrests were made after the Viciebsk diocese&#8217;s priests and monks had met in the church yesterday.<\/p>\n\n\n\n<p>&#8220;Andrzej Juchniewicz is the chairman of a coordination group of abbots and representatives of monastic communities. It is an ecclesiastical body that deals with cooperation between monastic orders in Belarus,&#8221; Chryscianskaja Vizija said.<\/p>\n\n\n\n<p>According to the human rights group, at least 26 Roman Catholic Church clerics and believers have been persecuted in the country since 2020.<\/p>\n\n\n\n<p>Also read: <a href=\"https:\/\/pozirk.online\/en\/news\/82369\/\">Catholic activist given restricted freedom term<\/a><\/p>\n","protected":false},"excerpt":{"rendered":"<p>May 9, Pozirk. Authorities have arrested Andrej Juchnievi\u010d (Andrzej Juchniewicz), rector of the church of Our Lady of F\u00e1tima in \u0160umilina, Viciebsk region, and priest Pavie\u0142 Lemiech for unknown reasons, Chryscianskaja Vizija reported. It said that the arrests were made after the Viciebsk diocese&#8217;s priests and monks had met in the church yesterday. &#8220;Andrzej Juchniewicz [&hellip;]<\/p>\n","protected":false},"author":75,"featured_media":84478,"template":"","rubric":[13],"class_list":["post-84546","articles","type-articles","status-publish","has-post-thumbnail","hentry","rubric-society"],"acf":[],"yoast_head":"<!-- This site is optimized with the Yoast SEO plugin v25.5 - https:\/\/yoast.com\/wordpress\/plugins\/seo\/ -->\n<title>Catholic priest, rector arrested in \u0160umilina | Pozirk<\/title>\n<meta name=\"description\" content=\"May 9, Pozirk. Authorities have arrested Andrej Juchnievi\u010d (Andrzej Juchniewicz), rector of the church of Our Lady of F\u00e1tima in \u0160umilina, Viciebsk region,\" \/>\n<meta name=\"robots\" content=\"index, follow, max-snippet:-1, max-image-preview:large, max-video-preview:-1\" \/>\n<link rel=\"canonical\" href=\"https:\/\/pozirk.online\/en\/news\/84546\/\" \/>\n<meta property=\"og:locale\" content=\"en_US\" \/>\n<meta property=\"og:type\" content=\"article\" \/>\n<meta property=\"og:title\" content=\"Catholic priest, rector arrested in \u0160umilina | Pozirk\" \/>\n<meta property=\"og:description\" content=\"May 9, Pozirk. Authorities have arrested Andrej Juchnievi\u010d (Andrzej Juchniewicz), rector of the church of Our Lady of F\u00e1tima in \u0160umilina, Viciebsk region,\" \/>\n<meta property=\"og:url\" content=\"https:\/\/pozirk.online\/en\/news\/84546\/\" \/>\n<meta property=\"og:site_name\" content=\"Pozirk\" \/>\n<meta property=\"article:publisher\" content=\"https:\/\/www.facebook.com\/pozirkonline\/\" \/>\n<meta property=\"article:modified_time\" content=\"2026-02-24T20:40:57+00:00\" \/>\n<meta property=\"og:image\" content=\"https:\/\/pozirk.online\/wp-content\/uploads\/2024\/05\/juhnevich_lemeh_catholicnews_1128x752.jpg\" \/>\n\t<meta property=\"og:image:width\" content=\"1128\" \/>\n\t<meta property=\"og:image:height\" content=\"752\" \/>\n\t<meta property=\"og:image:type\" content=\"image\/jpeg\" \/>\n<meta name=\"twitter:card\" content=\"summary_large_image\" \/>\n<meta name=\"twitter:site\" content=\"@Pozirk_online\" \/>\n<meta name=\"twitter:label1\" content=\"Est. reading time\" \/>\n\t<meta name=\"twitter:data1\" content=\"1 minute\" \/>\n<script type=\"application\/ld+json\" class=\"yoast-schema-graph\">{\"@context\":\"https:\/\/schema.org\",\"@graph\":[{\"@type\":\"NewsArticle\",\"@id\":\"https:\/\/pozirk.online\/en\/news\/84546\/#article\",\"isPartOf\":{\"@id\":\"https:\/\/pozirk.online\/en\/news\/84546\/\"},\"headline\":\"Catholic priest, rector arrested in \u0160umilina\",\"datePublished\":\"2024-05-09T19:17:09+00:00\",\"dateModified\":\"2026-02-24T20:40:57+00:00\",\"mainEntityOfPage\":{\"@id\":\"https:\/\/pozirk.online\/en\/news\/84546\/\"},\"wordCount\":122,\"publisher\":{\"@id\":\"https:\/\/pozirk.online\/en\/#organization\"},\"image\":{\"@id\":\"https:\/\/pozirk.online\/en\/news\/84546\/#primaryimage\"},\"thumbnailUrl\":\"https:\/\/pozirk.online\/wp-content\/uploads\/2024\/05\/juhnevich_lemeh_catholicnews_1128x752.jpg\",\"inLanguage\":\"en-US\"},{\"@type\":\"WebPage\",\"@id\":\"https:\/\/pozirk.online\/en\/news\/84546\/\",\"url\":\"https:\/\/pozirk.online\/en\/news\/84546\/\",\"name\":\"Catholic priest, rector arrested in \u0160umilina | Pozirk\",\"isPartOf\":{\"@id\":\"https:\/\/pozirk.online\/en\/#website\"},\"primaryImageOfPage\":{\"@id\":\"https:\/\/pozirk.online\/en\/news\/84546\/#primaryimage\"},\"image\":{\"@id\":\"https:\/\/pozirk.online\/en\/news\/84546\/#primaryimage\"},\"thumbnailUrl\":\"https:\/\/pozirk.online\/wp-content\/uploads\/2024\/05\/juhnevich_lemeh_catholicnews_1128x752.jpg\",\"datePublished\":\"2024-05-09T19:17:09+00:00\",\"dateModified\":\"2026-02-24T20:40:57+00:00\",\"description\":\"May 9, Pozirk. Authorities have arrested Andrej Juchnievi\u010d (Andrzej Juchniewicz), rector of the church of Our Lady of F\u00e1tima in \u0160umilina, Viciebsk region,\",\"breadcrumb\":{\"@id\":\"https:\/\/pozirk.online\/en\/news\/84546\/#breadcrumb\"},\"inLanguage\":\"en-US\",\"potentialAction\":[{\"@type\":\"ReadAction\",\"target\":[\"https:\/\/pozirk.online\/en\/news\/84546\/\"]}]},{\"@type\":\"ImageObject\",\"inLanguage\":\"en-US\",\"@id\":\"https:\/\/pozirk.online\/en\/news\/84546\/#primaryimage\",\"url\":\"https:\/\/pozirk.online\/wp-content\/uploads\/2024\/05\/juhnevich_lemeh_catholicnews_1128x752.jpg\",\"contentUrl\":\"https:\/\/pozirk.online\/wp-content\/uploads\/2024\/05\/juhnevich_lemeh_catholicnews_1128x752.jpg\",\"width\":1128,\"height\":752},{\"@type\":\"BreadcrumbList\",\"@id\":\"https:\/\/pozirk.online\/en\/news\/84546\/#breadcrumb\",\"itemListElement\":[{\"@type\":\"ListItem\",\"position\":1,\"name\":\"Home\",\"item\":\"https:\/\/pozirk.online\/en\/\"},{\"@type\":\"ListItem\",\"position\":2,\"name\":\"Catholic priest, rector arrested in \u0160umilina\"}]},{\"@type\":\"WebSite\",\"@id\":\"https:\/\/pozirk.online\/en\/#website\",\"url\":\"https:\/\/pozirk.online\/en\/\",\"name\":\"Pozirk\",\"description\":\"\",\"publisher\":{\"@id\":\"https:\/\/pozirk.online\/en\/#organization\"},\"potentialAction\":[{\"@type\":\"SearchAction\",\"target\":{\"@type\":\"EntryPoint\",\"urlTemplate\":\"https:\/\/pozirk.online\/en\/?s={search_term_string}\"},\"query-input\":{\"@type\":\"PropertyValueSpecification\",\"valueRequired\":true,\"valueName\":\"search_term_string\"}}],\"inLanguage\":\"en-US\"},{\"@type\":\"Organization\",\"@id\":\"https:\/\/pozirk.online\/en\/#organization\",\"name\":\"Pozirk\",\"url\":\"https:\/\/pozirk.online\/en\/\",\"logo\":{\"@type\":\"ImageObject\",\"inLanguage\":\"en-US\",\"@id\":\"https:\/\/pozirk.online\/en\/#\/schema\/logo\/image\/\",\"url\":\"https:\/\/pozirk.online\/wp-content\/uploads\/2023\/11\/cropped-Logo_color_512.png\",\"contentUrl\":\"https:\/\/pozirk.online\/wp-content\/uploads\/2023\/11\/cropped-Logo_color_512.png\",\"width\":512,\"height\":512,\"caption\":\"Pozirk\"},\"image\":{\"@id\":\"https:\/\/pozirk.online\/en\/#\/schema\/logo\/image\/\"},\"sameAs\":[\"https:\/\/www.facebook.com\/pozirkonline\/\",\"https:\/\/x.com\/Pozirk_online\"]}]}<\/script>\n<!-- \/ Yoast SEO plugin. -->","yoast_head_json":{"title":"Catholic priest, rector arrested in \u0160umilina | Pozirk","description":"May 9, Pozirk. Authorities have arrested Andrej Juchnievi\u010d (Andrzej Juchniewicz), rector of the church of Our Lady of F\u00e1tima in \u0160umilina, Viciebsk region,","robots":{"index":"index","follow":"follow","max-snippet":"max-snippet:-1","max-image-preview":"max-image-preview:large","max-video-preview":"max-video-preview:-1"},"canonical":"https:\/\/pozirk.online\/en\/news\/84546\/","og_locale":"en_US","og_type":"article","og_title":"Catholic priest, rector arrested in \u0160umilina | Pozirk","og_description":"May 9, Pozirk. Authorities have arrested Andrej Juchnievi\u010d (Andrzej Juchniewicz), rector of the church of Our Lady of F\u00e1tima in \u0160umilina, Viciebsk region,","og_url":"https:\/\/pozirk.online\/en\/news\/84546\/","og_site_name":"Pozirk","article_publisher":"https:\/\/www.facebook.com\/pozirkonline\/","article_modified_time":"2026-02-24T20:40:57+00:00","og_image":[{"width":1128,"height":752,"url":"https:\/\/pozirk.online\/wp-content\/uploads\/2024\/05\/juhnevich_lemeh_catholicnews_1128x752.jpg","type":"image\/jpeg"}],"twitter_card":"summary_large_image","twitter_site":"@Pozirk_online","twitter_misc":{"Est. reading time":"1 minute"},"schema":{"@context":"https:\/\/schema.org","@graph":[{"@type":"NewsArticle","@id":"https:\/\/pozirk.online\/en\/news\/84546\/#article","isPartOf":{"@id":"https:\/\/pozirk.online\/en\/news\/84546\/"},"headline":"Catholic priest, rector arrested in \u0160umilina","datePublished":"2024-05-09T19:17:09+00:00","dateModified":"2026-02-24T20:40:57+00:00","mainEntityOfPage":{"@id":"https:\/\/pozirk.online\/en\/news\/84546\/"},"wordCount":122,"publisher":{"@id":"https:\/\/pozirk.online\/en\/#organization"},"image":{"@id":"https:\/\/pozirk.online\/en\/news\/84546\/#primaryimage"},"thumbnailUrl":"https:\/\/pozirk.online\/wp-content\/uploads\/2024\/05\/juhnevich_lemeh_catholicnews_1128x752.jpg","inLanguage":"en-US"},{"@type":"WebPage","@id":"https:\/\/pozirk.online\/en\/news\/84546\/","url":"https:\/\/pozirk.online\/en\/news\/84546\/","name":"Catholic priest, rector arrested in \u0160umilina | Pozirk","isPartOf":{"@id":"https:\/\/pozirk.online\/en\/#website"},"primaryImageOfPage":{"@id":"https:\/\/pozirk.online\/en\/news\/84546\/#primaryimage"},"image":{"@id":"https:\/\/pozirk.online\/en\/news\/84546\/#primaryimage"},"thumbnailUrl":"https:\/\/pozirk.online\/wp-content\/uploads\/2024\/05\/juhnevich_lemeh_catholicnews_1128x752.jpg","datePublished":"2024-05-09T19:17:09+00:00","dateModified":"2026-02-24T20:40:57+00:00","description":"May 9, Pozirk. Authorities have arrested Andrej Juchnievi\u010d (Andrzej Juchniewicz), rector of the church of Our Lady of F\u00e1tima in \u0160umilina, Viciebsk region,","breadcrumb":{"@id":"https:\/\/pozirk.online\/en\/news\/84546\/#breadcrumb"},"inLanguage":"en-US","potentialAction":[{"@type":"ReadAction","target":["https:\/\/pozirk.online\/en\/news\/84546\/"]}]},{"@type":"ImageObject","inLanguage":"en-US","@id":"https:\/\/pozirk.online\/en\/news\/84546\/#primaryimage","url":"https:\/\/pozirk.online\/wp-content\/uploads\/2024\/05\/juhnevich_lemeh_catholicnews_1128x752.jpg","contentUrl":"https:\/\/pozirk.online\/wp-content\/uploads\/2024\/05\/juhnevich_lemeh_catholicnews_1128x752.jpg","width":1128,"height":752},{"@type":"BreadcrumbList","@id":"https:\/\/pozirk.online\/en\/news\/84546\/#breadcrumb","itemListElement":[{"@type":"ListItem","position":1,"name":"Home","item":"https:\/\/pozirk.online\/en\/"},{"@type":"ListItem","position":2,"name":"Catholic priest, rector arrested in \u0160umilina"}]},{"@type":"WebSite","@id":"https:\/\/pozirk.online\/en\/#website","url":"https:\/\/pozirk.online\/en\/","name":"Pozirk","description":"","publisher":{"@id":"https:\/\/pozirk.online\/en\/#organization"},"potentialAction":[{"@type":"SearchAction","target":{"@type":"EntryPoint","urlTemplate":"https:\/\/pozirk.online\/en\/?s={search_term_string}"},"query-input":{"@type":"PropertyValueSpecification","valueRequired":true,"valueName":"search_term_string"}}],"inLanguage":"en-US"},{"@type":"Organization","@id":"https:\/\/pozirk.online\/en\/#organization","name":"Pozirk","url":"https:\/\/pozirk.online\/en\/","logo":{"@type":"ImageObject","inLanguage":"en-US","@id":"https:\/\/pozirk.online\/en\/#\/schema\/logo\/image\/","url":"https:\/\/pozirk.online\/wp-content\/uploads\/2023\/11\/cropped-Logo_color_512.png","contentUrl":"https:\/\/pozirk.online\/wp-content\/uploads\/2023\/11\/cropped-Logo_color_512.png","width":512,"height":512,"caption":"Pozirk"},"image":{"@id":"https:\/\/pozirk.online\/en\/#\/schema\/logo\/image\/"},"sameAs":["https:\/\/www.facebook.com\/pozirkonline\/","https:\/\/x.com\/Pozirk_online"]}]}},"_links":{"self":[{"href":"https:\/\/pozirk.online\/en\/wp-json\/wp\/v2\/articles\/84546","targetHints":{"allow":["GET"]}}],"collection":[{"href":"https:\/\/pozirk.online\/en\/wp-json\/wp\/v2\/articles"}],"about":[{"href":"https:\/\/pozirk.online\/en\/wp-json\/wp\/v2\/types\/articles"}],"author":[{"embeddable":true,"href":"https:\/\/pozirk.online\/en\/wp-json\/wp\/v2\/users\/75"}],"wp:featuredmedia":[{"embeddable":true,"href":"https:\/\/pozirk.online\/en\/wp-json\/wp\/v2\/media\/84478"}],"wp:attachment":[{"href":"https:\/\/pozirk.online\/en\/wp-json\/wp\/v2\/media?parent=84546"}],"wp:term":[{"taxonomy":"rubric","embeddable":true,"href":"https:\/\/pozirk.online\/en\/wp-json\/wp\/v2\/rubric?post=84546"}],"curies":[{"name":"wp","href":"https:\/\/api.w.org\/{rel}","templated":true}]}}