{"id":80856,"date":"2024-04-19T12:11:43","date_gmt":"2024-04-19T09:11:43","guid":{"rendered":"https:\/\/pozirk.online\/en\/news\/80856\/"},"modified":"2026-03-10T12:05:06","modified_gmt":"2026-03-10T12:05:06","slug":"update-on-arrests-trials-politically-motivated-persecution-166","status":"publish","type":"articles","link":"https:\/\/pozirk.online\/en\/news\/80856\/","title":{"rendered":"Update on arrests, trials, politically-motivated persecution"},"content":{"rendered":"\n<p><strong>April 19, <em>Pozirk<\/em>.<\/strong> New instances of politically-motivated persecution were documented in Belarus on April 18 as harassment of 2020 protesters continued.<\/p>\n\n\n\n<p>Arrested and released<\/p>\n\n\n\n<p>Police arrested D\u017amitryj Postnika\u016d in Brest for participating in 2020 postelection protests, a pro-government source said.<\/p>\n\n\n\n<p>A 38-year-old man from Marjina Horka, Minsk region, is under arrest for alleged intentions to join the Ukrainian Armed Forces, the Investigative Committee said. Authorities also claimed he was planning a terrorist attack in Belarus.<\/p>\n\n\n\n<p>A young man was arrested in Minsk for participating in 2020 protests and accused of &#8220;standing on the barricades,&#8221; a pro-government source said.<\/p>\n\n\n\n<p>Authorities released Ivan Paciej\u010duk, Maksim Imchavik and Andrej Tarasaviec after they had served three-year prison terms over 2020 protests, the Brest branch of the Viasna Human Rights Center reported. All three were minors in August 2020.<\/p>\n\n\n\n<p>Trials<\/p>\n\n\n\n<p>Andrej Mara\u010do\u016d, an engineer at a flax mill in the Viciebsk region, was jailed for three days for sharing a post on Odnoklassniki, the <em>Vitebsk, ya gulayu!<\/em> Telegram channel said. Authorities also confiscated his computer.<\/p>\n\n\n\n<p>Criminal proceedings<\/p>\n\n\n\n<p>Ihar Parunkievi\u010d, a former bar owner from Pastavy, Viciebsk region, who ran fundraisers for reprisal victims, is being tried in Minsk without the defender being present, Viasna reported. He is accused of inciting hatred, insulting Alaksandar \u0141uka\u0161enka, threatening police officers with violence and facilitating extremism. Parunkievi\u010d fled Belarus.<\/p>\n\n\n\n<p>The Minsk City Court opened a hearing against Ivan Kra\u016dco\u016d, an exiled member of former presidential hopeful Viktar Babaryka&#8217;s team, <em>Pozirk<\/em> reported. Charges against him include fraud, conspiracy to seize the state power, setting up and participating in activities of an extremist group.<\/p>\n\n\n\n<p>On March 28, a Minsk judge sentenced Vadzim Piatro\u016dski to two and a half years of restricted freedom in home confinement over 2020 protests, Viasna said.<\/p>\n\n\n\n<p>Valeryj Zalivaka went on trial to answer extremism charges in connection with donations to solidarity groups, <em>Na\u0161a Niva<\/em> reported.<\/p>\n\n\n\n<p>Anatol Kirej\u010dyk, 74, is on trial in Homiel on charges of slander, illegal actions with firearms and insulting at least 135 officials and law enforcers, the Homiel branch of Viasna said.<\/p>\n\n\n\n<p>Siarhiej Mielnika\u016d from the Viciebsk region was given 13 months in prison for an alleged obscene post accompanying \u0141uka\u0161enka\u2019s picture, according to <em>Vitebsk, ya gulayu!<\/em><\/p>\n\n\n\n<p>Other instances of persecution<\/p>\n\n\n\n<p>Iryna Suryhina, a mother of three from Babrujsk, Mahilo\u016d region, died aged 39, <em>Belsat<\/em> reported. In 2021, she faced politically-motivated persecution.<\/p>\n\n\n\n<p>Christian preacher Sierhij Mieljaniec, a father of seven, fled Belarus after serving 25 days in jail, Chry\u015bcijanskaja Vizija said.<\/p>\n\n\n\n<p>Kry\u015bcina \u010carankova, an activist and frontwoman of the VIKT(A)R xOi! band from Mazyr, Homiel region, also left Belarus days after her release from prison, Andrej Stry\u017eak of the BySol Solidarity Foundation said on Facebook, citing threats of new persecution.<\/p>\n\n\n\n<p>As of April 19, human rights defenders identified at least 1,387 political prisoners but the real number is considerably higher because many cases go undocumented. Opposition sources estimate the number of political prisoners at around 5,000.<\/p>\n\n\n\n<div class=\"insert-block\">\n\n    <div class=\"insert-block__img\">\n        <img decoding=\"async\" width=\"354\" height=\"236\" src=\"https:\/\/pozirk.online\/wp-content\/uploads\/2024\/04\/Cherenkova_instagram_1128_20240418-354x236.jpg\" class=\"attachment-medium size-medium\" alt=\"\" srcset=\"https:\/\/pozirk.online\/wp-content\/uploads\/2024\/04\/Cherenkova_instagram_1128_20240418-354x236.jpg 354w, https:\/\/pozirk.online\/wp-content\/uploads\/2024\/04\/Cherenkova_instagram_1128_20240418-734x490.jpg 734w, https:\/\/pozirk.online\/wp-content\/uploads\/2024\/04\/Cherenkova_instagram_1128_20240418-178x118.jpg 178w, https:\/\/pozirk.online\/wp-content\/uploads\/2024\/04\/Cherenkova_instagram_1128_20240418-768x512.jpg 768w, https:\/\/pozirk.online\/wp-content\/uploads\/2024\/04\/Cherenkova_instagram_1128_20240418.jpg 1128w\" sizes=\"(max-width: 354px) 100vw, 354px\" \/>                        <label class=\"insert-block__tag--mobile\"> \u041f\u043e\u043b\u0438\u0442\u0438\u043a\u0430<\/label>\n\n                <\/div>\n    <div class=\"insert-block__text\">\n                    <label class=\"insert-block__tag\">\u041f\u043e\u043b\u0438\u0442\u0438\u043a\u0430<\/label>\n                <h3 class=\"insert-block__title\">BySol helps former political prisoner leave Belarus<\/h3>\n        <div class=\"insert-block__descr\">April 18, Pozirk. The BySol Solidarity Foundation has helped Kry\u015bcina \u010carankova, an activist and frontwoman of the VIKT(A)R xOi! band from Mazyr, Homiel region, leave Belarus days after her release from prison, its co-founder Andrej Stry\u017eak said on Facebook, citing &#8230;<\/div>\n        <a class=\"insert-block__btn-block\" href=\"\/en\/news\/80582\">\n            <button class=\"btn\">\n                <div class='btn__text'>Read the article<\/div>\n            <\/button>\n        <\/a>\n    <\/div>\n<\/div>","protected":false},"excerpt":{"rendered":"<p>April 19, Pozirk. New instances of politically-motivated persecution were documented in Belarus on April 18 as harassment of 2020 protesters continued. Arrested and released Police arrested D\u017amitryj Postnika\u016d in Brest for participating in 2020 postelection protests, a pro-government source said. A 38-year-old man from Marjina Horka, Minsk region, is under arrest for alleged intentions to [&hellip;]<\/p>\n","protected":false},"author":84,"featured_media":63993,"template":"","rubric":[14],"class_list":["post-80856","articles","type-articles","status-publish","has-post-thumbnail","hentry","rubric-politics"],"acf":[],"yoast_head":"<!-- This site is optimized with the Yoast SEO plugin v25.5 - https:\/\/yoast.com\/wordpress\/plugins\/seo\/ -->\n<title>Update on arrests, trials, politically-motivated persecution | Pozirk<\/title>\n<meta name=\"description\" content=\"April 19, Pozirk. New instances of politically-motivated persecution were documented in Belarus on April 18 as harassment of 2020 protesters continued.\" \/>\n<meta name=\"robots\" content=\"index, follow, max-snippet:-1, max-image-preview:large, max-video-preview:-1\" \/>\n<link rel=\"canonical\" href=\"https:\/\/pozirk.online\/en\/news\/80856\/\" \/>\n<meta property=\"og:locale\" content=\"en_US\" \/>\n<meta property=\"og:type\" content=\"article\" \/>\n<meta property=\"og:title\" content=\"Update on arrests, trials, politically-motivated persecution | Pozirk\" \/>\n<meta property=\"og:description\" content=\"April 19, Pozirk. New instances of politically-motivated persecution were documented in Belarus on April 18 as harassment of 2020 protesters continued.\" \/>\n<meta property=\"og:url\" content=\"https:\/\/pozirk.online\/en\/news\/80856\/\" \/>\n<meta property=\"og:site_name\" content=\"Pozirk\" \/>\n<meta property=\"article:publisher\" content=\"https:\/\/www.facebook.com\/pozirkonline\/\" \/>\n<meta property=\"article:modified_time\" content=\"2026-03-10T12:05:06+00:00\" \/>\n<meta property=\"og:image\" content=\"https:\/\/pozirk.online\/wp-content\/uploads\/2024\/01\/pozirk_color_blank_1128x752.jpg\" \/>\n\t<meta property=\"og:image:width\" content=\"1128\" \/>\n\t<meta property=\"og:image:height\" content=\"752\" \/>\n\t<meta property=\"og:image:type\" content=\"image\/jpeg\" \/>\n<meta name=\"twitter:card\" content=\"summary_large_image\" \/>\n<meta name=\"twitter:site\" content=\"@Pozirk_online\" \/>\n<meta name=\"twitter:label1\" content=\"Est. reading time\" \/>\n\t<meta name=\"twitter:data1\" content=\"3 minutes\" \/>\n<script type=\"application\/ld+json\" class=\"yoast-schema-graph\">{\"@context\":\"https:\/\/schema.org\",\"@graph\":[{\"@type\":\"NewsArticle\",\"@id\":\"https:\/\/pozirk.online\/en\/news\/80856\/#article\",\"isPartOf\":{\"@id\":\"https:\/\/pozirk.online\/en\/news\/80856\/\"},\"headline\":\"Update on arrests, trials, politically-motivated persecution\",\"datePublished\":\"2024-04-19T09:11:43+00:00\",\"dateModified\":\"2026-03-10T12:05:06+00:00\",\"mainEntityOfPage\":{\"@id\":\"https:\/\/pozirk.online\/en\/news\/80856\/\"},\"wordCount\":487,\"publisher\":{\"@id\":\"https:\/\/pozirk.online\/en\/#organization\"},\"image\":{\"@id\":\"https:\/\/pozirk.online\/en\/news\/80856\/#primaryimage\"},\"thumbnailUrl\":\"https:\/\/pozirk.online\/wp-content\/uploads\/2024\/01\/pozirk_color_blank_1128x752.jpg\",\"inLanguage\":\"en-US\"},{\"@type\":\"WebPage\",\"@id\":\"https:\/\/pozirk.online\/en\/news\/80856\/\",\"url\":\"https:\/\/pozirk.online\/en\/news\/80856\/\",\"name\":\"Update on arrests, trials, politically-motivated persecution | Pozirk\",\"isPartOf\":{\"@id\":\"https:\/\/pozirk.online\/en\/#website\"},\"primaryImageOfPage\":{\"@id\":\"https:\/\/pozirk.online\/en\/news\/80856\/#primaryimage\"},\"image\":{\"@id\":\"https:\/\/pozirk.online\/en\/news\/80856\/#primaryimage\"},\"thumbnailUrl\":\"https:\/\/pozirk.online\/wp-content\/uploads\/2024\/01\/pozirk_color_blank_1128x752.jpg\",\"datePublished\":\"2024-04-19T09:11:43+00:00\",\"dateModified\":\"2026-03-10T12:05:06+00:00\",\"description\":\"April 19, Pozirk. New instances of politically-motivated persecution were documented in Belarus on April 18 as harassment of 2020 protesters continued.\",\"breadcrumb\":{\"@id\":\"https:\/\/pozirk.online\/en\/news\/80856\/#breadcrumb\"},\"inLanguage\":\"en-US\",\"potentialAction\":[{\"@type\":\"ReadAction\",\"target\":[\"https:\/\/pozirk.online\/en\/news\/80856\/\"]}]},{\"@type\":\"ImageObject\",\"inLanguage\":\"en-US\",\"@id\":\"https:\/\/pozirk.online\/en\/news\/80856\/#primaryimage\",\"url\":\"https:\/\/pozirk.online\/wp-content\/uploads\/2024\/01\/pozirk_color_blank_1128x752.jpg\",\"contentUrl\":\"https:\/\/pozirk.online\/wp-content\/uploads\/2024\/01\/pozirk_color_blank_1128x752.jpg\",\"width\":1128,\"height\":752},{\"@type\":\"BreadcrumbList\",\"@id\":\"https:\/\/pozirk.online\/en\/news\/80856\/#breadcrumb\",\"itemListElement\":[{\"@type\":\"ListItem\",\"position\":1,\"name\":\"Home\",\"item\":\"https:\/\/pozirk.online\/en\/\"},{\"@type\":\"ListItem\",\"position\":2,\"name\":\"Update on arrests, trials, politically-motivated persecution\"}]},{\"@type\":\"WebSite\",\"@id\":\"https:\/\/pozirk.online\/en\/#website\",\"url\":\"https:\/\/pozirk.online\/en\/\",\"name\":\"Pozirk\",\"description\":\"\",\"publisher\":{\"@id\":\"https:\/\/pozirk.online\/en\/#organization\"},\"potentialAction\":[{\"@type\":\"SearchAction\",\"target\":{\"@type\":\"EntryPoint\",\"urlTemplate\":\"https:\/\/pozirk.online\/en\/?s={search_term_string}\"},\"query-input\":{\"@type\":\"PropertyValueSpecification\",\"valueRequired\":true,\"valueName\":\"search_term_string\"}}],\"inLanguage\":\"en-US\"},{\"@type\":\"Organization\",\"@id\":\"https:\/\/pozirk.online\/en\/#organization\",\"name\":\"Pozirk\",\"url\":\"https:\/\/pozirk.online\/en\/\",\"logo\":{\"@type\":\"ImageObject\",\"inLanguage\":\"en-US\",\"@id\":\"https:\/\/pozirk.online\/en\/#\/schema\/logo\/image\/\",\"url\":\"https:\/\/pozirk.online\/wp-content\/uploads\/2023\/11\/cropped-Logo_color_512.png\",\"contentUrl\":\"https:\/\/pozirk.online\/wp-content\/uploads\/2023\/11\/cropped-Logo_color_512.png\",\"width\":512,\"height\":512,\"caption\":\"Pozirk\"},\"image\":{\"@id\":\"https:\/\/pozirk.online\/en\/#\/schema\/logo\/image\/\"},\"sameAs\":[\"https:\/\/www.facebook.com\/pozirkonline\/\",\"https:\/\/x.com\/Pozirk_online\"]}]}<\/script>\n<!-- \/ Yoast SEO plugin. -->","yoast_head_json":{"title":"Update on arrests, trials, politically-motivated persecution | Pozirk","description":"April 19, Pozirk. New instances of politically-motivated persecution were documented in Belarus on April 18 as harassment of 2020 protesters continued.","robots":{"index":"index","follow":"follow","max-snippet":"max-snippet:-1","max-image-preview":"max-image-preview:large","max-video-preview":"max-video-preview:-1"},"canonical":"https:\/\/pozirk.online\/en\/news\/80856\/","og_locale":"en_US","og_type":"article","og_title":"Update on arrests, trials, politically-motivated persecution | Pozirk","og_description":"April 19, Pozirk. New instances of politically-motivated persecution were documented in Belarus on April 18 as harassment of 2020 protesters continued.","og_url":"https:\/\/pozirk.online\/en\/news\/80856\/","og_site_name":"Pozirk","article_publisher":"https:\/\/www.facebook.com\/pozirkonline\/","article_modified_time":"2026-03-10T12:05:06+00:00","og_image":[{"width":1128,"height":752,"url":"https:\/\/pozirk.online\/wp-content\/uploads\/2024\/01\/pozirk_color_blank_1128x752.jpg","type":"image\/jpeg"}],"twitter_card":"summary_large_image","twitter_site":"@Pozirk_online","twitter_misc":{"Est. reading time":"3 minutes"},"schema":{"@context":"https:\/\/schema.org","@graph":[{"@type":"NewsArticle","@id":"https:\/\/pozirk.online\/en\/news\/80856\/#article","isPartOf":{"@id":"https:\/\/pozirk.online\/en\/news\/80856\/"},"headline":"Update on arrests, trials, politically-motivated persecution","datePublished":"2024-04-19T09:11:43+00:00","dateModified":"2026-03-10T12:05:06+00:00","mainEntityOfPage":{"@id":"https:\/\/pozirk.online\/en\/news\/80856\/"},"wordCount":487,"publisher":{"@id":"https:\/\/pozirk.online\/en\/#organization"},"image":{"@id":"https:\/\/pozirk.online\/en\/news\/80856\/#primaryimage"},"thumbnailUrl":"https:\/\/pozirk.online\/wp-content\/uploads\/2024\/01\/pozirk_color_blank_1128x752.jpg","inLanguage":"en-US"},{"@type":"WebPage","@id":"https:\/\/pozirk.online\/en\/news\/80856\/","url":"https:\/\/pozirk.online\/en\/news\/80856\/","name":"Update on arrests, trials, politically-motivated persecution | Pozirk","isPartOf":{"@id":"https:\/\/pozirk.online\/en\/#website"},"primaryImageOfPage":{"@id":"https:\/\/pozirk.online\/en\/news\/80856\/#primaryimage"},"image":{"@id":"https:\/\/pozirk.online\/en\/news\/80856\/#primaryimage"},"thumbnailUrl":"https:\/\/pozirk.online\/wp-content\/uploads\/2024\/01\/pozirk_color_blank_1128x752.jpg","datePublished":"2024-04-19T09:11:43+00:00","dateModified":"2026-03-10T12:05:06+00:00","description":"April 19, Pozirk. New instances of politically-motivated persecution were documented in Belarus on April 18 as harassment of 2020 protesters continued.","breadcrumb":{"@id":"https:\/\/pozirk.online\/en\/news\/80856\/#breadcrumb"},"inLanguage":"en-US","potentialAction":[{"@type":"ReadAction","target":["https:\/\/pozirk.online\/en\/news\/80856\/"]}]},{"@type":"ImageObject","inLanguage":"en-US","@id":"https:\/\/pozirk.online\/en\/news\/80856\/#primaryimage","url":"https:\/\/pozirk.online\/wp-content\/uploads\/2024\/01\/pozirk_color_blank_1128x752.jpg","contentUrl":"https:\/\/pozirk.online\/wp-content\/uploads\/2024\/01\/pozirk_color_blank_1128x752.jpg","width":1128,"height":752},{"@type":"BreadcrumbList","@id":"https:\/\/pozirk.online\/en\/news\/80856\/#breadcrumb","itemListElement":[{"@type":"ListItem","position":1,"name":"Home","item":"https:\/\/pozirk.online\/en\/"},{"@type":"ListItem","position":2,"name":"Update on arrests, trials, politically-motivated persecution"}]},{"@type":"WebSite","@id":"https:\/\/pozirk.online\/en\/#website","url":"https:\/\/pozirk.online\/en\/","name":"Pozirk","description":"","publisher":{"@id":"https:\/\/pozirk.online\/en\/#organization"},"potentialAction":[{"@type":"SearchAction","target":{"@type":"EntryPoint","urlTemplate":"https:\/\/pozirk.online\/en\/?s={search_term_string}"},"query-input":{"@type":"PropertyValueSpecification","valueRequired":true,"valueName":"search_term_string"}}],"inLanguage":"en-US"},{"@type":"Organization","@id":"https:\/\/pozirk.online\/en\/#organization","name":"Pozirk","url":"https:\/\/pozirk.online\/en\/","logo":{"@type":"ImageObject","inLanguage":"en-US","@id":"https:\/\/pozirk.online\/en\/#\/schema\/logo\/image\/","url":"https:\/\/pozirk.online\/wp-content\/uploads\/2023\/11\/cropped-Logo_color_512.png","contentUrl":"https:\/\/pozirk.online\/wp-content\/uploads\/2023\/11\/cropped-Logo_color_512.png","width":512,"height":512,"caption":"Pozirk"},"image":{"@id":"https:\/\/pozirk.online\/en\/#\/schema\/logo\/image\/"},"sameAs":["https:\/\/www.facebook.com\/pozirkonline\/","https:\/\/x.com\/Pozirk_online"]}]}},"_links":{"self":[{"href":"https:\/\/pozirk.online\/en\/wp-json\/wp\/v2\/articles\/80856","targetHints":{"allow":["GET"]}}],"collection":[{"href":"https:\/\/pozirk.online\/en\/wp-json\/wp\/v2\/articles"}],"about":[{"href":"https:\/\/pozirk.online\/en\/wp-json\/wp\/v2\/types\/articles"}],"author":[{"embeddable":true,"href":"https:\/\/pozirk.online\/en\/wp-json\/wp\/v2\/users\/84"}],"wp:featuredmedia":[{"embeddable":true,"href":"https:\/\/pozirk.online\/en\/wp-json\/wp\/v2\/media\/63993"}],"wp:attachment":[{"href":"https:\/\/pozirk.online\/en\/wp-json\/wp\/v2\/media?parent=80856"}],"wp:term":[{"taxonomy":"rubric","embeddable":true,"href":"https:\/\/pozirk.online\/en\/wp-json\/wp\/v2\/rubric?post=80856"}],"curies":[{"name":"wp","href":"https:\/\/api.w.org\/{rel}","templated":true}]}}