{"id":79068,"date":"2024-04-11T12:34:15","date_gmt":"2024-04-11T09:34:15","guid":{"rendered":"https:\/\/pozirk.online\/en\/news\/79068\/"},"modified":"2026-03-10T12:05:06","modified_gmt":"2026-03-10T12:05:06","slug":"interior-ministry-blacklists-anti-disinformation-group-as-extremists","status":"publish","type":"articles","link":"https:\/\/pozirk.online\/en\/news\/79068\/","title":{"rendered":"Interior ministry blacklists anti-disinformation group as extremists"},"content":{"rendered":"\n<figure class=\"block-image block-image-normal\">\n\n  <img decoding=\"async\" width=\"1128\" height=\"752\" src=\"https:\/\/pozirk.online\/wp-content\/uploads\/2024\/04\/chago_breshach_screen_1128.jpg\" class=\"attachment-full size-full\" alt=\"\" srcset=\"https:\/\/pozirk.online\/wp-content\/uploads\/2024\/04\/chago_breshach_screen_1128.jpg 1128w, https:\/\/pozirk.online\/wp-content\/uploads\/2024\/04\/chago_breshach_screen_1128-354x236.jpg 354w, https:\/\/pozirk.online\/wp-content\/uploads\/2024\/04\/chago_breshach_screen_1128-734x490.jpg 734w, https:\/\/pozirk.online\/wp-content\/uploads\/2024\/04\/chago_breshach_screen_1128-178x118.jpg 178w, https:\/\/pozirk.online\/wp-content\/uploads\/2024\/04\/chago_breshach_screen_1128-768x512.jpg 768w\" sizes=\"(max-width: 1128px) 100vw, 1128px\" \/>\n  <figcaption>\n  \n       <div class=\"block-image__author\">\n                <span>(\u010caho bre\u0161a\u0161? X account)<\/span>\n    <\/div>\n     <\/figcaption>\n<\/figure>\n\n\n\n<p><strong>April 11, <em>Pozirk.<\/em><\/strong> The interior ministry branded the anti-disinformation project <em>\u010caho Bre\u0161a\u0161?<\/em> (Why Are You Lying?) an extremist group on April 10, taking the total of entries on its extremist register to 195.<\/p>\n\n\n\n<p>The extremist designation includes the project&#8217;s founders, administrators and members as well as its social media pages and the logo displaying a yellow barking dog against a black background.<\/p>\n\n\n\n<p>The project unmasks manipulation and disinformation methods used by the state-sponsored propaganda in Belarus. It has 4,400 followers on YouTube, 11,000 on TikTok and 1,366 on X.<\/p>\n\n\n\n<div class=\"insert-block\">\n\n    <div class=\"insert-block__img\">\n                                <label class=\"insert-block__tag--mobile\"> \u041f\u043e\u043b\u0438\u0442\u0438\u043a\u0430<\/label>\n\n                <\/div>\n    <div class=\"insert-block__text\">\n                    <label class=\"insert-block__tag\">\u041f\u043e\u043b\u0438\u0442\u0438\u043a\u0430<\/label>\n                <h3 class=\"insert-block__title\">Update on arrests, trials, politically-motivated persecution<\/h3>\n        <div class=\"insert-block__descr\">April 11, Pozirk. New cases of politically-motivated persecution were documented in Belarus on April 10 with another death behind bars: retired Colonel Alaksandar Kulini\u010d died on Tuesday at a detention center in Brest while awaiting trial on charges of insulting &#8230;<\/div>\n        <a class=\"insert-block__btn-block\" href=\"\/en\/news\/79031\">\n            <button class=\"btn\">\n                <div class='btn__text'>Read the article<\/div>\n            <\/button>\n        <\/a>\n    <\/div>\n<\/div>","protected":false},"excerpt":{"rendered":"<p>April 11, Pozirk. The interior ministry branded the anti-disinformation project \u010caho Bre\u0161a\u0161? (Why Are You Lying?) an extremist group on April 10, taking the total of entries on its extremist register to 195. The extremist designation includes the project&#8217;s founders, administrators and members as well as its social media pages and the logo displaying a [&hellip;]<\/p>\n","protected":false},"author":84,"featured_media":79040,"template":"","rubric":[15],"class_list":["post-79068","articles","type-articles","status-publish","has-post-thumbnail","hentry","rubric-society"],"acf":[],"yoast_head":"<!-- This site is optimized with the Yoast SEO plugin v25.5 - https:\/\/yoast.com\/wordpress\/plugins\/seo\/ -->\n<title>Interior ministry blacklists anti-disinformation group as extremists | Pozirk<\/title>\n<meta name=\"description\" content=\"April 11, Pozirk. The interior ministry branded the anti-disinformation project \u010caho Bre\u0161a\u0161? (Why Are You Lying?) an extremist group on April 10, taking\" \/>\n<meta name=\"robots\" content=\"index, follow, max-snippet:-1, max-image-preview:large, max-video-preview:-1\" \/>\n<link rel=\"canonical\" href=\"https:\/\/pozirk.online\/en\/news\/79068\/\" \/>\n<meta property=\"og:locale\" content=\"en_US\" \/>\n<meta property=\"og:type\" content=\"article\" \/>\n<meta property=\"og:title\" content=\"Interior ministry blacklists anti-disinformation group as extremists | Pozirk\" \/>\n<meta property=\"og:description\" content=\"April 11, Pozirk. The interior ministry branded the anti-disinformation project \u010caho Bre\u0161a\u0161? (Why Are You Lying?) an extremist group on April 10, taking\" \/>\n<meta property=\"og:url\" content=\"https:\/\/pozirk.online\/en\/news\/79068\/\" \/>\n<meta property=\"og:site_name\" content=\"Pozirk\" \/>\n<meta property=\"article:publisher\" content=\"https:\/\/www.facebook.com\/pozirkonline\/\" \/>\n<meta property=\"article:modified_time\" content=\"2026-03-10T12:05:06+00:00\" \/>\n<meta property=\"og:image\" content=\"https:\/\/pozirk.online\/wp-content\/uploads\/2024\/04\/chago_breshach_screen_1128-1.jpg\" \/>\n\t<meta property=\"og:image:width\" content=\"1128\" \/>\n\t<meta property=\"og:image:height\" content=\"752\" \/>\n\t<meta property=\"og:image:type\" content=\"image\/jpeg\" \/>\n<meta name=\"twitter:card\" content=\"summary_large_image\" \/>\n<meta name=\"twitter:site\" content=\"@Pozirk_online\" \/>\n<meta name=\"twitter:label1\" content=\"Est. reading time\" \/>\n\t<meta name=\"twitter:data1\" content=\"1 minute\" \/>\n<script type=\"application\/ld+json\" class=\"yoast-schema-graph\">{\"@context\":\"https:\/\/schema.org\",\"@graph\":[{\"@type\":\"NewsArticle\",\"@id\":\"https:\/\/pozirk.online\/en\/news\/79068\/#article\",\"isPartOf\":{\"@id\":\"https:\/\/pozirk.online\/en\/news\/79068\/\"},\"headline\":\"Interior ministry blacklists anti-disinformation group as extremists\",\"datePublished\":\"2024-04-11T09:34:15+00:00\",\"dateModified\":\"2026-03-10T12:05:06+00:00\",\"mainEntityOfPage\":{\"@id\":\"https:\/\/pozirk.online\/en\/news\/79068\/\"},\"wordCount\":92,\"publisher\":{\"@id\":\"https:\/\/pozirk.online\/en\/#organization\"},\"image\":{\"@id\":\"https:\/\/pozirk.online\/en\/news\/79068\/#primaryimage\"},\"thumbnailUrl\":\"https:\/\/pozirk.online\/wp-content\/uploads\/2024\/04\/chago_breshach_screen_1128-1.jpg\",\"inLanguage\":\"en-US\"},{\"@type\":\"WebPage\",\"@id\":\"https:\/\/pozirk.online\/en\/news\/79068\/\",\"url\":\"https:\/\/pozirk.online\/en\/news\/79068\/\",\"name\":\"Interior ministry blacklists anti-disinformation group as extremists | Pozirk\",\"isPartOf\":{\"@id\":\"https:\/\/pozirk.online\/en\/#website\"},\"primaryImageOfPage\":{\"@id\":\"https:\/\/pozirk.online\/en\/news\/79068\/#primaryimage\"},\"image\":{\"@id\":\"https:\/\/pozirk.online\/en\/news\/79068\/#primaryimage\"},\"thumbnailUrl\":\"https:\/\/pozirk.online\/wp-content\/uploads\/2024\/04\/chago_breshach_screen_1128-1.jpg\",\"datePublished\":\"2024-04-11T09:34:15+00:00\",\"dateModified\":\"2026-03-10T12:05:06+00:00\",\"description\":\"April 11, Pozirk. The interior ministry branded the anti-disinformation project \u010caho Bre\u0161a\u0161? (Why Are You Lying?) an extremist group on April 10, taking\",\"breadcrumb\":{\"@id\":\"https:\/\/pozirk.online\/en\/news\/79068\/#breadcrumb\"},\"inLanguage\":\"en-US\",\"potentialAction\":[{\"@type\":\"ReadAction\",\"target\":[\"https:\/\/pozirk.online\/en\/news\/79068\/\"]}]},{\"@type\":\"ImageObject\",\"inLanguage\":\"en-US\",\"@id\":\"https:\/\/pozirk.online\/en\/news\/79068\/#primaryimage\",\"url\":\"https:\/\/pozirk.online\/wp-content\/uploads\/2024\/04\/chago_breshach_screen_1128-1.jpg\",\"contentUrl\":\"https:\/\/pozirk.online\/wp-content\/uploads\/2024\/04\/chago_breshach_screen_1128-1.jpg\",\"width\":1128,\"height\":752,\"caption\":\"Screenshot\"},{\"@type\":\"BreadcrumbList\",\"@id\":\"https:\/\/pozirk.online\/en\/news\/79068\/#breadcrumb\",\"itemListElement\":[{\"@type\":\"ListItem\",\"position\":1,\"name\":\"Home\",\"item\":\"https:\/\/pozirk.online\/en\/\"},{\"@type\":\"ListItem\",\"position\":2,\"name\":\"Interior ministry blacklists anti-disinformation group as extremists\"}]},{\"@type\":\"WebSite\",\"@id\":\"https:\/\/pozirk.online\/en\/#website\",\"url\":\"https:\/\/pozirk.online\/en\/\",\"name\":\"Pozirk\",\"description\":\"\",\"publisher\":{\"@id\":\"https:\/\/pozirk.online\/en\/#organization\"},\"potentialAction\":[{\"@type\":\"SearchAction\",\"target\":{\"@type\":\"EntryPoint\",\"urlTemplate\":\"https:\/\/pozirk.online\/en\/?s={search_term_string}\"},\"query-input\":{\"@type\":\"PropertyValueSpecification\",\"valueRequired\":true,\"valueName\":\"search_term_string\"}}],\"inLanguage\":\"en-US\"},{\"@type\":\"Organization\",\"@id\":\"https:\/\/pozirk.online\/en\/#organization\",\"name\":\"Pozirk\",\"url\":\"https:\/\/pozirk.online\/en\/\",\"logo\":{\"@type\":\"ImageObject\",\"inLanguage\":\"en-US\",\"@id\":\"https:\/\/pozirk.online\/en\/#\/schema\/logo\/image\/\",\"url\":\"https:\/\/pozirk.online\/wp-content\/uploads\/2023\/11\/cropped-Logo_color_512.png\",\"contentUrl\":\"https:\/\/pozirk.online\/wp-content\/uploads\/2023\/11\/cropped-Logo_color_512.png\",\"width\":512,\"height\":512,\"caption\":\"Pozirk\"},\"image\":{\"@id\":\"https:\/\/pozirk.online\/en\/#\/schema\/logo\/image\/\"},\"sameAs\":[\"https:\/\/www.facebook.com\/pozirkonline\/\",\"https:\/\/x.com\/Pozirk_online\"]}]}<\/script>\n<!-- \/ Yoast SEO plugin. -->","yoast_head_json":{"title":"Interior ministry blacklists anti-disinformation group as extremists | Pozirk","description":"April 11, Pozirk. The interior ministry branded the anti-disinformation project \u010caho Bre\u0161a\u0161? (Why Are You Lying?) an extremist group on April 10, taking","robots":{"index":"index","follow":"follow","max-snippet":"max-snippet:-1","max-image-preview":"max-image-preview:large","max-video-preview":"max-video-preview:-1"},"canonical":"https:\/\/pozirk.online\/en\/news\/79068\/","og_locale":"en_US","og_type":"article","og_title":"Interior ministry blacklists anti-disinformation group as extremists | Pozirk","og_description":"April 11, Pozirk. The interior ministry branded the anti-disinformation project \u010caho Bre\u0161a\u0161? (Why Are You Lying?) an extremist group on April 10, taking","og_url":"https:\/\/pozirk.online\/en\/news\/79068\/","og_site_name":"Pozirk","article_publisher":"https:\/\/www.facebook.com\/pozirkonline\/","article_modified_time":"2026-03-10T12:05:06+00:00","og_image":[{"width":1128,"height":752,"url":"https:\/\/pozirk.online\/wp-content\/uploads\/2024\/04\/chago_breshach_screen_1128-1.jpg","type":"image\/jpeg"}],"twitter_card":"summary_large_image","twitter_site":"@Pozirk_online","twitter_misc":{"Est. reading time":"1 minute"},"schema":{"@context":"https:\/\/schema.org","@graph":[{"@type":"NewsArticle","@id":"https:\/\/pozirk.online\/en\/news\/79068\/#article","isPartOf":{"@id":"https:\/\/pozirk.online\/en\/news\/79068\/"},"headline":"Interior ministry blacklists anti-disinformation group as extremists","datePublished":"2024-04-11T09:34:15+00:00","dateModified":"2026-03-10T12:05:06+00:00","mainEntityOfPage":{"@id":"https:\/\/pozirk.online\/en\/news\/79068\/"},"wordCount":92,"publisher":{"@id":"https:\/\/pozirk.online\/en\/#organization"},"image":{"@id":"https:\/\/pozirk.online\/en\/news\/79068\/#primaryimage"},"thumbnailUrl":"https:\/\/pozirk.online\/wp-content\/uploads\/2024\/04\/chago_breshach_screen_1128-1.jpg","inLanguage":"en-US"},{"@type":"WebPage","@id":"https:\/\/pozirk.online\/en\/news\/79068\/","url":"https:\/\/pozirk.online\/en\/news\/79068\/","name":"Interior ministry blacklists anti-disinformation group as extremists | Pozirk","isPartOf":{"@id":"https:\/\/pozirk.online\/en\/#website"},"primaryImageOfPage":{"@id":"https:\/\/pozirk.online\/en\/news\/79068\/#primaryimage"},"image":{"@id":"https:\/\/pozirk.online\/en\/news\/79068\/#primaryimage"},"thumbnailUrl":"https:\/\/pozirk.online\/wp-content\/uploads\/2024\/04\/chago_breshach_screen_1128-1.jpg","datePublished":"2024-04-11T09:34:15+00:00","dateModified":"2026-03-10T12:05:06+00:00","description":"April 11, Pozirk. The interior ministry branded the anti-disinformation project \u010caho Bre\u0161a\u0161? (Why Are You Lying?) an extremist group on April 10, taking","breadcrumb":{"@id":"https:\/\/pozirk.online\/en\/news\/79068\/#breadcrumb"},"inLanguage":"en-US","potentialAction":[{"@type":"ReadAction","target":["https:\/\/pozirk.online\/en\/news\/79068\/"]}]},{"@type":"ImageObject","inLanguage":"en-US","@id":"https:\/\/pozirk.online\/en\/news\/79068\/#primaryimage","url":"https:\/\/pozirk.online\/wp-content\/uploads\/2024\/04\/chago_breshach_screen_1128-1.jpg","contentUrl":"https:\/\/pozirk.online\/wp-content\/uploads\/2024\/04\/chago_breshach_screen_1128-1.jpg","width":1128,"height":752,"caption":"Screenshot"},{"@type":"BreadcrumbList","@id":"https:\/\/pozirk.online\/en\/news\/79068\/#breadcrumb","itemListElement":[{"@type":"ListItem","position":1,"name":"Home","item":"https:\/\/pozirk.online\/en\/"},{"@type":"ListItem","position":2,"name":"Interior ministry blacklists anti-disinformation group as extremists"}]},{"@type":"WebSite","@id":"https:\/\/pozirk.online\/en\/#website","url":"https:\/\/pozirk.online\/en\/","name":"Pozirk","description":"","publisher":{"@id":"https:\/\/pozirk.online\/en\/#organization"},"potentialAction":[{"@type":"SearchAction","target":{"@type":"EntryPoint","urlTemplate":"https:\/\/pozirk.online\/en\/?s={search_term_string}"},"query-input":{"@type":"PropertyValueSpecification","valueRequired":true,"valueName":"search_term_string"}}],"inLanguage":"en-US"},{"@type":"Organization","@id":"https:\/\/pozirk.online\/en\/#organization","name":"Pozirk","url":"https:\/\/pozirk.online\/en\/","logo":{"@type":"ImageObject","inLanguage":"en-US","@id":"https:\/\/pozirk.online\/en\/#\/schema\/logo\/image\/","url":"https:\/\/pozirk.online\/wp-content\/uploads\/2023\/11\/cropped-Logo_color_512.png","contentUrl":"https:\/\/pozirk.online\/wp-content\/uploads\/2023\/11\/cropped-Logo_color_512.png","width":512,"height":512,"caption":"Pozirk"},"image":{"@id":"https:\/\/pozirk.online\/en\/#\/schema\/logo\/image\/"},"sameAs":["https:\/\/www.facebook.com\/pozirkonline\/","https:\/\/x.com\/Pozirk_online"]}]}},"_links":{"self":[{"href":"https:\/\/pozirk.online\/en\/wp-json\/wp\/v2\/articles\/79068","targetHints":{"allow":["GET"]}}],"collection":[{"href":"https:\/\/pozirk.online\/en\/wp-json\/wp\/v2\/articles"}],"about":[{"href":"https:\/\/pozirk.online\/en\/wp-json\/wp\/v2\/types\/articles"}],"author":[{"embeddable":true,"href":"https:\/\/pozirk.online\/en\/wp-json\/wp\/v2\/users\/84"}],"wp:featuredmedia":[{"embeddable":true,"href":"https:\/\/pozirk.online\/en\/wp-json\/wp\/v2\/media\/79040"}],"wp:attachment":[{"href":"https:\/\/pozirk.online\/en\/wp-json\/wp\/v2\/media?parent=79068"}],"wp:term":[{"taxonomy":"rubric","embeddable":true,"href":"https:\/\/pozirk.online\/en\/wp-json\/wp\/v2\/rubric?post=79068"}],"curies":[{"name":"wp","href":"https:\/\/api.w.org\/{rel}","templated":true}]}}