{"id":47639,"date":"2023-07-14T15:29:35","date_gmt":"2023-07-14T12:29:35","guid":{"rendered":"https:\/\/api.pozirk.online\/articles\/authorities-label-cichanouskaja-an-extremist\/"},"modified":"2026-02-24T20:29:13","modified_gmt":"2026-02-24T20:29:13","slug":"authorities-label-cichanouskaja-an-extremist","status":"publish","type":"articles","link":"https:\/\/pozirk.online\/en\/news\/47639\/","title":{"rendered":"Authorities label Cichano\u016dskaja an extremist"},"content":{"rendered":"<p><b>July 14, <span>BPN.<\/span><\/b> Authorities in Belarus have blacklisted exiled opposition leader \u015aviat\u0142ana Cichano\u016dskaja, her ally Pavie\u0142 \u0141atu\u0161ka and 30 others as extremists.<\/p>\n<p> A Minsk court sentenced Cichano\u016dskaja to 15 years and \u0141atu\u0161ka to 18 years in prison after a trial in absentia in March.<\/p>\n<p> &#8220;I&#8217;m actually proud that the Lukashenka regime added me to the list of 3,048 brave Belarusians called &#8216;extremists,'&#8221; Cichano\u016dskaja <a href=\"https:\/\/twitter.com\/Tsihanouskaya\/status\/1679836714766856195\/photo\/1\" target=\"_blank\" rel=\"nofollow\">tweeted<\/a>. &#8220;In Belarus, &#8216;extremism&#8217; has come to mean loving your country, speaking your language &amp; envisioning a European future. It means striving for peace, freedom &amp; dignity.&#8221;<\/p>\n<p> The interior ministry has&nbsp;also blacklisted three members of a coordination council that sought a dialogue with the \u0141uka\u0161enka regime to end the post-election political crisis. Maryja Maroz, Siarhiej Dyle\u016dski and Volha Kavalkova were tried in absentia and sentenced to 12 years each.<\/p>\n<p> New additions to the list include Siarhiej Fran\u010duk, a&nbsp;cousin of a Belarusian volunteer fighting in Ukraine, Andrej D\u017amitryje\u016d, a politician, and Ivan Kota\u016d, an athlete and blogger.<\/p>\n<p> Today, there are 3,048 names on the&nbsp;list.<\/p>\n<p>In April, the Committee for State Security&nbsp;added Cichano\u016dskaja and \u0141atu\u0161ka to the list of terrorists.<\/p>\n","protected":false},"excerpt":{"rendered":"<p>July 14, BPN. Authorities in Belarus have blacklisted exiled opposition leader \u015aviat\u0142ana Cichano\u016dskaja, her ally Pavie\u0142 \u0141atu\u0161ka and 30 others as extremists. A Minsk court sentenced Cichano\u016dskaja to 15 years and \u0141atu\u0161ka to 18 years in prison after a trial in absentia in March. &#8220;I&#8217;m actually proud that the Lukashenka regime added me to the [&hellip;]<\/p>\n","protected":false},"author":75,"featured_media":0,"template":"","rubric":[16],"class_list":["post-47639","articles","type-articles","status-publish","hentry","rubric-politics"],"acf":[],"yoast_head":"<!-- This site is optimized with the Yoast SEO plugin v25.5 - https:\/\/yoast.com\/wordpress\/plugins\/seo\/ -->\n<title>Authorities label Cichano\u016dskaja an extremist | Pozirk<\/title>\n<meta name=\"description\" content=\"July 14, BPN. Authorities in Belarus have blacklisted exiled opposition leader \u015aviat\u0142ana Cichano\u016dskaja, her ally Pavie\u0142 \u0141atu\u0161ka and 30 others as\" \/>\n<meta name=\"robots\" content=\"index, follow, max-snippet:-1, max-image-preview:large, max-video-preview:-1\" \/>\n<link rel=\"canonical\" href=\"https:\/\/pozirk.online\/en\/news\/47639\/\" \/>\n<meta property=\"og:locale\" content=\"en_US\" \/>\n<meta property=\"og:type\" content=\"article\" \/>\n<meta property=\"og:title\" content=\"Authorities label Cichano\u016dskaja an extremist | Pozirk\" \/>\n<meta property=\"og:description\" content=\"July 14, BPN. Authorities in Belarus have blacklisted exiled opposition leader \u015aviat\u0142ana Cichano\u016dskaja, her ally Pavie\u0142 \u0141atu\u0161ka and 30 others as\" \/>\n<meta property=\"og:url\" content=\"https:\/\/pozirk.online\/en\/news\/47639\/\" \/>\n<meta property=\"og:site_name\" content=\"Pozirk\" \/>\n<meta property=\"article:publisher\" content=\"https:\/\/www.facebook.com\/pozirkonline\/\" \/>\n<meta property=\"article:modified_time\" content=\"2026-02-24T20:29:13+00:00\" \/>\n<meta name=\"twitter:card\" content=\"summary_large_image\" \/>\n<meta name=\"twitter:site\" content=\"@Pozirk_online\" \/>\n<meta name=\"twitter:label1\" content=\"Est. reading time\" \/>\n\t<meta name=\"twitter:data1\" content=\"1 minute\" \/>\n<script type=\"application\/ld+json\" class=\"yoast-schema-graph\">{\"@context\":\"https:\/\/schema.org\",\"@graph\":[{\"@type\":\"NewsArticle\",\"@id\":\"https:\/\/pozirk.online\/en\/news\/47639\/#article\",\"isPartOf\":{\"@id\":\"https:\/\/pozirk.online\/en\/news\/47639\/\"},\"headline\":\"Authorities label Cichano\u016dskaja an extremist\",\"datePublished\":\"2023-07-14T12:29:35+00:00\",\"dateModified\":\"2026-02-24T20:29:13+00:00\",\"mainEntityOfPage\":{\"@id\":\"https:\/\/pozirk.online\/en\/news\/47639\/\"},\"wordCount\":201,\"publisher\":{\"@id\":\"https:\/\/pozirk.online\/en\/#organization\"},\"inLanguage\":\"en-US\"},{\"@type\":\"WebPage\",\"@id\":\"https:\/\/pozirk.online\/en\/news\/47639\/\",\"url\":\"https:\/\/pozirk.online\/en\/news\/47639\/\",\"name\":\"Authorities label Cichano\u016dskaja an extremist | Pozirk\",\"isPartOf\":{\"@id\":\"https:\/\/pozirk.online\/en\/#website\"},\"datePublished\":\"2023-07-14T12:29:35+00:00\",\"dateModified\":\"2026-02-24T20:29:13+00:00\",\"description\":\"July 14, BPN. Authorities in Belarus have blacklisted exiled opposition leader \u015aviat\u0142ana Cichano\u016dskaja, her ally Pavie\u0142 \u0141atu\u0161ka and 30 others as\",\"breadcrumb\":{\"@id\":\"https:\/\/pozirk.online\/en\/news\/47639\/#breadcrumb\"},\"inLanguage\":\"en-US\",\"potentialAction\":[{\"@type\":\"ReadAction\",\"target\":[\"https:\/\/pozirk.online\/en\/news\/47639\/\"]}]},{\"@type\":\"BreadcrumbList\",\"@id\":\"https:\/\/pozirk.online\/en\/news\/47639\/#breadcrumb\",\"itemListElement\":[{\"@type\":\"ListItem\",\"position\":1,\"name\":\"Home\",\"item\":\"https:\/\/pozirk.online\/en\/\"},{\"@type\":\"ListItem\",\"position\":2,\"name\":\"Authorities label Cichano\u016dskaja an extremist\"}]},{\"@type\":\"WebSite\",\"@id\":\"https:\/\/pozirk.online\/en\/#website\",\"url\":\"https:\/\/pozirk.online\/en\/\",\"name\":\"Pozirk\",\"description\":\"\",\"publisher\":{\"@id\":\"https:\/\/pozirk.online\/en\/#organization\"},\"potentialAction\":[{\"@type\":\"SearchAction\",\"target\":{\"@type\":\"EntryPoint\",\"urlTemplate\":\"https:\/\/pozirk.online\/en\/?s={search_term_string}\"},\"query-input\":{\"@type\":\"PropertyValueSpecification\",\"valueRequired\":true,\"valueName\":\"search_term_string\"}}],\"inLanguage\":\"en-US\"},{\"@type\":\"Organization\",\"@id\":\"https:\/\/pozirk.online\/en\/#organization\",\"name\":\"Pozirk\",\"url\":\"https:\/\/pozirk.online\/en\/\",\"logo\":{\"@type\":\"ImageObject\",\"inLanguage\":\"en-US\",\"@id\":\"https:\/\/pozirk.online\/en\/#\/schema\/logo\/image\/\",\"url\":\"https:\/\/pozirk.online\/wp-content\/uploads\/2023\/11\/cropped-Logo_color_512.png\",\"contentUrl\":\"https:\/\/pozirk.online\/wp-content\/uploads\/2023\/11\/cropped-Logo_color_512.png\",\"width\":512,\"height\":512,\"caption\":\"Pozirk\"},\"image\":{\"@id\":\"https:\/\/pozirk.online\/en\/#\/schema\/logo\/image\/\"},\"sameAs\":[\"https:\/\/www.facebook.com\/pozirkonline\/\",\"https:\/\/x.com\/Pozirk_online\"]}]}<\/script>\n<!-- \/ Yoast SEO plugin. -->","yoast_head_json":{"title":"Authorities label Cichano\u016dskaja an extremist | Pozirk","description":"July 14, BPN. Authorities in Belarus have blacklisted exiled opposition leader \u015aviat\u0142ana Cichano\u016dskaja, her ally Pavie\u0142 \u0141atu\u0161ka and 30 others as","robots":{"index":"index","follow":"follow","max-snippet":"max-snippet:-1","max-image-preview":"max-image-preview:large","max-video-preview":"max-video-preview:-1"},"canonical":"https:\/\/pozirk.online\/en\/news\/47639\/","og_locale":"en_US","og_type":"article","og_title":"Authorities label Cichano\u016dskaja an extremist | Pozirk","og_description":"July 14, BPN. Authorities in Belarus have blacklisted exiled opposition leader \u015aviat\u0142ana Cichano\u016dskaja, her ally Pavie\u0142 \u0141atu\u0161ka and 30 others as","og_url":"https:\/\/pozirk.online\/en\/news\/47639\/","og_site_name":"Pozirk","article_publisher":"https:\/\/www.facebook.com\/pozirkonline\/","article_modified_time":"2026-02-24T20:29:13+00:00","twitter_card":"summary_large_image","twitter_site":"@Pozirk_online","twitter_misc":{"Est. reading time":"1 minute"},"schema":{"@context":"https:\/\/schema.org","@graph":[{"@type":"NewsArticle","@id":"https:\/\/pozirk.online\/en\/news\/47639\/#article","isPartOf":{"@id":"https:\/\/pozirk.online\/en\/news\/47639\/"},"headline":"Authorities label Cichano\u016dskaja an extremist","datePublished":"2023-07-14T12:29:35+00:00","dateModified":"2026-02-24T20:29:13+00:00","mainEntityOfPage":{"@id":"https:\/\/pozirk.online\/en\/news\/47639\/"},"wordCount":201,"publisher":{"@id":"https:\/\/pozirk.online\/en\/#organization"},"inLanguage":"en-US"},{"@type":"WebPage","@id":"https:\/\/pozirk.online\/en\/news\/47639\/","url":"https:\/\/pozirk.online\/en\/news\/47639\/","name":"Authorities label Cichano\u016dskaja an extremist | Pozirk","isPartOf":{"@id":"https:\/\/pozirk.online\/en\/#website"},"datePublished":"2023-07-14T12:29:35+00:00","dateModified":"2026-02-24T20:29:13+00:00","description":"July 14, BPN. Authorities in Belarus have blacklisted exiled opposition leader \u015aviat\u0142ana Cichano\u016dskaja, her ally Pavie\u0142 \u0141atu\u0161ka and 30 others as","breadcrumb":{"@id":"https:\/\/pozirk.online\/en\/news\/47639\/#breadcrumb"},"inLanguage":"en-US","potentialAction":[{"@type":"ReadAction","target":["https:\/\/pozirk.online\/en\/news\/47639\/"]}]},{"@type":"BreadcrumbList","@id":"https:\/\/pozirk.online\/en\/news\/47639\/#breadcrumb","itemListElement":[{"@type":"ListItem","position":1,"name":"Home","item":"https:\/\/pozirk.online\/en\/"},{"@type":"ListItem","position":2,"name":"Authorities label Cichano\u016dskaja an extremist"}]},{"@type":"WebSite","@id":"https:\/\/pozirk.online\/en\/#website","url":"https:\/\/pozirk.online\/en\/","name":"Pozirk","description":"","publisher":{"@id":"https:\/\/pozirk.online\/en\/#organization"},"potentialAction":[{"@type":"SearchAction","target":{"@type":"EntryPoint","urlTemplate":"https:\/\/pozirk.online\/en\/?s={search_term_string}"},"query-input":{"@type":"PropertyValueSpecification","valueRequired":true,"valueName":"search_term_string"}}],"inLanguage":"en-US"},{"@type":"Organization","@id":"https:\/\/pozirk.online\/en\/#organization","name":"Pozirk","url":"https:\/\/pozirk.online\/en\/","logo":{"@type":"ImageObject","inLanguage":"en-US","@id":"https:\/\/pozirk.online\/en\/#\/schema\/logo\/image\/","url":"https:\/\/pozirk.online\/wp-content\/uploads\/2023\/11\/cropped-Logo_color_512.png","contentUrl":"https:\/\/pozirk.online\/wp-content\/uploads\/2023\/11\/cropped-Logo_color_512.png","width":512,"height":512,"caption":"Pozirk"},"image":{"@id":"https:\/\/pozirk.online\/en\/#\/schema\/logo\/image\/"},"sameAs":["https:\/\/www.facebook.com\/pozirkonline\/","https:\/\/x.com\/Pozirk_online"]}]}},"_links":{"self":[{"href":"https:\/\/pozirk.online\/en\/wp-json\/wp\/v2\/articles\/47639","targetHints":{"allow":["GET"]}}],"collection":[{"href":"https:\/\/pozirk.online\/en\/wp-json\/wp\/v2\/articles"}],"about":[{"href":"https:\/\/pozirk.online\/en\/wp-json\/wp\/v2\/types\/articles"}],"author":[{"embeddable":true,"href":"https:\/\/pozirk.online\/en\/wp-json\/wp\/v2\/users\/75"}],"wp:attachment":[{"href":"https:\/\/pozirk.online\/en\/wp-json\/wp\/v2\/media?parent=47639"}],"wp:term":[{"taxonomy":"rubric","embeddable":true,"href":"https:\/\/pozirk.online\/en\/wp-json\/wp\/v2\/rubric?post=47639"}],"curies":[{"name":"wp","href":"https:\/\/api.w.org\/{rel}","templated":true}]}}