{"id":202611,"date":"2026-09-06T18:23:12","date_gmt":"2026-09-06T15:23:12","guid":{"rendered":"https:\/\/pozirk.online\/en\/news\/202611\/"},"modified":"2026-09-06T18:23:15","modified_gmt":"2026-09-06T15:23:15","slug":"viasna-expresses-concern-about-health-of-185-political-prisoners","status":"publish","type":"articles","link":"https:\/\/pozirk.online\/en\/news\/202611\/","title":{"rendered":"Viasna expresses concern about health of 185 political prisoners"},"content":{"rendered":"\n<p><strong>September<\/strong><strong> 6,<\/strong> <em><strong>Pozirk<\/strong><\/em><em><strong>.<\/strong><\/em> The Viasna Human Rights Center has reiterated its concern about the health of at least 185 political prisoners in its monthly report for August.<\/p>\n\n\n\n<p>The report names some of the most vulnerable prisoners, including prominent activists such as \u017danna Avram\u010dyk, Maksim \u0160ukana\u016d, Vac\u0142a\u016d Are\u0161ka, U\u0142adzimir Hundar, Dzianis Salmanovi\u010d and Sciapan \u0141atypa\u016d.<\/p>\n\n\n\n<p>Journalist Ja\u016dhien H\u0142u\u0161ko\u016d was hospitalized with ulcer on his release last month from the penal colony in Babrujsk.<\/p>\n\n\n\n<p>Belarus held 899 people on political grounds in prisons in late August, including 124 women, according to Viasna.<\/p>\n\n\n\n<p>U\u0142adzimir Kniha, serving a six-year sentence since September 2023, and Ivan Viarbicki, service a 10-year sentence since August 2023, have been held incommunicado for three years, the report says.<\/p>\n\n\n\n<p>It describes the human rights situation as critical, citing relentless repression.<\/p>\n\n\n\n<div class=\"insert-block\">\n\n    <div class=\"insert-block__img\">\n        <img decoding=\"async\" width=\"354\" height=\"236\" src=\"https:\/\/pozirk.online\/wp-content\/uploads\/2024\/01\/pozirk_color_blank_1128x752-354x236.jpg\" class=\"attachment-medium size-medium\" alt=\"\" srcset=\"https:\/\/pozirk.online\/wp-content\/uploads\/2024\/01\/pozirk_color_blank_1128x752-354x236.jpg 354w, https:\/\/pozirk.online\/wp-content\/uploads\/2024\/01\/pozirk_color_blank_1128x752-734x490.jpg 734w, https:\/\/pozirk.online\/wp-content\/uploads\/2024\/01\/pozirk_color_blank_1128x752-178x118.jpg 178w, https:\/\/pozirk.online\/wp-content\/uploads\/2024\/01\/pozirk_color_blank_1128x752-768x512.jpg 768w, https:\/\/pozirk.online\/wp-content\/uploads\/2024\/01\/pozirk_color_blank_1128x752.jpg 1128w\" sizes=\"(max-width: 354px) 100vw, 354px\" \/>                        <label class=\"insert-block__tag--mobile\"> Politics<\/label>\n\n                <\/div>\n    <div class=\"insert-block__text\">\n                    <label class=\"insert-block__tag\">Politics<\/label>\n                <h3 class=\"insert-block__title\">Numerous \u201cextremist,\u201d\u00a0\u201cterrorist\u201d designations in Belarus as authorities continue persecuting opponents<\/h3>\n        <div class=\"insert-block__descr\">September 5,&nbsp;Pozirk.&nbsp;Sources in Belarus reported&nbsp;numerous new \u201cextremist\u201d and \u201cterrorist\u201d&nbsp;designations&nbsp;and other instances of politically motivated persecution in Belarus&nbsp;between&nbsp;September&nbsp;2 and September 4. Below is Pozirk\u2019s recap: Belarus\u2019 interior ministry on September 4 added 52 names to its list of people it considers &#8230;<\/div>\n        <a class=\"insert-block__btn-block\" href=\"\/en\/news\/202579\">\n            <button class=\"btn\">\n                <div class='btn__text'>Read <\/div>\n            <\/button>\n        <\/a>\n    <\/div>\n<\/div>","protected":false},"excerpt":{"rendered":"<p>September 6, Pozirk. The Viasna Human Rights Center has reiterated its concern about the health of at least 185 political prisoners in its monthly report for August. The report names some of the most vulnerable prisoners, including prominent activists such as \u017danna Avram\u010dyk, Maksim \u0160ukana\u016d, Vac\u0142a\u016d Are\u0161ka, U\u0142adzimir Hundar, Dzianis Salmanovi\u010d and Sciapan \u0141atypa\u016d. Journalist [&hellip;]<\/p>\n","protected":false},"author":83,"featured_media":49661,"template":"","rubric":[16],"class_list":["post-202611","articles","type-articles","status-publish","has-post-thumbnail","hentry","rubric-politics"],"acf":[],"yoast_head":"<!-- This site is optimized with the Yoast SEO plugin v25.5 - https:\/\/yoast.com\/wordpress\/plugins\/seo\/ -->\n<title>Viasna expresses concern about health of 185 political prisoners | Pozirk<\/title>\n<meta name=\"description\" content=\"September 6, Pozirk. The Viasna Human Rights Center has reiterated its concern about the health of at least 185 political prisoners in its monthly report\" \/>\n<meta name=\"robots\" content=\"index, follow, max-snippet:-1, max-image-preview:large, max-video-preview:-1\" \/>\n<link rel=\"canonical\" href=\"https:\/\/pozirk.online\/en\/news\/202611\/\" \/>\n<meta property=\"og:locale\" content=\"en_US\" \/>\n<meta property=\"og:type\" content=\"article\" \/>\n<meta property=\"og:title\" content=\"Viasna expresses concern about health of 185 political prisoners | Pozirk\" \/>\n<meta property=\"og:description\" content=\"September 6, Pozirk. The Viasna Human Rights Center has reiterated its concern about the health of at least 185 political prisoners in its monthly report\" \/>\n<meta property=\"og:url\" content=\"https:\/\/pozirk.online\/en\/news\/202611\/\" \/>\n<meta property=\"og:site_name\" content=\"Pozirk\" \/>\n<meta property=\"article:publisher\" content=\"https:\/\/www.facebook.com\/pozirkonline\/\" \/>\n<meta property=\"article:modified_time\" content=\"2026-09-06T15:23:15+00:00\" \/>\n<meta property=\"og:image\" content=\"https:\/\/pozirk.online\/wp-content\/uploads\/2023\/11\/\u0442\u044e\u0440\u044c\u043c\u0430-\u0441\u043e\u043b\u043d\u0446\u0435-\u043f\u0438\u043a\u0441\u0430\u0431\u0430\u0439-e1700140578746.jpg\" \/>\n\t<meta property=\"og:image:width\" content=\"1280\" \/>\n\t<meta property=\"og:image:height\" content=\"853\" \/>\n\t<meta property=\"og:image:type\" content=\"image\/jpeg\" \/>\n<meta name=\"twitter:card\" content=\"summary_large_image\" \/>\n<meta name=\"twitter:site\" content=\"@Pozirk_online\" \/>\n<meta name=\"twitter:label1\" content=\"Est. reading time\" \/>\n\t<meta name=\"twitter:data1\" content=\"1 minute\" \/>\n<script type=\"application\/ld+json\" class=\"yoast-schema-graph\">{\"@context\":\"https:\/\/schema.org\",\"@graph\":[{\"@type\":\"NewsArticle\",\"@id\":\"https:\/\/pozirk.online\/en\/news\/202611\/#article\",\"isPartOf\":{\"@id\":\"https:\/\/pozirk.online\/en\/news\/202611\/\"},\"headline\":\"Viasna expresses concern about health of 185 political prisoners\",\"datePublished\":\"2026-09-06T15:23:12+00:00\",\"dateModified\":\"2026-09-06T15:23:15+00:00\",\"mainEntityOfPage\":{\"@id\":\"https:\/\/pozirk.online\/en\/news\/202611\/\"},\"wordCount\":140,\"publisher\":{\"@id\":\"https:\/\/pozirk.online\/en\/#organization\"},\"image\":{\"@id\":\"https:\/\/pozirk.online\/en\/news\/202611\/#primaryimage\"},\"thumbnailUrl\":\"https:\/\/pozirk.online\/wp-content\/uploads\/2023\/11\/\u0442\u044e\u0440\u044c\u043c\u0430-\u0441\u043e\u043b\u043d\u0446\u0435-\u043f\u0438\u043a\u0441\u0430\u0431\u0430\u0439-e1700140578746.jpg\",\"inLanguage\":\"en-US\"},{\"@type\":\"WebPage\",\"@id\":\"https:\/\/pozirk.online\/en\/news\/202611\/\",\"url\":\"https:\/\/pozirk.online\/en\/news\/202611\/\",\"name\":\"Viasna expresses concern about health of 185 political prisoners | Pozirk\",\"isPartOf\":{\"@id\":\"https:\/\/pozirk.online\/en\/#website\"},\"primaryImageOfPage\":{\"@id\":\"https:\/\/pozirk.online\/en\/news\/202611\/#primaryimage\"},\"image\":{\"@id\":\"https:\/\/pozirk.online\/en\/news\/202611\/#primaryimage\"},\"thumbnailUrl\":\"https:\/\/pozirk.online\/wp-content\/uploads\/2023\/11\/\u0442\u044e\u0440\u044c\u043c\u0430-\u0441\u043e\u043b\u043d\u0446\u0435-\u043f\u0438\u043a\u0441\u0430\u0431\u0430\u0439-e1700140578746.jpg\",\"datePublished\":\"2026-09-06T15:23:12+00:00\",\"dateModified\":\"2026-09-06T15:23:15+00:00\",\"description\":\"September 6, Pozirk. The Viasna Human Rights Center has reiterated its concern about the health of at least 185 political prisoners in its monthly report\",\"breadcrumb\":{\"@id\":\"https:\/\/pozirk.online\/en\/news\/202611\/#breadcrumb\"},\"inLanguage\":\"en-US\",\"potentialAction\":[{\"@type\":\"ReadAction\",\"target\":[\"https:\/\/pozirk.online\/en\/news\/202611\/\"]}]},{\"@type\":\"ImageObject\",\"inLanguage\":\"en-US\",\"@id\":\"https:\/\/pozirk.online\/en\/news\/202611\/#primaryimage\",\"url\":\"https:\/\/pozirk.online\/wp-content\/uploads\/2023\/11\/\u0442\u044e\u0440\u044c\u043c\u0430-\u0441\u043e\u043b\u043d\u0446\u0435-\u043f\u0438\u043a\u0441\u0430\u0431\u0430\u0439-e1700140578746.jpg\",\"contentUrl\":\"https:\/\/pozirk.online\/wp-content\/uploads\/2023\/11\/\u0442\u044e\u0440\u044c\u043c\u0430-\u0441\u043e\u043b\u043d\u0446\u0435-\u043f\u0438\u043a\u0441\u0430\u0431\u0430\u0439-e1700140578746.jpg\",\"width\":1280,\"height\":853},{\"@type\":\"BreadcrumbList\",\"@id\":\"https:\/\/pozirk.online\/en\/news\/202611\/#breadcrumb\",\"itemListElement\":[{\"@type\":\"ListItem\",\"position\":1,\"name\":\"Home\",\"item\":\"https:\/\/pozirk.online\/en\/\"},{\"@type\":\"ListItem\",\"position\":2,\"name\":\"Viasna expresses concern about health of 185 political prisoners\"}]},{\"@type\":\"WebSite\",\"@id\":\"https:\/\/pozirk.online\/en\/#website\",\"url\":\"https:\/\/pozirk.online\/en\/\",\"name\":\"Pozirk\",\"description\":\"\",\"publisher\":{\"@id\":\"https:\/\/pozirk.online\/en\/#organization\"},\"potentialAction\":[{\"@type\":\"SearchAction\",\"target\":{\"@type\":\"EntryPoint\",\"urlTemplate\":\"https:\/\/pozirk.online\/en\/?s={search_term_string}\"},\"query-input\":{\"@type\":\"PropertyValueSpecification\",\"valueRequired\":true,\"valueName\":\"search_term_string\"}}],\"inLanguage\":\"en-US\"},{\"@type\":\"Organization\",\"@id\":\"https:\/\/pozirk.online\/en\/#organization\",\"name\":\"Pozirk\",\"url\":\"https:\/\/pozirk.online\/en\/\",\"logo\":{\"@type\":\"ImageObject\",\"inLanguage\":\"en-US\",\"@id\":\"https:\/\/pozirk.online\/en\/#\/schema\/logo\/image\/\",\"url\":\"https:\/\/pozirk.online\/wp-content\/uploads\/2023\/11\/cropped-Logo_color_512.png\",\"contentUrl\":\"https:\/\/pozirk.online\/wp-content\/uploads\/2023\/11\/cropped-Logo_color_512.png\",\"width\":512,\"height\":512,\"caption\":\"Pozirk\"},\"image\":{\"@id\":\"https:\/\/pozirk.online\/en\/#\/schema\/logo\/image\/\"},\"sameAs\":[\"https:\/\/www.facebook.com\/pozirkonline\/\",\"https:\/\/x.com\/Pozirk_online\"]}]}<\/script>\n<!-- \/ Yoast SEO plugin. -->","yoast_head_json":{"title":"Viasna expresses concern about health of 185 political prisoners | Pozirk","description":"September 6, Pozirk. The Viasna Human Rights Center has reiterated its concern about the health of at least 185 political prisoners in its monthly report","robots":{"index":"index","follow":"follow","max-snippet":"max-snippet:-1","max-image-preview":"max-image-preview:large","max-video-preview":"max-video-preview:-1"},"canonical":"https:\/\/pozirk.online\/en\/news\/202611\/","og_locale":"en_US","og_type":"article","og_title":"Viasna expresses concern about health of 185 political prisoners | Pozirk","og_description":"September 6, Pozirk. The Viasna Human Rights Center has reiterated its concern about the health of at least 185 political prisoners in its monthly report","og_url":"https:\/\/pozirk.online\/en\/news\/202611\/","og_site_name":"Pozirk","article_publisher":"https:\/\/www.facebook.com\/pozirkonline\/","article_modified_time":"2026-09-06T15:23:15+00:00","og_image":[{"width":1280,"height":853,"url":"https:\/\/pozirk.online\/wp-content\/uploads\/2023\/11\/\u0442\u044e\u0440\u044c\u043c\u0430-\u0441\u043e\u043b\u043d\u0446\u0435-\u043f\u0438\u043a\u0441\u0430\u0431\u0430\u0439-e1700140578746.jpg","type":"image\/jpeg"}],"twitter_card":"summary_large_image","twitter_site":"@Pozirk_online","twitter_misc":{"Est. reading time":"1 minute"},"schema":{"@context":"https:\/\/schema.org","@graph":[{"@type":"NewsArticle","@id":"https:\/\/pozirk.online\/en\/news\/202611\/#article","isPartOf":{"@id":"https:\/\/pozirk.online\/en\/news\/202611\/"},"headline":"Viasna expresses concern about health of 185 political prisoners","datePublished":"2026-09-06T15:23:12+00:00","dateModified":"2026-09-06T15:23:15+00:00","mainEntityOfPage":{"@id":"https:\/\/pozirk.online\/en\/news\/202611\/"},"wordCount":140,"publisher":{"@id":"https:\/\/pozirk.online\/en\/#organization"},"image":{"@id":"https:\/\/pozirk.online\/en\/news\/202611\/#primaryimage"},"thumbnailUrl":"https:\/\/pozirk.online\/wp-content\/uploads\/2023\/11\/\u0442\u044e\u0440\u044c\u043c\u0430-\u0441\u043e\u043b\u043d\u0446\u0435-\u043f\u0438\u043a\u0441\u0430\u0431\u0430\u0439-e1700140578746.jpg","inLanguage":"en-US"},{"@type":"WebPage","@id":"https:\/\/pozirk.online\/en\/news\/202611\/","url":"https:\/\/pozirk.online\/en\/news\/202611\/","name":"Viasna expresses concern about health of 185 political prisoners | Pozirk","isPartOf":{"@id":"https:\/\/pozirk.online\/en\/#website"},"primaryImageOfPage":{"@id":"https:\/\/pozirk.online\/en\/news\/202611\/#primaryimage"},"image":{"@id":"https:\/\/pozirk.online\/en\/news\/202611\/#primaryimage"},"thumbnailUrl":"https:\/\/pozirk.online\/wp-content\/uploads\/2023\/11\/\u0442\u044e\u0440\u044c\u043c\u0430-\u0441\u043e\u043b\u043d\u0446\u0435-\u043f\u0438\u043a\u0441\u0430\u0431\u0430\u0439-e1700140578746.jpg","datePublished":"2026-09-06T15:23:12+00:00","dateModified":"2026-09-06T15:23:15+00:00","description":"September 6, Pozirk. The Viasna Human Rights Center has reiterated its concern about the health of at least 185 political prisoners in its monthly report","breadcrumb":{"@id":"https:\/\/pozirk.online\/en\/news\/202611\/#breadcrumb"},"inLanguage":"en-US","potentialAction":[{"@type":"ReadAction","target":["https:\/\/pozirk.online\/en\/news\/202611\/"]}]},{"@type":"ImageObject","inLanguage":"en-US","@id":"https:\/\/pozirk.online\/en\/news\/202611\/#primaryimage","url":"https:\/\/pozirk.online\/wp-content\/uploads\/2023\/11\/\u0442\u044e\u0440\u044c\u043c\u0430-\u0441\u043e\u043b\u043d\u0446\u0435-\u043f\u0438\u043a\u0441\u0430\u0431\u0430\u0439-e1700140578746.jpg","contentUrl":"https:\/\/pozirk.online\/wp-content\/uploads\/2023\/11\/\u0442\u044e\u0440\u044c\u043c\u0430-\u0441\u043e\u043b\u043d\u0446\u0435-\u043f\u0438\u043a\u0441\u0430\u0431\u0430\u0439-e1700140578746.jpg","width":1280,"height":853},{"@type":"BreadcrumbList","@id":"https:\/\/pozirk.online\/en\/news\/202611\/#breadcrumb","itemListElement":[{"@type":"ListItem","position":1,"name":"Home","item":"https:\/\/pozirk.online\/en\/"},{"@type":"ListItem","position":2,"name":"Viasna expresses concern about health of 185 political prisoners"}]},{"@type":"WebSite","@id":"https:\/\/pozirk.online\/en\/#website","url":"https:\/\/pozirk.online\/en\/","name":"Pozirk","description":"","publisher":{"@id":"https:\/\/pozirk.online\/en\/#organization"},"potentialAction":[{"@type":"SearchAction","target":{"@type":"EntryPoint","urlTemplate":"https:\/\/pozirk.online\/en\/?s={search_term_string}"},"query-input":{"@type":"PropertyValueSpecification","valueRequired":true,"valueName":"search_term_string"}}],"inLanguage":"en-US"},{"@type":"Organization","@id":"https:\/\/pozirk.online\/en\/#organization","name":"Pozirk","url":"https:\/\/pozirk.online\/en\/","logo":{"@type":"ImageObject","inLanguage":"en-US","@id":"https:\/\/pozirk.online\/en\/#\/schema\/logo\/image\/","url":"https:\/\/pozirk.online\/wp-content\/uploads\/2023\/11\/cropped-Logo_color_512.png","contentUrl":"https:\/\/pozirk.online\/wp-content\/uploads\/2023\/11\/cropped-Logo_color_512.png","width":512,"height":512,"caption":"Pozirk"},"image":{"@id":"https:\/\/pozirk.online\/en\/#\/schema\/logo\/image\/"},"sameAs":["https:\/\/www.facebook.com\/pozirkonline\/","https:\/\/x.com\/Pozirk_online"]}]}},"_links":{"self":[{"href":"https:\/\/pozirk.online\/en\/wp-json\/wp\/v2\/articles\/202611","targetHints":{"allow":["GET"]}}],"collection":[{"href":"https:\/\/pozirk.online\/en\/wp-json\/wp\/v2\/articles"}],"about":[{"href":"https:\/\/pozirk.online\/en\/wp-json\/wp\/v2\/types\/articles"}],"author":[{"embeddable":true,"href":"https:\/\/pozirk.online\/en\/wp-json\/wp\/v2\/users\/83"}],"wp:featuredmedia":[{"embeddable":true,"href":"https:\/\/pozirk.online\/en\/wp-json\/wp\/v2\/media\/49661"}],"wp:attachment":[{"href":"https:\/\/pozirk.online\/en\/wp-json\/wp\/v2\/media?parent=202611"}],"wp:term":[{"taxonomy":"rubric","embeddable":true,"href":"https:\/\/pozirk.online\/en\/wp-json\/wp\/v2\/rubric?post=202611"}],"curies":[{"name":"wp","href":"https:\/\/api.w.org\/{rel}","templated":true}]}}