{"id":202600,"date":"2026-09-06T15:40:39","date_gmt":"2026-09-06T12:40:39","guid":{"rendered":"https:\/\/pozirk.online\/en\/news\/202600\/"},"modified":"2026-09-06T15:40:41","modified_gmt":"2026-09-06T12:40:41","slug":"emergency-ministry-stands-up-for-belarusian-language-on-written-language-day","status":"publish","type":"articles","link":"https:\/\/pozirk.online\/en\/news\/202600\/","title":{"rendered":"Emergency ministry stands up for Belarusian language on Written Language Day"},"content":{"rendered":"\n<figure class=\"block-image block-image-normal\">\n\n  <img decoding=\"async\" width=\"1128\" height=\"752\" src=\"https:\/\/pozirk.online\/wp-content\/uploads\/2024\/02\/litara_u_vsuonline_1128x752.jpg\" class=\"attachment-full size-full\" alt=\"\" srcset=\"https:\/\/pozirk.online\/wp-content\/uploads\/2024\/02\/litara_u_vsuonline_1128x752.jpg 1128w, https:\/\/pozirk.online\/wp-content\/uploads\/2024\/02\/litara_u_vsuonline_1128x752-354x236.jpg 354w, https:\/\/pozirk.online\/wp-content\/uploads\/2024\/02\/litara_u_vsuonline_1128x752-734x490.jpg 734w, https:\/\/pozirk.online\/wp-content\/uploads\/2024\/02\/litara_u_vsuonline_1128x752-178x118.jpg 178w, https:\/\/pozirk.online\/wp-content\/uploads\/2024\/02\/litara_u_vsuonline_1128x752-768x512.jpg 768w\" sizes=\"(max-width: 1128px) 100vw, 1128px\" \/>\n  <figcaption>\n  \n       <div class=\"block-image__author\">\n                <span>(vsu.online)<\/span>\n    <\/div>\n     <\/figcaption>\n<\/figure>\n\n\n\n<p><strong>September<\/strong><strong> 6,<\/strong> <em><strong>Pozirk<\/strong><\/em><em><strong>.<\/strong><\/em> Belarus\u2019 Ministry for Emergency Management has issued a statement in support of the Belarusian language to mark the Day of the Belarusian Written Language.<\/p>\n\n\n\n<p>The statement stands in contrast with the government\u2019s policy widely criticized as discriminatory against Belarusian.<\/p>\n\n\n\n<p>The ministry pointed out that the native language forms the basis of Belarusian identity and \u201cinspires, unites and preserves what makes us a nation.\u201d<\/p>\n\n\n\n<p>It called for promoting the use of Belarusian.<\/p>\n\n\n\n<p>The Belarusian government has been holding official ceremonies in Ka\u015bciukovi\u010dy, Mahilo\u016d region, on September 5 and 6 on the occasion.<\/p>\n\n\n\n<p>However, language advocates have criticized it for doing not enough to expand the use of Belarusian in daily life.<\/p>\n\n\n\n<p>According to the Ministry of Education, 58 percent of Belarusian schools provide instruction in Russian. Students receiving instruction in Belarusian account for just about 10 percent of the total number.<\/p>\n\n\n\n<div class=\"insert-block\">\n\n    <div class=\"insert-block__img\">\n        <img decoding=\"async\" width=\"354\" height=\"236\" src=\"https:\/\/pozirk.online\/wp-content\/uploads\/2026\/03\/universitet_volovicha_fb-354x236.jpg\" class=\"attachment-medium size-medium\" alt=\"\" srcset=\"https:\/\/pozirk.online\/wp-content\/uploads\/2026\/03\/universitet_volovicha_fb-354x236.jpg 354w, https:\/\/pozirk.online\/wp-content\/uploads\/2026\/03\/universitet_volovicha_fb-178x118.jpg 178w, https:\/\/pozirk.online\/wp-content\/uploads\/2026\/03\/universitet_volovicha_fb.jpg 512w\" sizes=\"(max-width: 354px) 100vw, 354px\" \/>                        <label class=\"insert-block__tag--mobile\"> Society<\/label>\n\n                <\/div>\n    <div class=\"insert-block__text\">\n                    <label class=\"insert-block__tag\">Society<\/label>\n                <h3 class=\"insert-block__title\">Dozens of academics call for creation of Belarusian research university<\/h3>\n        <div class=\"insert-block__descr\">July 9, Pozirk. Sixty scholars and public figures signed an open letter in support of the establishment of a Belarusian Research University in the European Union, says the document posted on the initiative\u2019s website.&nbsp; The appeal contains a call on &#8230;<\/div>\n        <a class=\"insert-block__btn-block\" href=\"\/en\/news\/195033\">\n            <button class=\"btn\">\n                <div class='btn__text'>Read<\/div>\n            <\/button>\n        <\/a>\n    <\/div>\n<\/div>","protected":false},"excerpt":{"rendered":"<p>September 6, Pozirk. Belarus\u2019 Ministry for Emergency Management has issued a statement in support of the Belarusian language to mark the Day of the Belarusian Written Language. The statement stands in contrast with the government\u2019s policy widely criticized as discriminatory against Belarusian. The ministry pointed out that the native language forms the basis of Belarusian [&hellip;]<\/p>\n","protected":false},"author":83,"featured_media":64541,"template":"","rubric":[15],"class_list":["post-202600","articles","type-articles","status-publish","has-post-thumbnail","hentry","rubric-society"],"acf":[],"yoast_head":"<!-- This site is optimized with the Yoast SEO plugin v25.5 - https:\/\/yoast.com\/wordpress\/plugins\/seo\/ -->\n<title>Emergency ministry stands up for Belarusian language on Written Language Day | Pozirk<\/title>\n<meta name=\"description\" content=\"September 6, Pozirk. Belarus\u2019 Ministry for Emergency Management has issued a statement in support of the Belarusian language to mark the Day of the\" \/>\n<meta name=\"robots\" content=\"index, follow, max-snippet:-1, max-image-preview:large, max-video-preview:-1\" \/>\n<link rel=\"canonical\" href=\"https:\/\/pozirk.online\/en\/news\/202600\/\" \/>\n<meta property=\"og:locale\" content=\"en_US\" \/>\n<meta property=\"og:type\" content=\"article\" \/>\n<meta property=\"og:title\" content=\"Emergency ministry stands up for Belarusian language on Written Language Day | Pozirk\" \/>\n<meta property=\"og:description\" content=\"September 6, Pozirk. Belarus\u2019 Ministry for Emergency Management has issued a statement in support of the Belarusian language to mark the Day of the\" \/>\n<meta property=\"og:url\" content=\"https:\/\/pozirk.online\/en\/news\/202600\/\" \/>\n<meta property=\"og:site_name\" content=\"Pozirk\" \/>\n<meta property=\"article:publisher\" content=\"https:\/\/www.facebook.com\/pozirkonline\/\" \/>\n<meta property=\"article:modified_time\" content=\"2026-09-06T12:40:41+00:00\" \/>\n<meta property=\"og:image\" content=\"https:\/\/pozirk.online\/wp-content\/uploads\/2024\/02\/litara_u_vsuonline_1128x752.jpg\" \/>\n\t<meta property=\"og:image:width\" content=\"1128\" \/>\n\t<meta property=\"og:image:height\" content=\"752\" \/>\n\t<meta property=\"og:image:type\" content=\"image\/jpeg\" \/>\n<meta name=\"twitter:card\" content=\"summary_large_image\" \/>\n<meta name=\"twitter:site\" content=\"@Pozirk_online\" \/>\n<meta name=\"twitter:label1\" content=\"Est. reading time\" \/>\n\t<meta name=\"twitter:data1\" content=\"1 minute\" \/>\n<script type=\"application\/ld+json\" class=\"yoast-schema-graph\">{\"@context\":\"https:\/\/schema.org\",\"@graph\":[{\"@type\":\"NewsArticle\",\"@id\":\"https:\/\/pozirk.online\/en\/news\/202600\/#article\",\"isPartOf\":{\"@id\":\"https:\/\/pozirk.online\/en\/news\/202600\/\"},\"headline\":\"Emergency ministry stands up for Belarusian language on Written Language Day\",\"datePublished\":\"2026-09-06T12:40:39+00:00\",\"dateModified\":\"2026-09-06T12:40:41+00:00\",\"mainEntityOfPage\":{\"@id\":\"https:\/\/pozirk.online\/en\/news\/202600\/\"},\"wordCount\":152,\"publisher\":{\"@id\":\"https:\/\/pozirk.online\/en\/#organization\"},\"image\":{\"@id\":\"https:\/\/pozirk.online\/en\/news\/202600\/#primaryimage\"},\"thumbnailUrl\":\"https:\/\/pozirk.online\/wp-content\/uploads\/2024\/02\/litara_u_vsuonline_1128x752.jpg\",\"inLanguage\":\"en-US\"},{\"@type\":\"WebPage\",\"@id\":\"https:\/\/pozirk.online\/en\/news\/202600\/\",\"url\":\"https:\/\/pozirk.online\/en\/news\/202600\/\",\"name\":\"Emergency ministry stands up for Belarusian language on Written Language Day | Pozirk\",\"isPartOf\":{\"@id\":\"https:\/\/pozirk.online\/en\/#website\"},\"primaryImageOfPage\":{\"@id\":\"https:\/\/pozirk.online\/en\/news\/202600\/#primaryimage\"},\"image\":{\"@id\":\"https:\/\/pozirk.online\/en\/news\/202600\/#primaryimage\"},\"thumbnailUrl\":\"https:\/\/pozirk.online\/wp-content\/uploads\/2024\/02\/litara_u_vsuonline_1128x752.jpg\",\"datePublished\":\"2026-09-06T12:40:39+00:00\",\"dateModified\":\"2026-09-06T12:40:41+00:00\",\"description\":\"September 6, Pozirk. Belarus\u2019 Ministry for Emergency Management has issued a statement in support of the Belarusian language to mark the Day of the\",\"breadcrumb\":{\"@id\":\"https:\/\/pozirk.online\/en\/news\/202600\/#breadcrumb\"},\"inLanguage\":\"en-US\",\"potentialAction\":[{\"@type\":\"ReadAction\",\"target\":[\"https:\/\/pozirk.online\/en\/news\/202600\/\"]}]},{\"@type\":\"ImageObject\",\"inLanguage\":\"en-US\",\"@id\":\"https:\/\/pozirk.online\/en\/news\/202600\/#primaryimage\",\"url\":\"https:\/\/pozirk.online\/wp-content\/uploads\/2024\/02\/litara_u_vsuonline_1128x752.jpg\",\"contentUrl\":\"https:\/\/pozirk.online\/wp-content\/uploads\/2024\/02\/litara_u_vsuonline_1128x752.jpg\",\"width\":1128,\"height\":752},{\"@type\":\"BreadcrumbList\",\"@id\":\"https:\/\/pozirk.online\/en\/news\/202600\/#breadcrumb\",\"itemListElement\":[{\"@type\":\"ListItem\",\"position\":1,\"name\":\"Home\",\"item\":\"https:\/\/pozirk.online\/en\/\"},{\"@type\":\"ListItem\",\"position\":2,\"name\":\"Emergency ministry stands up for Belarusian language on Written Language Day\"}]},{\"@type\":\"WebSite\",\"@id\":\"https:\/\/pozirk.online\/en\/#website\",\"url\":\"https:\/\/pozirk.online\/en\/\",\"name\":\"Pozirk\",\"description\":\"\",\"publisher\":{\"@id\":\"https:\/\/pozirk.online\/en\/#organization\"},\"potentialAction\":[{\"@type\":\"SearchAction\",\"target\":{\"@type\":\"EntryPoint\",\"urlTemplate\":\"https:\/\/pozirk.online\/en\/?s={search_term_string}\"},\"query-input\":{\"@type\":\"PropertyValueSpecification\",\"valueRequired\":true,\"valueName\":\"search_term_string\"}}],\"inLanguage\":\"en-US\"},{\"@type\":\"Organization\",\"@id\":\"https:\/\/pozirk.online\/en\/#organization\",\"name\":\"Pozirk\",\"url\":\"https:\/\/pozirk.online\/en\/\",\"logo\":{\"@type\":\"ImageObject\",\"inLanguage\":\"en-US\",\"@id\":\"https:\/\/pozirk.online\/en\/#\/schema\/logo\/image\/\",\"url\":\"https:\/\/pozirk.online\/wp-content\/uploads\/2023\/11\/cropped-Logo_color_512.png\",\"contentUrl\":\"https:\/\/pozirk.online\/wp-content\/uploads\/2023\/11\/cropped-Logo_color_512.png\",\"width\":512,\"height\":512,\"caption\":\"Pozirk\"},\"image\":{\"@id\":\"https:\/\/pozirk.online\/en\/#\/schema\/logo\/image\/\"},\"sameAs\":[\"https:\/\/www.facebook.com\/pozirkonline\/\",\"https:\/\/x.com\/Pozirk_online\"]}]}<\/script>\n<!-- \/ Yoast SEO plugin. -->","yoast_head_json":{"title":"Emergency ministry stands up for Belarusian language on Written Language Day | Pozirk","description":"September 6, Pozirk. Belarus\u2019 Ministry for Emergency Management has issued a statement in support of the Belarusian language to mark the Day of the","robots":{"index":"index","follow":"follow","max-snippet":"max-snippet:-1","max-image-preview":"max-image-preview:large","max-video-preview":"max-video-preview:-1"},"canonical":"https:\/\/pozirk.online\/en\/news\/202600\/","og_locale":"en_US","og_type":"article","og_title":"Emergency ministry stands up for Belarusian language on Written Language Day | Pozirk","og_description":"September 6, Pozirk. Belarus\u2019 Ministry for Emergency Management has issued a statement in support of the Belarusian language to mark the Day of the","og_url":"https:\/\/pozirk.online\/en\/news\/202600\/","og_site_name":"Pozirk","article_publisher":"https:\/\/www.facebook.com\/pozirkonline\/","article_modified_time":"2026-09-06T12:40:41+00:00","og_image":[{"width":1128,"height":752,"url":"https:\/\/pozirk.online\/wp-content\/uploads\/2024\/02\/litara_u_vsuonline_1128x752.jpg","type":"image\/jpeg"}],"twitter_card":"summary_large_image","twitter_site":"@Pozirk_online","twitter_misc":{"Est. reading time":"1 minute"},"schema":{"@context":"https:\/\/schema.org","@graph":[{"@type":"NewsArticle","@id":"https:\/\/pozirk.online\/en\/news\/202600\/#article","isPartOf":{"@id":"https:\/\/pozirk.online\/en\/news\/202600\/"},"headline":"Emergency ministry stands up for Belarusian language on Written Language Day","datePublished":"2026-09-06T12:40:39+00:00","dateModified":"2026-09-06T12:40:41+00:00","mainEntityOfPage":{"@id":"https:\/\/pozirk.online\/en\/news\/202600\/"},"wordCount":152,"publisher":{"@id":"https:\/\/pozirk.online\/en\/#organization"},"image":{"@id":"https:\/\/pozirk.online\/en\/news\/202600\/#primaryimage"},"thumbnailUrl":"https:\/\/pozirk.online\/wp-content\/uploads\/2024\/02\/litara_u_vsuonline_1128x752.jpg","inLanguage":"en-US"},{"@type":"WebPage","@id":"https:\/\/pozirk.online\/en\/news\/202600\/","url":"https:\/\/pozirk.online\/en\/news\/202600\/","name":"Emergency ministry stands up for Belarusian language on Written Language Day | Pozirk","isPartOf":{"@id":"https:\/\/pozirk.online\/en\/#website"},"primaryImageOfPage":{"@id":"https:\/\/pozirk.online\/en\/news\/202600\/#primaryimage"},"image":{"@id":"https:\/\/pozirk.online\/en\/news\/202600\/#primaryimage"},"thumbnailUrl":"https:\/\/pozirk.online\/wp-content\/uploads\/2024\/02\/litara_u_vsuonline_1128x752.jpg","datePublished":"2026-09-06T12:40:39+00:00","dateModified":"2026-09-06T12:40:41+00:00","description":"September 6, Pozirk. Belarus\u2019 Ministry for Emergency Management has issued a statement in support of the Belarusian language to mark the Day of the","breadcrumb":{"@id":"https:\/\/pozirk.online\/en\/news\/202600\/#breadcrumb"},"inLanguage":"en-US","potentialAction":[{"@type":"ReadAction","target":["https:\/\/pozirk.online\/en\/news\/202600\/"]}]},{"@type":"ImageObject","inLanguage":"en-US","@id":"https:\/\/pozirk.online\/en\/news\/202600\/#primaryimage","url":"https:\/\/pozirk.online\/wp-content\/uploads\/2024\/02\/litara_u_vsuonline_1128x752.jpg","contentUrl":"https:\/\/pozirk.online\/wp-content\/uploads\/2024\/02\/litara_u_vsuonline_1128x752.jpg","width":1128,"height":752},{"@type":"BreadcrumbList","@id":"https:\/\/pozirk.online\/en\/news\/202600\/#breadcrumb","itemListElement":[{"@type":"ListItem","position":1,"name":"Home","item":"https:\/\/pozirk.online\/en\/"},{"@type":"ListItem","position":2,"name":"Emergency ministry stands up for Belarusian language on Written Language Day"}]},{"@type":"WebSite","@id":"https:\/\/pozirk.online\/en\/#website","url":"https:\/\/pozirk.online\/en\/","name":"Pozirk","description":"","publisher":{"@id":"https:\/\/pozirk.online\/en\/#organization"},"potentialAction":[{"@type":"SearchAction","target":{"@type":"EntryPoint","urlTemplate":"https:\/\/pozirk.online\/en\/?s={search_term_string}"},"query-input":{"@type":"PropertyValueSpecification","valueRequired":true,"valueName":"search_term_string"}}],"inLanguage":"en-US"},{"@type":"Organization","@id":"https:\/\/pozirk.online\/en\/#organization","name":"Pozirk","url":"https:\/\/pozirk.online\/en\/","logo":{"@type":"ImageObject","inLanguage":"en-US","@id":"https:\/\/pozirk.online\/en\/#\/schema\/logo\/image\/","url":"https:\/\/pozirk.online\/wp-content\/uploads\/2023\/11\/cropped-Logo_color_512.png","contentUrl":"https:\/\/pozirk.online\/wp-content\/uploads\/2023\/11\/cropped-Logo_color_512.png","width":512,"height":512,"caption":"Pozirk"},"image":{"@id":"https:\/\/pozirk.online\/en\/#\/schema\/logo\/image\/"},"sameAs":["https:\/\/www.facebook.com\/pozirkonline\/","https:\/\/x.com\/Pozirk_online"]}]}},"_links":{"self":[{"href":"https:\/\/pozirk.online\/en\/wp-json\/wp\/v2\/articles\/202600","targetHints":{"allow":["GET"]}}],"collection":[{"href":"https:\/\/pozirk.online\/en\/wp-json\/wp\/v2\/articles"}],"about":[{"href":"https:\/\/pozirk.online\/en\/wp-json\/wp\/v2\/types\/articles"}],"author":[{"embeddable":true,"href":"https:\/\/pozirk.online\/en\/wp-json\/wp\/v2\/users\/83"}],"wp:featuredmedia":[{"embeddable":true,"href":"https:\/\/pozirk.online\/en\/wp-json\/wp\/v2\/media\/64541"}],"wp:attachment":[{"href":"https:\/\/pozirk.online\/en\/wp-json\/wp\/v2\/media?parent=202600"}],"wp:term":[{"taxonomy":"rubric","embeddable":true,"href":"https:\/\/pozirk.online\/en\/wp-json\/wp\/v2\/rubric?post=202600"}],"curies":[{"name":"wp","href":"https:\/\/api.w.org\/{rel}","templated":true}]}}