{"id":202321,"date":"2026-09-03T13:48:25","date_gmt":"2026-09-03T10:48:25","guid":{"rendered":"https:\/\/pozirk.online\/en\/news\/202321\/"},"modified":"2026-09-03T13:48:36","modified_gmt":"2026-09-03T10:48:36","slug":"seimas-speaker-sees-no-grounds-for-easing-belarus-sanctions","status":"publish","type":"articles","link":"https:\/\/pozirk.online\/en\/news\/202321\/","title":{"rendered":"Seimas speaker sees no grounds for easing Belarus sanctions"},"content":{"rendered":"\n<p><strong>September 3, <em>Pozirk.<\/em><\/strong> Lithuania supports tighter sanctions against Belarus, Lithuanian Seimas Speaker Juozas Olekas has told journalists following today&#8217;s meeting with Belarusian opposition leader \u015aviat\u0142ana Cichano\u016dskaja.<\/p>\n\n\n\n<p>\u201cWe do not see any changes that would allow us to ease sanctions or to believe that doing so would have an even greater positive effect in terms of democracy,\u201d <em>Delfi <\/em>quoted him as saying.<\/p>\n\n\n\n<p>His statement echoed a recent remark by Lithuanian Prime Minister Mindaugas Sinkevi\u010dius, who said he saw no reason to change his country\u2019s position toward the Belarusian regime or to ease sanctions.<\/p>\n\n\n\n<p>Olekas also said that Lithuania, together with its European and US partners, continues to seek opportunities for dialogue with the Belarusian authorities. Such an engagement is necessary to convey to Minsk that there is \u201canother way\u201d that includes an end to politically motivated reprisals, he noted.<\/p>\n\n\n\n<p>At today\u2019s meeting, Cichano\u016dskaja called on Lithuania to make Belarus \u201cone of the priorities on the European agenda\u201d during its presidency of the Council of the European Union in the first half of 2027, her press office said.<\/p>\n\n\n\n<div class=\"insert-block\">\n\n    <div class=\"insert-block__img\">\n        <img decoding=\"async\" width=\"354\" height=\"236\" src=\"https:\/\/pozirk.online\/wp-content\/uploads\/2026\/09\/tihanovskaja_olekas_press_sl_1128x753-354x236.jpg\" class=\"attachment-medium size-medium\" alt=\"\" srcset=\"https:\/\/pozirk.online\/wp-content\/uploads\/2026\/09\/tihanovskaja_olekas_press_sl_1128x753-354x236.jpg 354w, https:\/\/pozirk.online\/wp-content\/uploads\/2026\/09\/tihanovskaja_olekas_press_sl_1128x753-734x490.jpg 734w, https:\/\/pozirk.online\/wp-content\/uploads\/2026\/09\/tihanovskaja_olekas_press_sl_1128x753-178x118.jpg 178w, https:\/\/pozirk.online\/wp-content\/uploads\/2026\/09\/tihanovskaja_olekas_press_sl_1128x753-768x513.jpg 768w, https:\/\/pozirk.online\/wp-content\/uploads\/2026\/09\/tihanovskaja_olekas_press_sl_1128x753.jpg 1128w\" sizes=\"(max-width: 354px) 100vw, 354px\" \/>                        <label class=\"insert-block__tag--mobile\"> Politics<\/label>\n\n                <\/div>\n    <div class=\"insert-block__text\">\n                    <label class=\"insert-block__tag\">Politics<\/label>\n                <h3 class=\"insert-block__title\">Cichano\u016dskaja urges Vilnius to prioritize Belarus during EU Council presidency<\/h3>\n        <div class=\"insert-block__descr\">September 3, Pozirk. Belarusian opposition leader \u015aviat\u0142ana Cichano\u016dskaja has met Lithuanian Seimas Speaker Juozas Olekas in Vilnius, calling on Lithuania to make Belarus \u201cone of the priorities on the European agenda\u201d during its presidency of the Council of the European &#8230;<\/div>\n        <a class=\"insert-block__btn-block\" href=\"\/en\/news\/202304\">\n            <button class=\"btn\">\n                <div class='btn__text'>Read<\/div>\n            <\/button>\n        <\/a>\n    <\/div>\n<\/div>","protected":false},"excerpt":{"rendered":"<p>September 3, Pozirk. Lithuania supports tighter sanctions against Belarus, Lithuanian Seimas Speaker Juozas Olekas has told journalists following today&#8217;s meeting with Belarusian opposition leader \u015aviat\u0142ana Cichano\u016dskaja. \u201cWe do not see any changes that would allow us to ease sanctions or to believe that doing so would have an even greater positive effect in terms of [&hellip;]<\/p>\n","protected":false},"author":83,"featured_media":155615,"template":"","rubric":[16],"class_list":["post-202321","articles","type-articles","status-publish","has-post-thumbnail","hentry","rubric-politics"],"acf":[],"yoast_head":"<!-- This site is optimized with the Yoast SEO plugin v25.5 - https:\/\/yoast.com\/wordpress\/plugins\/seo\/ -->\n<title>Seimas speaker sees no grounds for easing Belarus sanctions | Pozirk<\/title>\n<meta name=\"description\" content=\"September 3, Pozirk. Lithuania supports tighter sanctions against Belarus, Lithuanian Seimas Speaker Juozas Olekas has told journalists following today&#039;s\" \/>\n<meta name=\"robots\" content=\"index, follow, max-snippet:-1, max-image-preview:large, max-video-preview:-1\" \/>\n<link rel=\"canonical\" href=\"https:\/\/pozirk.online\/en\/news\/202321\/\" \/>\n<meta property=\"og:locale\" content=\"en_US\" \/>\n<meta property=\"og:type\" content=\"article\" \/>\n<meta property=\"og:title\" content=\"Seimas speaker sees no grounds for easing Belarus sanctions | Pozirk\" \/>\n<meta property=\"og:description\" content=\"September 3, Pozirk. Lithuania supports tighter sanctions against Belarus, Lithuanian Seimas Speaker Juozas Olekas has told journalists following today&#039;s\" \/>\n<meta property=\"og:url\" content=\"https:\/\/pozirk.online\/en\/news\/202321\/\" \/>\n<meta property=\"og:site_name\" content=\"Pozirk\" \/>\n<meta property=\"article:publisher\" content=\"https:\/\/www.facebook.com\/pozirkonline\/\" \/>\n<meta property=\"article:modified_time\" content=\"2026-09-03T10:48:36+00:00\" \/>\n<meta property=\"og:image\" content=\"https:\/\/pozirk.online\/wp-content\/uploads\/2025\/09\/juozas_olekas_spiker_sejma_litvy_1128x752.jpg\" \/>\n\t<meta property=\"og:image:width\" content=\"1128\" \/>\n\t<meta property=\"og:image:height\" content=\"752\" \/>\n\t<meta property=\"og:image:type\" content=\"image\/jpeg\" \/>\n<meta name=\"twitter:card\" content=\"summary_large_image\" \/>\n<meta name=\"twitter:site\" content=\"@Pozirk_online\" \/>\n<meta name=\"twitter:label1\" content=\"Est. reading time\" \/>\n\t<meta name=\"twitter:data1\" content=\"1 minute\" \/>\n<script type=\"application\/ld+json\" class=\"yoast-schema-graph\">{\"@context\":\"https:\/\/schema.org\",\"@graph\":[{\"@type\":\"NewsArticle\",\"@id\":\"https:\/\/pozirk.online\/en\/news\/202321\/#article\",\"isPartOf\":{\"@id\":\"https:\/\/pozirk.online\/en\/news\/202321\/\"},\"headline\":\"Seimas speaker sees no grounds for easing Belarus sanctions\",\"datePublished\":\"2026-09-03T10:48:25+00:00\",\"dateModified\":\"2026-09-03T10:48:36+00:00\",\"mainEntityOfPage\":{\"@id\":\"https:\/\/pozirk.online\/en\/news\/202321\/\"},\"wordCount\":190,\"publisher\":{\"@id\":\"https:\/\/pozirk.online\/en\/#organization\"},\"image\":{\"@id\":\"https:\/\/pozirk.online\/en\/news\/202321\/#primaryimage\"},\"thumbnailUrl\":\"https:\/\/pozirk.online\/wp-content\/uploads\/2025\/09\/juozas_olekas_spiker_sejma_litvy_1128x752.jpg\",\"inLanguage\":\"en-US\"},{\"@type\":\"WebPage\",\"@id\":\"https:\/\/pozirk.online\/en\/news\/202321\/\",\"url\":\"https:\/\/pozirk.online\/en\/news\/202321\/\",\"name\":\"Seimas speaker sees no grounds for easing Belarus sanctions | Pozirk\",\"isPartOf\":{\"@id\":\"https:\/\/pozirk.online\/en\/#website\"},\"primaryImageOfPage\":{\"@id\":\"https:\/\/pozirk.online\/en\/news\/202321\/#primaryimage\"},\"image\":{\"@id\":\"https:\/\/pozirk.online\/en\/news\/202321\/#primaryimage\"},\"thumbnailUrl\":\"https:\/\/pozirk.online\/wp-content\/uploads\/2025\/09\/juozas_olekas_spiker_sejma_litvy_1128x752.jpg\",\"datePublished\":\"2026-09-03T10:48:25+00:00\",\"dateModified\":\"2026-09-03T10:48:36+00:00\",\"description\":\"September 3, Pozirk. Lithuania supports tighter sanctions against Belarus, Lithuanian Seimas Speaker Juozas Olekas has told journalists following today's\",\"breadcrumb\":{\"@id\":\"https:\/\/pozirk.online\/en\/news\/202321\/#breadcrumb\"},\"inLanguage\":\"en-US\",\"potentialAction\":[{\"@type\":\"ReadAction\",\"target\":[\"https:\/\/pozirk.online\/en\/news\/202321\/\"]}]},{\"@type\":\"ImageObject\",\"inLanguage\":\"en-US\",\"@id\":\"https:\/\/pozirk.online\/en\/news\/202321\/#primaryimage\",\"url\":\"https:\/\/pozirk.online\/wp-content\/uploads\/2025\/09\/juozas_olekas_spiker_sejma_litvy_1128x752.jpg\",\"contentUrl\":\"https:\/\/pozirk.online\/wp-content\/uploads\/2025\/09\/juozas_olekas_spiker_sejma_litvy_1128x752.jpg\",\"width\":1128,\"height\":752},{\"@type\":\"BreadcrumbList\",\"@id\":\"https:\/\/pozirk.online\/en\/news\/202321\/#breadcrumb\",\"itemListElement\":[{\"@type\":\"ListItem\",\"position\":1,\"name\":\"Home\",\"item\":\"https:\/\/pozirk.online\/en\/\"},{\"@type\":\"ListItem\",\"position\":2,\"name\":\"Seimas speaker sees no grounds for easing Belarus sanctions\"}]},{\"@type\":\"WebSite\",\"@id\":\"https:\/\/pozirk.online\/en\/#website\",\"url\":\"https:\/\/pozirk.online\/en\/\",\"name\":\"Pozirk\",\"description\":\"\",\"publisher\":{\"@id\":\"https:\/\/pozirk.online\/en\/#organization\"},\"potentialAction\":[{\"@type\":\"SearchAction\",\"target\":{\"@type\":\"EntryPoint\",\"urlTemplate\":\"https:\/\/pozirk.online\/en\/?s={search_term_string}\"},\"query-input\":{\"@type\":\"PropertyValueSpecification\",\"valueRequired\":true,\"valueName\":\"search_term_string\"}}],\"inLanguage\":\"en-US\"},{\"@type\":\"Organization\",\"@id\":\"https:\/\/pozirk.online\/en\/#organization\",\"name\":\"Pozirk\",\"url\":\"https:\/\/pozirk.online\/en\/\",\"logo\":{\"@type\":\"ImageObject\",\"inLanguage\":\"en-US\",\"@id\":\"https:\/\/pozirk.online\/en\/#\/schema\/logo\/image\/\",\"url\":\"https:\/\/pozirk.online\/wp-content\/uploads\/2023\/11\/cropped-Logo_color_512.png\",\"contentUrl\":\"https:\/\/pozirk.online\/wp-content\/uploads\/2023\/11\/cropped-Logo_color_512.png\",\"width\":512,\"height\":512,\"caption\":\"Pozirk\"},\"image\":{\"@id\":\"https:\/\/pozirk.online\/en\/#\/schema\/logo\/image\/\"},\"sameAs\":[\"https:\/\/www.facebook.com\/pozirkonline\/\",\"https:\/\/x.com\/Pozirk_online\"]}]}<\/script>\n<!-- \/ Yoast SEO plugin. -->","yoast_head_json":{"title":"Seimas speaker sees no grounds for easing Belarus sanctions | Pozirk","description":"September 3, Pozirk. Lithuania supports tighter sanctions against Belarus, Lithuanian Seimas Speaker Juozas Olekas has told journalists following today's","robots":{"index":"index","follow":"follow","max-snippet":"max-snippet:-1","max-image-preview":"max-image-preview:large","max-video-preview":"max-video-preview:-1"},"canonical":"https:\/\/pozirk.online\/en\/news\/202321\/","og_locale":"en_US","og_type":"article","og_title":"Seimas speaker sees no grounds for easing Belarus sanctions | Pozirk","og_description":"September 3, Pozirk. Lithuania supports tighter sanctions against Belarus, Lithuanian Seimas Speaker Juozas Olekas has told journalists following today's","og_url":"https:\/\/pozirk.online\/en\/news\/202321\/","og_site_name":"Pozirk","article_publisher":"https:\/\/www.facebook.com\/pozirkonline\/","article_modified_time":"2026-09-03T10:48:36+00:00","og_image":[{"width":1128,"height":752,"url":"https:\/\/pozirk.online\/wp-content\/uploads\/2025\/09\/juozas_olekas_spiker_sejma_litvy_1128x752.jpg","type":"image\/jpeg"}],"twitter_card":"summary_large_image","twitter_site":"@Pozirk_online","twitter_misc":{"Est. reading time":"1 minute"},"schema":{"@context":"https:\/\/schema.org","@graph":[{"@type":"NewsArticle","@id":"https:\/\/pozirk.online\/en\/news\/202321\/#article","isPartOf":{"@id":"https:\/\/pozirk.online\/en\/news\/202321\/"},"headline":"Seimas speaker sees no grounds for easing Belarus sanctions","datePublished":"2026-09-03T10:48:25+00:00","dateModified":"2026-09-03T10:48:36+00:00","mainEntityOfPage":{"@id":"https:\/\/pozirk.online\/en\/news\/202321\/"},"wordCount":190,"publisher":{"@id":"https:\/\/pozirk.online\/en\/#organization"},"image":{"@id":"https:\/\/pozirk.online\/en\/news\/202321\/#primaryimage"},"thumbnailUrl":"https:\/\/pozirk.online\/wp-content\/uploads\/2025\/09\/juozas_olekas_spiker_sejma_litvy_1128x752.jpg","inLanguage":"en-US"},{"@type":"WebPage","@id":"https:\/\/pozirk.online\/en\/news\/202321\/","url":"https:\/\/pozirk.online\/en\/news\/202321\/","name":"Seimas speaker sees no grounds for easing Belarus sanctions | Pozirk","isPartOf":{"@id":"https:\/\/pozirk.online\/en\/#website"},"primaryImageOfPage":{"@id":"https:\/\/pozirk.online\/en\/news\/202321\/#primaryimage"},"image":{"@id":"https:\/\/pozirk.online\/en\/news\/202321\/#primaryimage"},"thumbnailUrl":"https:\/\/pozirk.online\/wp-content\/uploads\/2025\/09\/juozas_olekas_spiker_sejma_litvy_1128x752.jpg","datePublished":"2026-09-03T10:48:25+00:00","dateModified":"2026-09-03T10:48:36+00:00","description":"September 3, Pozirk. Lithuania supports tighter sanctions against Belarus, Lithuanian Seimas Speaker Juozas Olekas has told journalists following today's","breadcrumb":{"@id":"https:\/\/pozirk.online\/en\/news\/202321\/#breadcrumb"},"inLanguage":"en-US","potentialAction":[{"@type":"ReadAction","target":["https:\/\/pozirk.online\/en\/news\/202321\/"]}]},{"@type":"ImageObject","inLanguage":"en-US","@id":"https:\/\/pozirk.online\/en\/news\/202321\/#primaryimage","url":"https:\/\/pozirk.online\/wp-content\/uploads\/2025\/09\/juozas_olekas_spiker_sejma_litvy_1128x752.jpg","contentUrl":"https:\/\/pozirk.online\/wp-content\/uploads\/2025\/09\/juozas_olekas_spiker_sejma_litvy_1128x752.jpg","width":1128,"height":752},{"@type":"BreadcrumbList","@id":"https:\/\/pozirk.online\/en\/news\/202321\/#breadcrumb","itemListElement":[{"@type":"ListItem","position":1,"name":"Home","item":"https:\/\/pozirk.online\/en\/"},{"@type":"ListItem","position":2,"name":"Seimas speaker sees no grounds for easing Belarus sanctions"}]},{"@type":"WebSite","@id":"https:\/\/pozirk.online\/en\/#website","url":"https:\/\/pozirk.online\/en\/","name":"Pozirk","description":"","publisher":{"@id":"https:\/\/pozirk.online\/en\/#organization"},"potentialAction":[{"@type":"SearchAction","target":{"@type":"EntryPoint","urlTemplate":"https:\/\/pozirk.online\/en\/?s={search_term_string}"},"query-input":{"@type":"PropertyValueSpecification","valueRequired":true,"valueName":"search_term_string"}}],"inLanguage":"en-US"},{"@type":"Organization","@id":"https:\/\/pozirk.online\/en\/#organization","name":"Pozirk","url":"https:\/\/pozirk.online\/en\/","logo":{"@type":"ImageObject","inLanguage":"en-US","@id":"https:\/\/pozirk.online\/en\/#\/schema\/logo\/image\/","url":"https:\/\/pozirk.online\/wp-content\/uploads\/2023\/11\/cropped-Logo_color_512.png","contentUrl":"https:\/\/pozirk.online\/wp-content\/uploads\/2023\/11\/cropped-Logo_color_512.png","width":512,"height":512,"caption":"Pozirk"},"image":{"@id":"https:\/\/pozirk.online\/en\/#\/schema\/logo\/image\/"},"sameAs":["https:\/\/www.facebook.com\/pozirkonline\/","https:\/\/x.com\/Pozirk_online"]}]}},"_links":{"self":[{"href":"https:\/\/pozirk.online\/en\/wp-json\/wp\/v2\/articles\/202321","targetHints":{"allow":["GET"]}}],"collection":[{"href":"https:\/\/pozirk.online\/en\/wp-json\/wp\/v2\/articles"}],"about":[{"href":"https:\/\/pozirk.online\/en\/wp-json\/wp\/v2\/types\/articles"}],"author":[{"embeddable":true,"href":"https:\/\/pozirk.online\/en\/wp-json\/wp\/v2\/users\/83"}],"wp:featuredmedia":[{"embeddable":true,"href":"https:\/\/pozirk.online\/en\/wp-json\/wp\/v2\/media\/155615"}],"wp:attachment":[{"href":"https:\/\/pozirk.online\/en\/wp-json\/wp\/v2\/media?parent=202321"}],"wp:term":[{"taxonomy":"rubric","embeddable":true,"href":"https:\/\/pozirk.online\/en\/wp-json\/wp\/v2\/rubric?post=202321"}],"curies":[{"name":"wp","href":"https:\/\/api.w.org\/{rel}","templated":true}]}}