{"id":202304,"date":"2026-09-03T12:45:06","date_gmt":"2026-09-03T09:45:06","guid":{"rendered":"https:\/\/pozirk.online\/en\/news\/202304\/"},"modified":"2026-09-03T12:45:09","modified_gmt":"2026-09-03T09:45:09","slug":"cichanouskaja-urges-vilnius-to-prioritize-belarus-during-eu-council-presidency","status":"publish","type":"articles","link":"https:\/\/pozirk.online\/en\/news\/202304\/","title":{"rendered":"Cichano\u016dskaja urges Vilnius to prioritize Belarus during EU Council presidency"},"content":{"rendered":"\n<figure class=\"block-image block-image-normal\">\n\n  <img decoding=\"async\" width=\"1128\" height=\"753\" src=\"https:\/\/pozirk.online\/wp-content\/uploads\/2026\/09\/tihanovskaja_olekas_press_sl_1128x753.jpg\" class=\"attachment-full size-full\" alt=\"\" srcset=\"https:\/\/pozirk.online\/wp-content\/uploads\/2026\/09\/tihanovskaja_olekas_press_sl_1128x753.jpg 1128w, https:\/\/pozirk.online\/wp-content\/uploads\/2026\/09\/tihanovskaja_olekas_press_sl_1128x753-354x236.jpg 354w, https:\/\/pozirk.online\/wp-content\/uploads\/2026\/09\/tihanovskaja_olekas_press_sl_1128x753-734x490.jpg 734w, https:\/\/pozirk.online\/wp-content\/uploads\/2026\/09\/tihanovskaja_olekas_press_sl_1128x753-178x118.jpg 178w, https:\/\/pozirk.online\/wp-content\/uploads\/2026\/09\/tihanovskaja_olekas_press_sl_1128x753-768x513.jpg 768w\" sizes=\"(max-width: 1128px) 100vw, 1128px\" \/>\n  <figcaption>\n  \n       <div class=\"block-image__author\">\n                <span>(\u015aviat\u0142ana Cichano\u016dskaja&#039;s press office)<\/span>\n    <\/div>\n     <\/figcaption>\n<\/figure>\n\n\n\n<p><strong>September 3, <em>Pozirk.<\/em><\/strong> Belarusian opposition leader \u015aviat\u0142ana Cichano\u016dskaja has met Lithuanian Seimas Speaker Juozas Olekas in Vilnius, calling on Lithuania to make Belarus \u201cone of the priorities on the European agenda\u201d during its presidency of the Council of the European Union, her press office says.<\/p>\n\n\n\n<p>Lithuanian MPs from the For a Democratic Belarus parliamentary group and representatives of most Lithuanian political parties also took part in the meeting.<\/p>\n\n\n\n<p>The discussion focused on preparations for the release of jailed Belarusian dissidents, facilitating the exchange of Belarusian driving licenses, government funding for master\u2019s degree programs, Lithuanian language courses for Belarusian expats, the future of European Humanities University, among other issues.<\/p>\n\n\n\n<p>The politicians also reportedly agreed to sign a memorandum of cooperation between Belarusian pro-democracy forces and the Lithuanian Seimas.<\/p>\n\n\n\n<p>\u201cLithuania remains one of the most reliable political friends of a democratic Belarus. Our main goal is to turn this support into even more sustainable and concrete actions for Belarusians,\u201d Cichano\u016dskaja said.<\/p>\n\n\n\n<p>Lithuania will hold the rotating Presidency of the Council of the EU from January 1 to June 30, 2027.<\/p>\n\n\n\n<div class=\"insert-block\">\n\n    <div class=\"insert-block__img\">\n        <img decoding=\"async\" width=\"354\" height=\"236\" src=\"https:\/\/pozirk.online\/wp-content\/uploads\/2024\/09\/gonchar_krasovskij_kollazh_vesna-354x236.jpg\" class=\"attachment-medium size-medium\" alt=\"\" srcset=\"https:\/\/pozirk.online\/wp-content\/uploads\/2024\/09\/gonchar_krasovskij_kollazh_vesna-354x236.jpg 354w, https:\/\/pozirk.online\/wp-content\/uploads\/2024\/09\/gonchar_krasovskij_kollazh_vesna-734x490.jpg 734w, https:\/\/pozirk.online\/wp-content\/uploads\/2024\/09\/gonchar_krasovskij_kollazh_vesna-178x118.jpg 178w, https:\/\/pozirk.online\/wp-content\/uploads\/2024\/09\/gonchar_krasovskij_kollazh_vesna-768x512.jpg 768w, https:\/\/pozirk.online\/wp-content\/uploads\/2024\/09\/gonchar_krasovskij_kollazh_vesna.jpg 1260w\" sizes=\"(max-width: 354px) 100vw, 354px\" \/>                        <label class=\"insert-block__tag--mobile\"> Politics<\/label>\n\n                <\/div>\n    <div class=\"insert-block__text\">\n                    <label class=\"insert-block__tag\">Politics<\/label>\n                <h3 class=\"insert-block__title\">Cichano\u016dskaja commemorates Belarusian victims of enforced disappearances<\/h3>\n        <div class=\"insert-block__descr\">August 31, Pozirk. Belarusian opposition leader \u015aviat\u0142ana Cichano\u016dskaja commemorated political opponents of Alaksandar \u0141uka\u0161enka \u201cabducted and murdered by the Belarus regime\u201d on August 30, marking the International Day of the Victims of Enforced Disappearances. Families have been denied answers for &#8230;<\/div>\n        <a class=\"insert-block__btn-block\" href=\"\/en\/news\/201793\">\n            <button class=\"btn\">\n                <div class='btn__text'>Read <\/div>\n            <\/button>\n        <\/a>\n    <\/div>\n<\/div>","protected":false},"excerpt":{"rendered":"<p>September 3, Pozirk. Belarusian opposition leader \u015aviat\u0142ana Cichano\u016dskaja has met Lithuanian Seimas Speaker Juozas Olekas in Vilnius, calling on Lithuania to make Belarus \u201cone of the priorities on the European agenda\u201d during its presidency of the Council of the European Union, her press office says. Lithuanian MPs from the For a Democratic Belarus parliamentary group [&hellip;]<\/p>\n","protected":false},"author":83,"featured_media":202291,"template":"","rubric":[16],"class_list":["post-202304","articles","type-articles","status-publish","has-post-thumbnail","hentry","rubric-politics"],"acf":[],"yoast_head":"<!-- This site is optimized with the Yoast SEO plugin v25.5 - https:\/\/yoast.com\/wordpress\/plugins\/seo\/ -->\n<title>Cichano\u016dskaja urges Vilnius to prioritize Belarus during EU Council presidency | Pozirk<\/title>\n<meta name=\"description\" content=\"September 3, Pozirk. Belarusian opposition leader \u015aviat\u0142ana Cichano\u016dskaja has met Lithuanian Seimas Speaker Juozas Olekas in Vilnius, calling on Lithuania\" \/>\n<meta name=\"robots\" content=\"index, follow, max-snippet:-1, max-image-preview:large, max-video-preview:-1\" \/>\n<link rel=\"canonical\" href=\"https:\/\/pozirk.online\/en\/news\/202304\/\" \/>\n<meta property=\"og:locale\" content=\"en_US\" \/>\n<meta property=\"og:type\" content=\"article\" \/>\n<meta property=\"og:title\" content=\"Cichano\u016dskaja urges Vilnius to prioritize Belarus during EU Council presidency | Pozirk\" \/>\n<meta property=\"og:description\" content=\"September 3, Pozirk. Belarusian opposition leader \u015aviat\u0142ana Cichano\u016dskaja has met Lithuanian Seimas Speaker Juozas Olekas in Vilnius, calling on Lithuania\" \/>\n<meta property=\"og:url\" content=\"https:\/\/pozirk.online\/en\/news\/202304\/\" \/>\n<meta property=\"og:site_name\" content=\"Pozirk\" \/>\n<meta property=\"article:publisher\" content=\"https:\/\/www.facebook.com\/pozirkonline\/\" \/>\n<meta property=\"article:modified_time\" content=\"2026-09-03T09:45:09+00:00\" \/>\n<meta property=\"og:image\" content=\"https:\/\/pozirk.online\/wp-content\/uploads\/2026\/09\/tihanovskaja_olekas_press_sl_1128x753.jpg\" \/>\n\t<meta property=\"og:image:width\" content=\"1128\" \/>\n\t<meta property=\"og:image:height\" content=\"753\" \/>\n\t<meta property=\"og:image:type\" content=\"image\/jpeg\" \/>\n<meta name=\"twitter:card\" content=\"summary_large_image\" \/>\n<meta name=\"twitter:site\" content=\"@Pozirk_online\" \/>\n<meta name=\"twitter:label1\" content=\"Est. reading time\" \/>\n\t<meta name=\"twitter:data1\" content=\"1 minute\" \/>\n<script type=\"application\/ld+json\" class=\"yoast-schema-graph\">{\"@context\":\"https:\/\/schema.org\",\"@graph\":[{\"@type\":\"NewsArticle\",\"@id\":\"https:\/\/pozirk.online\/en\/news\/202304\/#article\",\"isPartOf\":{\"@id\":\"https:\/\/pozirk.online\/en\/news\/202304\/\"},\"headline\":\"Cichano\u016dskaja urges Vilnius to prioritize Belarus during EU Council presidency\",\"datePublished\":\"2026-09-03T09:45:06+00:00\",\"dateModified\":\"2026-09-03T09:45:09+00:00\",\"mainEntityOfPage\":{\"@id\":\"https:\/\/pozirk.online\/en\/news\/202304\/\"},\"wordCount\":189,\"publisher\":{\"@id\":\"https:\/\/pozirk.online\/en\/#organization\"},\"image\":{\"@id\":\"https:\/\/pozirk.online\/en\/news\/202304\/#primaryimage\"},\"thumbnailUrl\":\"https:\/\/pozirk.online\/wp-content\/uploads\/2026\/09\/tihanovskaja_olekas_press_sl_1128x753.jpg\",\"inLanguage\":\"en-US\"},{\"@type\":\"WebPage\",\"@id\":\"https:\/\/pozirk.online\/en\/news\/202304\/\",\"url\":\"https:\/\/pozirk.online\/en\/news\/202304\/\",\"name\":\"Cichano\u016dskaja urges Vilnius to prioritize Belarus during EU Council presidency | Pozirk\",\"isPartOf\":{\"@id\":\"https:\/\/pozirk.online\/en\/#website\"},\"primaryImageOfPage\":{\"@id\":\"https:\/\/pozirk.online\/en\/news\/202304\/#primaryimage\"},\"image\":{\"@id\":\"https:\/\/pozirk.online\/en\/news\/202304\/#primaryimage\"},\"thumbnailUrl\":\"https:\/\/pozirk.online\/wp-content\/uploads\/2026\/09\/tihanovskaja_olekas_press_sl_1128x753.jpg\",\"datePublished\":\"2026-09-03T09:45:06+00:00\",\"dateModified\":\"2026-09-03T09:45:09+00:00\",\"description\":\"September 3, Pozirk. Belarusian opposition leader \u015aviat\u0142ana Cichano\u016dskaja has met Lithuanian Seimas Speaker Juozas Olekas in Vilnius, calling on Lithuania\",\"breadcrumb\":{\"@id\":\"https:\/\/pozirk.online\/en\/news\/202304\/#breadcrumb\"},\"inLanguage\":\"en-US\",\"potentialAction\":[{\"@type\":\"ReadAction\",\"target\":[\"https:\/\/pozirk.online\/en\/news\/202304\/\"]}]},{\"@type\":\"ImageObject\",\"inLanguage\":\"en-US\",\"@id\":\"https:\/\/pozirk.online\/en\/news\/202304\/#primaryimage\",\"url\":\"https:\/\/pozirk.online\/wp-content\/uploads\/2026\/09\/tihanovskaja_olekas_press_sl_1128x753.jpg\",\"contentUrl\":\"https:\/\/pozirk.online\/wp-content\/uploads\/2026\/09\/tihanovskaja_olekas_press_sl_1128x753.jpg\",\"width\":1128,\"height\":753},{\"@type\":\"BreadcrumbList\",\"@id\":\"https:\/\/pozirk.online\/en\/news\/202304\/#breadcrumb\",\"itemListElement\":[{\"@type\":\"ListItem\",\"position\":1,\"name\":\"Home\",\"item\":\"https:\/\/pozirk.online\/en\/\"},{\"@type\":\"ListItem\",\"position\":2,\"name\":\"Cichano\u016dskaja urges Vilnius to prioritize Belarus during EU Council presidency\"}]},{\"@type\":\"WebSite\",\"@id\":\"https:\/\/pozirk.online\/en\/#website\",\"url\":\"https:\/\/pozirk.online\/en\/\",\"name\":\"Pozirk\",\"description\":\"\",\"publisher\":{\"@id\":\"https:\/\/pozirk.online\/en\/#organization\"},\"potentialAction\":[{\"@type\":\"SearchAction\",\"target\":{\"@type\":\"EntryPoint\",\"urlTemplate\":\"https:\/\/pozirk.online\/en\/?s={search_term_string}\"},\"query-input\":{\"@type\":\"PropertyValueSpecification\",\"valueRequired\":true,\"valueName\":\"search_term_string\"}}],\"inLanguage\":\"en-US\"},{\"@type\":\"Organization\",\"@id\":\"https:\/\/pozirk.online\/en\/#organization\",\"name\":\"Pozirk\",\"url\":\"https:\/\/pozirk.online\/en\/\",\"logo\":{\"@type\":\"ImageObject\",\"inLanguage\":\"en-US\",\"@id\":\"https:\/\/pozirk.online\/en\/#\/schema\/logo\/image\/\",\"url\":\"https:\/\/pozirk.online\/wp-content\/uploads\/2023\/11\/cropped-Logo_color_512.png\",\"contentUrl\":\"https:\/\/pozirk.online\/wp-content\/uploads\/2023\/11\/cropped-Logo_color_512.png\",\"width\":512,\"height\":512,\"caption\":\"Pozirk\"},\"image\":{\"@id\":\"https:\/\/pozirk.online\/en\/#\/schema\/logo\/image\/\"},\"sameAs\":[\"https:\/\/www.facebook.com\/pozirkonline\/\",\"https:\/\/x.com\/Pozirk_online\"]}]}<\/script>\n<!-- \/ Yoast SEO plugin. -->","yoast_head_json":{"title":"Cichano\u016dskaja urges Vilnius to prioritize Belarus during EU Council presidency | Pozirk","description":"September 3, Pozirk. Belarusian opposition leader \u015aviat\u0142ana Cichano\u016dskaja has met Lithuanian Seimas Speaker Juozas Olekas in Vilnius, calling on Lithuania","robots":{"index":"index","follow":"follow","max-snippet":"max-snippet:-1","max-image-preview":"max-image-preview:large","max-video-preview":"max-video-preview:-1"},"canonical":"https:\/\/pozirk.online\/en\/news\/202304\/","og_locale":"en_US","og_type":"article","og_title":"Cichano\u016dskaja urges Vilnius to prioritize Belarus during EU Council presidency | Pozirk","og_description":"September 3, Pozirk. Belarusian opposition leader \u015aviat\u0142ana Cichano\u016dskaja has met Lithuanian Seimas Speaker Juozas Olekas in Vilnius, calling on Lithuania","og_url":"https:\/\/pozirk.online\/en\/news\/202304\/","og_site_name":"Pozirk","article_publisher":"https:\/\/www.facebook.com\/pozirkonline\/","article_modified_time":"2026-09-03T09:45:09+00:00","og_image":[{"width":1128,"height":753,"url":"https:\/\/pozirk.online\/wp-content\/uploads\/2026\/09\/tihanovskaja_olekas_press_sl_1128x753.jpg","type":"image\/jpeg"}],"twitter_card":"summary_large_image","twitter_site":"@Pozirk_online","twitter_misc":{"Est. reading time":"1 minute"},"schema":{"@context":"https:\/\/schema.org","@graph":[{"@type":"NewsArticle","@id":"https:\/\/pozirk.online\/en\/news\/202304\/#article","isPartOf":{"@id":"https:\/\/pozirk.online\/en\/news\/202304\/"},"headline":"Cichano\u016dskaja urges Vilnius to prioritize Belarus during EU Council presidency","datePublished":"2026-09-03T09:45:06+00:00","dateModified":"2026-09-03T09:45:09+00:00","mainEntityOfPage":{"@id":"https:\/\/pozirk.online\/en\/news\/202304\/"},"wordCount":189,"publisher":{"@id":"https:\/\/pozirk.online\/en\/#organization"},"image":{"@id":"https:\/\/pozirk.online\/en\/news\/202304\/#primaryimage"},"thumbnailUrl":"https:\/\/pozirk.online\/wp-content\/uploads\/2026\/09\/tihanovskaja_olekas_press_sl_1128x753.jpg","inLanguage":"en-US"},{"@type":"WebPage","@id":"https:\/\/pozirk.online\/en\/news\/202304\/","url":"https:\/\/pozirk.online\/en\/news\/202304\/","name":"Cichano\u016dskaja urges Vilnius to prioritize Belarus during EU Council presidency | Pozirk","isPartOf":{"@id":"https:\/\/pozirk.online\/en\/#website"},"primaryImageOfPage":{"@id":"https:\/\/pozirk.online\/en\/news\/202304\/#primaryimage"},"image":{"@id":"https:\/\/pozirk.online\/en\/news\/202304\/#primaryimage"},"thumbnailUrl":"https:\/\/pozirk.online\/wp-content\/uploads\/2026\/09\/tihanovskaja_olekas_press_sl_1128x753.jpg","datePublished":"2026-09-03T09:45:06+00:00","dateModified":"2026-09-03T09:45:09+00:00","description":"September 3, Pozirk. Belarusian opposition leader \u015aviat\u0142ana Cichano\u016dskaja has met Lithuanian Seimas Speaker Juozas Olekas in Vilnius, calling on Lithuania","breadcrumb":{"@id":"https:\/\/pozirk.online\/en\/news\/202304\/#breadcrumb"},"inLanguage":"en-US","potentialAction":[{"@type":"ReadAction","target":["https:\/\/pozirk.online\/en\/news\/202304\/"]}]},{"@type":"ImageObject","inLanguage":"en-US","@id":"https:\/\/pozirk.online\/en\/news\/202304\/#primaryimage","url":"https:\/\/pozirk.online\/wp-content\/uploads\/2026\/09\/tihanovskaja_olekas_press_sl_1128x753.jpg","contentUrl":"https:\/\/pozirk.online\/wp-content\/uploads\/2026\/09\/tihanovskaja_olekas_press_sl_1128x753.jpg","width":1128,"height":753},{"@type":"BreadcrumbList","@id":"https:\/\/pozirk.online\/en\/news\/202304\/#breadcrumb","itemListElement":[{"@type":"ListItem","position":1,"name":"Home","item":"https:\/\/pozirk.online\/en\/"},{"@type":"ListItem","position":2,"name":"Cichano\u016dskaja urges Vilnius to prioritize Belarus during EU Council presidency"}]},{"@type":"WebSite","@id":"https:\/\/pozirk.online\/en\/#website","url":"https:\/\/pozirk.online\/en\/","name":"Pozirk","description":"","publisher":{"@id":"https:\/\/pozirk.online\/en\/#organization"},"potentialAction":[{"@type":"SearchAction","target":{"@type":"EntryPoint","urlTemplate":"https:\/\/pozirk.online\/en\/?s={search_term_string}"},"query-input":{"@type":"PropertyValueSpecification","valueRequired":true,"valueName":"search_term_string"}}],"inLanguage":"en-US"},{"@type":"Organization","@id":"https:\/\/pozirk.online\/en\/#organization","name":"Pozirk","url":"https:\/\/pozirk.online\/en\/","logo":{"@type":"ImageObject","inLanguage":"en-US","@id":"https:\/\/pozirk.online\/en\/#\/schema\/logo\/image\/","url":"https:\/\/pozirk.online\/wp-content\/uploads\/2023\/11\/cropped-Logo_color_512.png","contentUrl":"https:\/\/pozirk.online\/wp-content\/uploads\/2023\/11\/cropped-Logo_color_512.png","width":512,"height":512,"caption":"Pozirk"},"image":{"@id":"https:\/\/pozirk.online\/en\/#\/schema\/logo\/image\/"},"sameAs":["https:\/\/www.facebook.com\/pozirkonline\/","https:\/\/x.com\/Pozirk_online"]}]}},"_links":{"self":[{"href":"https:\/\/pozirk.online\/en\/wp-json\/wp\/v2\/articles\/202304","targetHints":{"allow":["GET"]}}],"collection":[{"href":"https:\/\/pozirk.online\/en\/wp-json\/wp\/v2\/articles"}],"about":[{"href":"https:\/\/pozirk.online\/en\/wp-json\/wp\/v2\/types\/articles"}],"author":[{"embeddable":true,"href":"https:\/\/pozirk.online\/en\/wp-json\/wp\/v2\/users\/83"}],"wp:featuredmedia":[{"embeddable":true,"href":"https:\/\/pozirk.online\/en\/wp-json\/wp\/v2\/media\/202291"}],"wp:attachment":[{"href":"https:\/\/pozirk.online\/en\/wp-json\/wp\/v2\/media?parent=202304"}],"wp:term":[{"taxonomy":"rubric","embeddable":true,"href":"https:\/\/pozirk.online\/en\/wp-json\/wp\/v2\/rubric?post=202304"}],"curies":[{"name":"wp","href":"https:\/\/api.w.org\/{rel}","templated":true}]}}