{"id":202094,"date":"2026-09-01T22:08:17","date_gmt":"2026-09-01T19:08:17","guid":{"rendered":"https:\/\/pozirk.online\/en\/news\/202094\/"},"modified":"2026-09-01T22:08:19","modified_gmt":"2026-09-01T19:08:19","slug":"lukasenka-acknowledges-drop-in-trade-with-pakistan","status":"publish","type":"articles","link":"https:\/\/pozirk.online\/en\/news\/202094\/","title":{"rendered":"Luka\u0161enka acknowledges drop in trade with Pakistan"},"content":{"rendered":"\n<figure class=\"block-image block-image-normal\">\n\n  <img decoding=\"async\" width=\"1128\" height=\"752\" src=\"https:\/\/pozirk.online\/wp-content\/uploads\/2024\/07\/islamabad_pakistan_hunzaexplorers_1128x752.jpg\" class=\"attachment-full size-full\" alt=\"\" srcset=\"https:\/\/pozirk.online\/wp-content\/uploads\/2024\/07\/islamabad_pakistan_hunzaexplorers_1128x752.jpg 1128w, https:\/\/pozirk.online\/wp-content\/uploads\/2024\/07\/islamabad_pakistan_hunzaexplorers_1128x752-354x236.jpg 354w, https:\/\/pozirk.online\/wp-content\/uploads\/2024\/07\/islamabad_pakistan_hunzaexplorers_1128x752-734x490.jpg 734w, https:\/\/pozirk.online\/wp-content\/uploads\/2024\/07\/islamabad_pakistan_hunzaexplorers_1128x752-178x118.jpg 178w, https:\/\/pozirk.online\/wp-content\/uploads\/2024\/07\/islamabad_pakistan_hunzaexplorers_1128x752-768x512.jpg 768w\" sizes=\"(max-width: 1128px) 100vw, 1128px\" \/>\n  <figcaption>\n      <div class=\"block-image__descr\">\n\n        Islamabad\n    <\/div>\n  \n       <div class=\"block-image__author\">\n                <span>(hunzaexplorers.com)<\/span>\n    <\/div>\n     <\/figcaption>\n<\/figure>\n\n\n\n<p><strong>September 1, <em>Pozirk<\/em>.<\/strong> Alaksandar \u0141uka\u0161enka said while meeting with Pakistani Prime Minister Shehbaz Sharif in Bishkek, Kyrgyzstan, on September 1, that trade between Belarus and Pakistan had fallen by about 20 percent last year.<\/p>\n\n\n\n<p>\u201cWe\u2019ve slipped a bit in terms of trade, by about 20 percent,\u201d \u0141uka\u0161enka said, according to his press office, expressing hope that it would pick up in 2026.<\/p>\n\n\n\n<p>Speaking on the sidelines of the Shanghai Cooperation Organization\u2019s summit, \u0141uka\u0161enka said that he and Sharif had agreed to maintain \u201cgood political relations and implement economic projects.\u201d He expressed satisfaction with the state of relations, both at the political and personal level. \u201cWe\u2019re friends, let\u2019s face it,\u201d he said.<\/p>\n\n\n\n<p>Sharif expressed an interest in cooperation in the agricultural and high-tech sectors, the press office said. It was noted that a group of Pakistani workers would soon come to Minsk to receive training.<\/p>\n\n\n\n<p>In addition, the two leaders reportedly discussed the conflict between the United States and Iran, as well as the situation in the region more broadly.<\/p>\n\n\n\n<p>\u0141uka\u0161enka promised to find time to visit Pakistan and meet its leadership there, and also invited Sharif and his brother, former Prime Minister Nawaz Sharif, to visit Belarus.<\/p>\n\n\n\n<p>According to the website of Pakistan\u2019s Bureau of Emigration and Overseas, companies in Pakistan are advertising 121 jobs in Belarus to Pakistani citizens, down from 166 at the end of July. &nbsp;<\/p>\n\n\n\n<p>In April 2025, Alaksandar \u0141uka\u0161enka and Shehbaz Sharif discussed establishing a mechanism to bring Pakistani migrant workers to Belarus. The Belarusian ruler spoke of plans to invite up to 150,000 Pakistani workers to address labor shortages exacerbated by emigration. However, Belarus has attracted little interest among Pakistani job seekers.<\/p>\n\n\n\n<div class=\"insert-block\">\n\n    <div class=\"insert-block__img\">\n        <img decoding=\"async\" width=\"354\" height=\"236\" src=\"https:\/\/pozirk.online\/wp-content\/uploads\/2024\/01\/pozirk_color_blank_1128x752-354x236.jpg\" class=\"attachment-medium size-medium\" alt=\"\" srcset=\"https:\/\/pozirk.online\/wp-content\/uploads\/2024\/01\/pozirk_color_blank_1128x752-354x236.jpg 354w, https:\/\/pozirk.online\/wp-content\/uploads\/2024\/01\/pozirk_color_blank_1128x752-734x490.jpg 734w, https:\/\/pozirk.online\/wp-content\/uploads\/2024\/01\/pozirk_color_blank_1128x752-178x118.jpg 178w, https:\/\/pozirk.online\/wp-content\/uploads\/2024\/01\/pozirk_color_blank_1128x752-768x512.jpg 768w, https:\/\/pozirk.online\/wp-content\/uploads\/2024\/01\/pozirk_color_blank_1128x752.jpg 1128w\" sizes=\"(max-width: 354px) 100vw, 354px\" \/>                        <label class=\"insert-block__tag--mobile\"> Economy<\/label>\n\n                <\/div>\n    <div class=\"insert-block__text\">\n                    <label class=\"insert-block__tag\">Economy<\/label>\n                <h3 class=\"insert-block__title\">Pakistani companies seeking fewer workers for Belarus jobs<\/h3>\n        <div class=\"insert-block__descr\">August 31, Pozirk. Companies in Pakistan are advertising 121 jobs in Belarus to Pakistani citizens, down from 166 at the end of July, with some jobs offering higher wages than the same vacancies for citizens of Belarus, according to the &#8230;<\/div>\n        <a class=\"insert-block__btn-block\" href=\"\/en\/news\/201874\">\n            <button class=\"btn\">\n                <div class='btn__text'>Read the article<\/div>\n            <\/button>\n        <\/a>\n    <\/div>\n<\/div>","protected":false},"excerpt":{"rendered":"<p>September 1, Pozirk. Alaksandar \u0141uka\u0161enka said while meeting with Pakistani Prime Minister Shehbaz Sharif in Bishkek, Kyrgyzstan, on September 1, that trade between Belarus and Pakistan had fallen by about 20 percent last year. \u201cWe\u2019ve slipped a bit in terms of trade, by about 20 percent,\u201d \u0141uka\u0161enka said, according to his press office, expressing hope [&hellip;]<\/p>\n","protected":false},"author":73,"featured_media":97977,"template":"","rubric":[21,16],"class_list":["post-202094","articles","type-articles","status-publish","has-post-thumbnail","hentry","rubric-economy","rubric-politics"],"acf":[],"yoast_head":"<!-- This site is optimized with the Yoast SEO plugin v25.5 - https:\/\/yoast.com\/wordpress\/plugins\/seo\/ -->\n<title>Luka\u0161enka acknowledges drop in trade with Pakistan | Pozirk<\/title>\n<meta name=\"description\" content=\"September 1, Pozirk. Alaksandar \u0141uka\u0161enka said while meeting with Pakistani Prime Minister Shehbaz Sharif in Bishkek, Kyrgyzstan, on September 1, that\" \/>\n<meta name=\"robots\" content=\"index, follow, max-snippet:-1, max-image-preview:large, max-video-preview:-1\" \/>\n<link rel=\"canonical\" href=\"https:\/\/pozirk.online\/en\/news\/202094\/\" \/>\n<meta property=\"og:locale\" content=\"en_US\" \/>\n<meta property=\"og:type\" content=\"article\" \/>\n<meta property=\"og:title\" content=\"Luka\u0161enka acknowledges drop in trade with Pakistan | Pozirk\" \/>\n<meta property=\"og:description\" content=\"September 1, Pozirk. Alaksandar \u0141uka\u0161enka said while meeting with Pakistani Prime Minister Shehbaz Sharif in Bishkek, Kyrgyzstan, on September 1, that\" \/>\n<meta property=\"og:url\" content=\"https:\/\/pozirk.online\/en\/news\/202094\/\" \/>\n<meta property=\"og:site_name\" content=\"Pozirk\" \/>\n<meta property=\"article:publisher\" content=\"https:\/\/www.facebook.com\/pozirkonline\/\" \/>\n<meta property=\"article:modified_time\" content=\"2026-09-01T19:08:19+00:00\" \/>\n<meta property=\"og:image\" content=\"https:\/\/pozirk.online\/wp-content\/uploads\/2024\/07\/islamabad_pakistan_hunzaexplorers_1128x752.jpg\" \/>\n\t<meta property=\"og:image:width\" content=\"1128\" \/>\n\t<meta property=\"og:image:height\" content=\"752\" \/>\n\t<meta property=\"og:image:type\" content=\"image\/jpeg\" \/>\n<meta name=\"twitter:card\" content=\"summary_large_image\" \/>\n<meta name=\"twitter:site\" content=\"@Pozirk_online\" \/>\n<meta name=\"twitter:label1\" content=\"Est. reading time\" \/>\n\t<meta name=\"twitter:data1\" content=\"2 minutes\" \/>\n<script type=\"application\/ld+json\" class=\"yoast-schema-graph\">{\"@context\":\"https:\/\/schema.org\",\"@graph\":[{\"@type\":\"NewsArticle\",\"@id\":\"https:\/\/pozirk.online\/en\/news\/202094\/#article\",\"isPartOf\":{\"@id\":\"https:\/\/pozirk.online\/en\/news\/202094\/\"},\"headline\":\"Luka\u0161enka acknowledges drop in trade with Pakistan\",\"datePublished\":\"2026-09-01T19:08:17+00:00\",\"dateModified\":\"2026-09-01T19:08:19+00:00\",\"mainEntityOfPage\":{\"@id\":\"https:\/\/pozirk.online\/en\/news\/202094\/\"},\"wordCount\":287,\"publisher\":{\"@id\":\"https:\/\/pozirk.online\/en\/#organization\"},\"image\":{\"@id\":\"https:\/\/pozirk.online\/en\/news\/202094\/#primaryimage\"},\"thumbnailUrl\":\"https:\/\/pozirk.online\/wp-content\/uploads\/2024\/07\/islamabad_pakistan_hunzaexplorers_1128x752.jpg\",\"inLanguage\":\"en-US\"},{\"@type\":\"WebPage\",\"@id\":\"https:\/\/pozirk.online\/en\/news\/202094\/\",\"url\":\"https:\/\/pozirk.online\/en\/news\/202094\/\",\"name\":\"Luka\u0161enka acknowledges drop in trade with Pakistan | Pozirk\",\"isPartOf\":{\"@id\":\"https:\/\/pozirk.online\/en\/#website\"},\"primaryImageOfPage\":{\"@id\":\"https:\/\/pozirk.online\/en\/news\/202094\/#primaryimage\"},\"image\":{\"@id\":\"https:\/\/pozirk.online\/en\/news\/202094\/#primaryimage\"},\"thumbnailUrl\":\"https:\/\/pozirk.online\/wp-content\/uploads\/2024\/07\/islamabad_pakistan_hunzaexplorers_1128x752.jpg\",\"datePublished\":\"2026-09-01T19:08:17+00:00\",\"dateModified\":\"2026-09-01T19:08:19+00:00\",\"description\":\"September 1, Pozirk. Alaksandar \u0141uka\u0161enka said while meeting with Pakistani Prime Minister Shehbaz Sharif in Bishkek, Kyrgyzstan, on September 1, that\",\"breadcrumb\":{\"@id\":\"https:\/\/pozirk.online\/en\/news\/202094\/#breadcrumb\"},\"inLanguage\":\"en-US\",\"potentialAction\":[{\"@type\":\"ReadAction\",\"target\":[\"https:\/\/pozirk.online\/en\/news\/202094\/\"]}]},{\"@type\":\"ImageObject\",\"inLanguage\":\"en-US\",\"@id\":\"https:\/\/pozirk.online\/en\/news\/202094\/#primaryimage\",\"url\":\"https:\/\/pozirk.online\/wp-content\/uploads\/2024\/07\/islamabad_pakistan_hunzaexplorers_1128x752.jpg\",\"contentUrl\":\"https:\/\/pozirk.online\/wp-content\/uploads\/2024\/07\/islamabad_pakistan_hunzaexplorers_1128x752.jpg\",\"width\":1128,\"height\":752},{\"@type\":\"BreadcrumbList\",\"@id\":\"https:\/\/pozirk.online\/en\/news\/202094\/#breadcrumb\",\"itemListElement\":[{\"@type\":\"ListItem\",\"position\":1,\"name\":\"Home\",\"item\":\"https:\/\/pozirk.online\/en\/\"},{\"@type\":\"ListItem\",\"position\":2,\"name\":\"Luka\u0161enka acknowledges drop in trade with Pakistan\"}]},{\"@type\":\"WebSite\",\"@id\":\"https:\/\/pozirk.online\/en\/#website\",\"url\":\"https:\/\/pozirk.online\/en\/\",\"name\":\"Pozirk\",\"description\":\"\",\"publisher\":{\"@id\":\"https:\/\/pozirk.online\/en\/#organization\"},\"potentialAction\":[{\"@type\":\"SearchAction\",\"target\":{\"@type\":\"EntryPoint\",\"urlTemplate\":\"https:\/\/pozirk.online\/en\/?s={search_term_string}\"},\"query-input\":{\"@type\":\"PropertyValueSpecification\",\"valueRequired\":true,\"valueName\":\"search_term_string\"}}],\"inLanguage\":\"en-US\"},{\"@type\":\"Organization\",\"@id\":\"https:\/\/pozirk.online\/en\/#organization\",\"name\":\"Pozirk\",\"url\":\"https:\/\/pozirk.online\/en\/\",\"logo\":{\"@type\":\"ImageObject\",\"inLanguage\":\"en-US\",\"@id\":\"https:\/\/pozirk.online\/en\/#\/schema\/logo\/image\/\",\"url\":\"https:\/\/pozirk.online\/wp-content\/uploads\/2023\/11\/cropped-Logo_color_512.png\",\"contentUrl\":\"https:\/\/pozirk.online\/wp-content\/uploads\/2023\/11\/cropped-Logo_color_512.png\",\"width\":512,\"height\":512,\"caption\":\"Pozirk\"},\"image\":{\"@id\":\"https:\/\/pozirk.online\/en\/#\/schema\/logo\/image\/\"},\"sameAs\":[\"https:\/\/www.facebook.com\/pozirkonline\/\",\"https:\/\/x.com\/Pozirk_online\"]}]}<\/script>\n<!-- \/ Yoast SEO plugin. -->","yoast_head_json":{"title":"Luka\u0161enka acknowledges drop in trade with Pakistan | Pozirk","description":"September 1, Pozirk. Alaksandar \u0141uka\u0161enka said while meeting with Pakistani Prime Minister Shehbaz Sharif in Bishkek, Kyrgyzstan, on September 1, that","robots":{"index":"index","follow":"follow","max-snippet":"max-snippet:-1","max-image-preview":"max-image-preview:large","max-video-preview":"max-video-preview:-1"},"canonical":"https:\/\/pozirk.online\/en\/news\/202094\/","og_locale":"en_US","og_type":"article","og_title":"Luka\u0161enka acknowledges drop in trade with Pakistan | Pozirk","og_description":"September 1, Pozirk. Alaksandar \u0141uka\u0161enka said while meeting with Pakistani Prime Minister Shehbaz Sharif in Bishkek, Kyrgyzstan, on September 1, that","og_url":"https:\/\/pozirk.online\/en\/news\/202094\/","og_site_name":"Pozirk","article_publisher":"https:\/\/www.facebook.com\/pozirkonline\/","article_modified_time":"2026-09-01T19:08:19+00:00","og_image":[{"width":1128,"height":752,"url":"https:\/\/pozirk.online\/wp-content\/uploads\/2024\/07\/islamabad_pakistan_hunzaexplorers_1128x752.jpg","type":"image\/jpeg"}],"twitter_card":"summary_large_image","twitter_site":"@Pozirk_online","twitter_misc":{"Est. reading time":"2 minutes"},"schema":{"@context":"https:\/\/schema.org","@graph":[{"@type":"NewsArticle","@id":"https:\/\/pozirk.online\/en\/news\/202094\/#article","isPartOf":{"@id":"https:\/\/pozirk.online\/en\/news\/202094\/"},"headline":"Luka\u0161enka acknowledges drop in trade with Pakistan","datePublished":"2026-09-01T19:08:17+00:00","dateModified":"2026-09-01T19:08:19+00:00","mainEntityOfPage":{"@id":"https:\/\/pozirk.online\/en\/news\/202094\/"},"wordCount":287,"publisher":{"@id":"https:\/\/pozirk.online\/en\/#organization"},"image":{"@id":"https:\/\/pozirk.online\/en\/news\/202094\/#primaryimage"},"thumbnailUrl":"https:\/\/pozirk.online\/wp-content\/uploads\/2024\/07\/islamabad_pakistan_hunzaexplorers_1128x752.jpg","inLanguage":"en-US"},{"@type":"WebPage","@id":"https:\/\/pozirk.online\/en\/news\/202094\/","url":"https:\/\/pozirk.online\/en\/news\/202094\/","name":"Luka\u0161enka acknowledges drop in trade with Pakistan | Pozirk","isPartOf":{"@id":"https:\/\/pozirk.online\/en\/#website"},"primaryImageOfPage":{"@id":"https:\/\/pozirk.online\/en\/news\/202094\/#primaryimage"},"image":{"@id":"https:\/\/pozirk.online\/en\/news\/202094\/#primaryimage"},"thumbnailUrl":"https:\/\/pozirk.online\/wp-content\/uploads\/2024\/07\/islamabad_pakistan_hunzaexplorers_1128x752.jpg","datePublished":"2026-09-01T19:08:17+00:00","dateModified":"2026-09-01T19:08:19+00:00","description":"September 1, Pozirk. Alaksandar \u0141uka\u0161enka said while meeting with Pakistani Prime Minister Shehbaz Sharif in Bishkek, Kyrgyzstan, on September 1, that","breadcrumb":{"@id":"https:\/\/pozirk.online\/en\/news\/202094\/#breadcrumb"},"inLanguage":"en-US","potentialAction":[{"@type":"ReadAction","target":["https:\/\/pozirk.online\/en\/news\/202094\/"]}]},{"@type":"ImageObject","inLanguage":"en-US","@id":"https:\/\/pozirk.online\/en\/news\/202094\/#primaryimage","url":"https:\/\/pozirk.online\/wp-content\/uploads\/2024\/07\/islamabad_pakistan_hunzaexplorers_1128x752.jpg","contentUrl":"https:\/\/pozirk.online\/wp-content\/uploads\/2024\/07\/islamabad_pakistan_hunzaexplorers_1128x752.jpg","width":1128,"height":752},{"@type":"BreadcrumbList","@id":"https:\/\/pozirk.online\/en\/news\/202094\/#breadcrumb","itemListElement":[{"@type":"ListItem","position":1,"name":"Home","item":"https:\/\/pozirk.online\/en\/"},{"@type":"ListItem","position":2,"name":"Luka\u0161enka acknowledges drop in trade with Pakistan"}]},{"@type":"WebSite","@id":"https:\/\/pozirk.online\/en\/#website","url":"https:\/\/pozirk.online\/en\/","name":"Pozirk","description":"","publisher":{"@id":"https:\/\/pozirk.online\/en\/#organization"},"potentialAction":[{"@type":"SearchAction","target":{"@type":"EntryPoint","urlTemplate":"https:\/\/pozirk.online\/en\/?s={search_term_string}"},"query-input":{"@type":"PropertyValueSpecification","valueRequired":true,"valueName":"search_term_string"}}],"inLanguage":"en-US"},{"@type":"Organization","@id":"https:\/\/pozirk.online\/en\/#organization","name":"Pozirk","url":"https:\/\/pozirk.online\/en\/","logo":{"@type":"ImageObject","inLanguage":"en-US","@id":"https:\/\/pozirk.online\/en\/#\/schema\/logo\/image\/","url":"https:\/\/pozirk.online\/wp-content\/uploads\/2023\/11\/cropped-Logo_color_512.png","contentUrl":"https:\/\/pozirk.online\/wp-content\/uploads\/2023\/11\/cropped-Logo_color_512.png","width":512,"height":512,"caption":"Pozirk"},"image":{"@id":"https:\/\/pozirk.online\/en\/#\/schema\/logo\/image\/"},"sameAs":["https:\/\/www.facebook.com\/pozirkonline\/","https:\/\/x.com\/Pozirk_online"]}]}},"_links":{"self":[{"href":"https:\/\/pozirk.online\/en\/wp-json\/wp\/v2\/articles\/202094","targetHints":{"allow":["GET"]}}],"collection":[{"href":"https:\/\/pozirk.online\/en\/wp-json\/wp\/v2\/articles"}],"about":[{"href":"https:\/\/pozirk.online\/en\/wp-json\/wp\/v2\/types\/articles"}],"author":[{"embeddable":true,"href":"https:\/\/pozirk.online\/en\/wp-json\/wp\/v2\/users\/73"}],"wp:featuredmedia":[{"embeddable":true,"href":"https:\/\/pozirk.online\/en\/wp-json\/wp\/v2\/media\/97977"}],"wp:attachment":[{"href":"https:\/\/pozirk.online\/en\/wp-json\/wp\/v2\/media?parent=202094"}],"wp:term":[{"taxonomy":"rubric","embeddable":true,"href":"https:\/\/pozirk.online\/en\/wp-json\/wp\/v2\/rubric?post=202094"}],"curies":[{"name":"wp","href":"https:\/\/api.w.org\/{rel}","templated":true}]}}