{"id":185251,"date":"2026-04-28T11:22:43","date_gmt":"2026-04-28T08:22:43","guid":{"rendered":"https:\/\/pozirk.online\/en\/news\/185251\/"},"modified":"2026-04-28T14:12:34","modified_gmt":"2026-04-28T11:12:34","slug":"belarus-defense-chief-discusses-bilateral-ties-with-irans-deputy-defense-minister","status":"publish","type":"articles","link":"https:\/\/pozirk.online\/en\/news\/185251\/","title":{"rendered":"Belarus defense chief discusses bilateral ties with Iran\u2019s deputy defense minister"},"content":{"rendered":"\n<figure class=\"block-image block-image-normal\">\n\n  <img decoding=\"async\" width=\"1128\" height=\"752\" src=\"https:\/\/pozirk.online\/wp-content\/uploads\/2026\/04\/photo_2026-04-27_20-26-11.jpg\" class=\"attachment-full size-full\" alt=\"\" srcset=\"https:\/\/pozirk.online\/wp-content\/uploads\/2026\/04\/photo_2026-04-27_20-26-11.jpg 1128w, https:\/\/pozirk.online\/wp-content\/uploads\/2026\/04\/photo_2026-04-27_20-26-11-354x236.jpg 354w, https:\/\/pozirk.online\/wp-content\/uploads\/2026\/04\/photo_2026-04-27_20-26-11-734x490.jpg 734w, https:\/\/pozirk.online\/wp-content\/uploads\/2026\/04\/photo_2026-04-27_20-26-11-178x118.jpg 178w, https:\/\/pozirk.online\/wp-content\/uploads\/2026\/04\/photo_2026-04-27_20-26-11-768x512.jpg 768w\" sizes=\"(max-width: 1128px) 100vw, 1128px\" \/>\n  <figcaption>\n  \n       <div class=\"block-image__author\">\n                <span>(mil.by)<\/span>\n    <\/div>\n     <\/figcaption>\n<\/figure>\n\n\n\n<p><strong>April 28, <em>Pozirk.<\/em><\/strong> Belarusian Defense Minister Viktar Chrenin discussed bilateral military cooperation with Iran&#8217;s \u200cDeputy Defence Minister Reza Talaei-Nik in Kyrgyzstan&#8217;s Bishkek, the Belarusian defense ministry reported.<\/p>\n\n\n\n<p>The officials met at the sidelines of the Shanghai Cooperation Organisation (SCO) defense ministers&#8217; meeting.<\/p>\n\n\n\n<p>The sides exchanged views on global and regional security, with particular attention to the Middle East. Chrenin stressed that \u201cthe only way to resolve all disputes is through a political and diplomatic settlement and by intensifying the negotiation process.\u201d<\/p>\n\n\n\n<p>On February 28, Israel and the United States launched a joint military operation against Iran amid stalled negotiations over Iran\u2019s nuclear program. Iran\u2019s longtime ruler Ali Khamenei was killed at his residence during the United States and Israeli strikes on February 28. Tehran retaliated by launching missiles and drones at Israel and other countries in the region.<\/p>\n\n\n\n<div class=\"insert-block\">\n\n    <div class=\"insert-block__img\">\n        <img decoding=\"async\" width=\"354\" height=\"236\" src=\"https:\/\/pozirk.online\/wp-content\/uploads\/2026\/04\/mid_shos_konsultacii_1128x752-354x236.jpg\" class=\"attachment-medium size-medium\" alt=\"\" srcset=\"https:\/\/pozirk.online\/wp-content\/uploads\/2026\/04\/mid_shos_konsultacii_1128x752-354x236.jpg 354w, https:\/\/pozirk.online\/wp-content\/uploads\/2026\/04\/mid_shos_konsultacii_1128x752-734x490.jpg 734w, https:\/\/pozirk.online\/wp-content\/uploads\/2026\/04\/mid_shos_konsultacii_1128x752-178x118.jpg 178w, https:\/\/pozirk.online\/wp-content\/uploads\/2026\/04\/mid_shos_konsultacii_1128x752-768x512.jpg 768w, https:\/\/pozirk.online\/wp-content\/uploads\/2026\/04\/mid_shos_konsultacii_1128x752.jpg 1128w\" sizes=\"(max-width: 354px) 100vw, 354px\" \/>                        <label class=\"insert-block__tag--mobile\"> Politics<\/label>\n\n                            <label class=\"insert-block__tag--mobile\"> Security<\/label>\n\n                <\/div>\n    <div class=\"insert-block__text\">\n                    <label class=\"insert-block__tag\">Politics, Security<\/label>\n                <h3 class=\"insert-block__title\">Senior Belarus diplomat warns of global escalation over Middle East conflict<\/h3>\n        <div class=\"insert-block__descr\">April 24, Pozirk. Aggression against sovereign and independent states is unacceptable, Siarhiej \u0141uka\u0161evi\u010d, Belarusian deputy foreign minister, has told the latest round of consultations on the international activities of the Shanghai Cooperation Organization (SCO) in Moscow, the foreign ministry reports. &#8230;<\/div>\n        <a class=\"insert-block__btn-block\" href=\"\/en\/news\/184879\">\n            <button class=\"btn\">\n                <div class='btn__text'>Read the article<\/div>\n            <\/button>\n        <\/a>\n    <\/div>\n<\/div>","protected":false},"excerpt":{"rendered":"<p>April 28, Pozirk. Belarusian Defense Minister Viktar Chrenin discussed bilateral military cooperation with Iran&#8217;s \u200cDeputy Defence Minister Reza Talaei-Nik in Kyrgyzstan&#8217;s Bishkek, the Belarusian defense ministry reported. The officials met at the sidelines of the Shanghai Cooperation Organisation (SCO) defense ministers&#8217; meeting. The sides exchanged views on global and regional security, with particular attention to [&hellip;]<\/p>\n","protected":false},"author":84,"featured_media":185226,"template":"","rubric":[16,30],"class_list":["post-185251","articles","type-articles","status-publish","has-post-thumbnail","hentry","rubric-politics","rubric-security"],"acf":[],"yoast_head":"<!-- This site is optimized with the Yoast SEO plugin v25.5 - https:\/\/yoast.com\/wordpress\/plugins\/seo\/ -->\n<title>Belarus defense chief discusses bilateral ties with Iran\u2019s deputy defense minister | Pozirk<\/title>\n<meta name=\"description\" content=\"April 28, Pozirk. Belarusian Defense Minister Viktar Chrenin discussed bilateral military cooperation with Iran&#039;s \u200cDeputy Defence Minister Reza Talaei-Nik\" \/>\n<meta name=\"robots\" content=\"index, follow, max-snippet:-1, max-image-preview:large, max-video-preview:-1\" \/>\n<link rel=\"canonical\" href=\"https:\/\/pozirk.online\/en\/news\/185251\/\" \/>\n<meta property=\"og:locale\" content=\"en_US\" \/>\n<meta property=\"og:type\" content=\"article\" \/>\n<meta property=\"og:title\" content=\"Belarus defense chief discusses bilateral ties with Iran\u2019s deputy defense minister | Pozirk\" \/>\n<meta property=\"og:description\" content=\"April 28, Pozirk. Belarusian Defense Minister Viktar Chrenin discussed bilateral military cooperation with Iran&#039;s \u200cDeputy Defence Minister Reza Talaei-Nik\" \/>\n<meta property=\"og:url\" content=\"https:\/\/pozirk.online\/en\/news\/185251\/\" \/>\n<meta property=\"og:site_name\" content=\"Pozirk\" \/>\n<meta property=\"article:publisher\" content=\"https:\/\/www.facebook.com\/pozirkonline\/\" \/>\n<meta property=\"article:modified_time\" content=\"2026-04-28T11:12:34+00:00\" \/>\n<meta property=\"og:image\" content=\"https:\/\/pozirk.online\/wp-content\/uploads\/2026\/04\/photo_2026-04-27_20-26-11.jpg\" \/>\n\t<meta property=\"og:image:width\" content=\"1128\" \/>\n\t<meta property=\"og:image:height\" content=\"752\" \/>\n\t<meta property=\"og:image:type\" content=\"image\/jpeg\" \/>\n<meta name=\"twitter:card\" content=\"summary_large_image\" \/>\n<meta name=\"twitter:site\" content=\"@Pozirk_online\" \/>\n<meta name=\"twitter:label1\" content=\"Est. reading time\" \/>\n\t<meta name=\"twitter:data1\" content=\"1 minute\" \/>\n<script type=\"application\/ld+json\" class=\"yoast-schema-graph\">{\"@context\":\"https:\/\/schema.org\",\"@graph\":[{\"@type\":\"NewsArticle\",\"@id\":\"https:\/\/pozirk.online\/en\/news\/185251\/#article\",\"isPartOf\":{\"@id\":\"https:\/\/pozirk.online\/en\/news\/185251\/\"},\"headline\":\"Belarus defense chief discusses bilateral ties with Iran\u2019s deputy defense minister\",\"datePublished\":\"2026-04-28T08:22:43+00:00\",\"dateModified\":\"2026-04-28T11:12:34+00:00\",\"mainEntityOfPage\":{\"@id\":\"https:\/\/pozirk.online\/en\/news\/185251\/\"},\"wordCount\":151,\"publisher\":{\"@id\":\"https:\/\/pozirk.online\/en\/#organization\"},\"image\":{\"@id\":\"https:\/\/pozirk.online\/en\/news\/185251\/#primaryimage\"},\"thumbnailUrl\":\"https:\/\/pozirk.online\/wp-content\/uploads\/2026\/04\/photo_2026-04-27_20-26-11.jpg\",\"inLanguage\":\"en-US\"},{\"@type\":\"WebPage\",\"@id\":\"https:\/\/pozirk.online\/en\/news\/185251\/\",\"url\":\"https:\/\/pozirk.online\/en\/news\/185251\/\",\"name\":\"Belarus defense chief discusses bilateral ties with Iran\u2019s deputy defense minister | Pozirk\",\"isPartOf\":{\"@id\":\"https:\/\/pozirk.online\/en\/#website\"},\"primaryImageOfPage\":{\"@id\":\"https:\/\/pozirk.online\/en\/news\/185251\/#primaryimage\"},\"image\":{\"@id\":\"https:\/\/pozirk.online\/en\/news\/185251\/#primaryimage\"},\"thumbnailUrl\":\"https:\/\/pozirk.online\/wp-content\/uploads\/2026\/04\/photo_2026-04-27_20-26-11.jpg\",\"datePublished\":\"2026-04-28T08:22:43+00:00\",\"dateModified\":\"2026-04-28T11:12:34+00:00\",\"description\":\"April 28, Pozirk. Belarusian Defense Minister Viktar Chrenin discussed bilateral military cooperation with Iran's \u200cDeputy Defence Minister Reza Talaei-Nik\",\"breadcrumb\":{\"@id\":\"https:\/\/pozirk.online\/en\/news\/185251\/#breadcrumb\"},\"inLanguage\":\"en-US\",\"potentialAction\":[{\"@type\":\"ReadAction\",\"target\":[\"https:\/\/pozirk.online\/en\/news\/185251\/\"]}]},{\"@type\":\"ImageObject\",\"inLanguage\":\"en-US\",\"@id\":\"https:\/\/pozirk.online\/en\/news\/185251\/#primaryimage\",\"url\":\"https:\/\/pozirk.online\/wp-content\/uploads\/2026\/04\/photo_2026-04-27_20-26-11.jpg\",\"contentUrl\":\"https:\/\/pozirk.online\/wp-content\/uploads\/2026\/04\/photo_2026-04-27_20-26-11.jpg\",\"width\":1128,\"height\":752},{\"@type\":\"BreadcrumbList\",\"@id\":\"https:\/\/pozirk.online\/en\/news\/185251\/#breadcrumb\",\"itemListElement\":[{\"@type\":\"ListItem\",\"position\":1,\"name\":\"Home\",\"item\":\"https:\/\/pozirk.online\/en\/\"},{\"@type\":\"ListItem\",\"position\":2,\"name\":\"Belarus defense chief discusses bilateral ties with Iran\u2019s deputy defense minister\"}]},{\"@type\":\"WebSite\",\"@id\":\"https:\/\/pozirk.online\/en\/#website\",\"url\":\"https:\/\/pozirk.online\/en\/\",\"name\":\"Pozirk\",\"description\":\"\",\"publisher\":{\"@id\":\"https:\/\/pozirk.online\/en\/#organization\"},\"potentialAction\":[{\"@type\":\"SearchAction\",\"target\":{\"@type\":\"EntryPoint\",\"urlTemplate\":\"https:\/\/pozirk.online\/en\/?s={search_term_string}\"},\"query-input\":{\"@type\":\"PropertyValueSpecification\",\"valueRequired\":true,\"valueName\":\"search_term_string\"}}],\"inLanguage\":\"en-US\"},{\"@type\":\"Organization\",\"@id\":\"https:\/\/pozirk.online\/en\/#organization\",\"name\":\"Pozirk\",\"url\":\"https:\/\/pozirk.online\/en\/\",\"logo\":{\"@type\":\"ImageObject\",\"inLanguage\":\"en-US\",\"@id\":\"https:\/\/pozirk.online\/en\/#\/schema\/logo\/image\/\",\"url\":\"https:\/\/pozirk.online\/wp-content\/uploads\/2023\/11\/cropped-Logo_color_512.png\",\"contentUrl\":\"https:\/\/pozirk.online\/wp-content\/uploads\/2023\/11\/cropped-Logo_color_512.png\",\"width\":512,\"height\":512,\"caption\":\"Pozirk\"},\"image\":{\"@id\":\"https:\/\/pozirk.online\/en\/#\/schema\/logo\/image\/\"},\"sameAs\":[\"https:\/\/www.facebook.com\/pozirkonline\/\",\"https:\/\/x.com\/Pozirk_online\"]}]}<\/script>\n<!-- \/ Yoast SEO plugin. -->","yoast_head_json":{"title":"Belarus defense chief discusses bilateral ties with Iran\u2019s deputy defense minister | Pozirk","description":"April 28, Pozirk. Belarusian Defense Minister Viktar Chrenin discussed bilateral military cooperation with Iran's \u200cDeputy Defence Minister Reza Talaei-Nik","robots":{"index":"index","follow":"follow","max-snippet":"max-snippet:-1","max-image-preview":"max-image-preview:large","max-video-preview":"max-video-preview:-1"},"canonical":"https:\/\/pozirk.online\/en\/news\/185251\/","og_locale":"en_US","og_type":"article","og_title":"Belarus defense chief discusses bilateral ties with Iran\u2019s deputy defense minister | Pozirk","og_description":"April 28, Pozirk. Belarusian Defense Minister Viktar Chrenin discussed bilateral military cooperation with Iran's \u200cDeputy Defence Minister Reza Talaei-Nik","og_url":"https:\/\/pozirk.online\/en\/news\/185251\/","og_site_name":"Pozirk","article_publisher":"https:\/\/www.facebook.com\/pozirkonline\/","article_modified_time":"2026-04-28T11:12:34+00:00","og_image":[{"width":1128,"height":752,"url":"https:\/\/pozirk.online\/wp-content\/uploads\/2026\/04\/photo_2026-04-27_20-26-11.jpg","type":"image\/jpeg"}],"twitter_card":"summary_large_image","twitter_site":"@Pozirk_online","twitter_misc":{"Est. reading time":"1 minute"},"schema":{"@context":"https:\/\/schema.org","@graph":[{"@type":"NewsArticle","@id":"https:\/\/pozirk.online\/en\/news\/185251\/#article","isPartOf":{"@id":"https:\/\/pozirk.online\/en\/news\/185251\/"},"headline":"Belarus defense chief discusses bilateral ties with Iran\u2019s deputy defense minister","datePublished":"2026-04-28T08:22:43+00:00","dateModified":"2026-04-28T11:12:34+00:00","mainEntityOfPage":{"@id":"https:\/\/pozirk.online\/en\/news\/185251\/"},"wordCount":151,"publisher":{"@id":"https:\/\/pozirk.online\/en\/#organization"},"image":{"@id":"https:\/\/pozirk.online\/en\/news\/185251\/#primaryimage"},"thumbnailUrl":"https:\/\/pozirk.online\/wp-content\/uploads\/2026\/04\/photo_2026-04-27_20-26-11.jpg","inLanguage":"en-US"},{"@type":"WebPage","@id":"https:\/\/pozirk.online\/en\/news\/185251\/","url":"https:\/\/pozirk.online\/en\/news\/185251\/","name":"Belarus defense chief discusses bilateral ties with Iran\u2019s deputy defense minister | Pozirk","isPartOf":{"@id":"https:\/\/pozirk.online\/en\/#website"},"primaryImageOfPage":{"@id":"https:\/\/pozirk.online\/en\/news\/185251\/#primaryimage"},"image":{"@id":"https:\/\/pozirk.online\/en\/news\/185251\/#primaryimage"},"thumbnailUrl":"https:\/\/pozirk.online\/wp-content\/uploads\/2026\/04\/photo_2026-04-27_20-26-11.jpg","datePublished":"2026-04-28T08:22:43+00:00","dateModified":"2026-04-28T11:12:34+00:00","description":"April 28, Pozirk. Belarusian Defense Minister Viktar Chrenin discussed bilateral military cooperation with Iran's \u200cDeputy Defence Minister Reza Talaei-Nik","breadcrumb":{"@id":"https:\/\/pozirk.online\/en\/news\/185251\/#breadcrumb"},"inLanguage":"en-US","potentialAction":[{"@type":"ReadAction","target":["https:\/\/pozirk.online\/en\/news\/185251\/"]}]},{"@type":"ImageObject","inLanguage":"en-US","@id":"https:\/\/pozirk.online\/en\/news\/185251\/#primaryimage","url":"https:\/\/pozirk.online\/wp-content\/uploads\/2026\/04\/photo_2026-04-27_20-26-11.jpg","contentUrl":"https:\/\/pozirk.online\/wp-content\/uploads\/2026\/04\/photo_2026-04-27_20-26-11.jpg","width":1128,"height":752},{"@type":"BreadcrumbList","@id":"https:\/\/pozirk.online\/en\/news\/185251\/#breadcrumb","itemListElement":[{"@type":"ListItem","position":1,"name":"Home","item":"https:\/\/pozirk.online\/en\/"},{"@type":"ListItem","position":2,"name":"Belarus defense chief discusses bilateral ties with Iran\u2019s deputy defense minister"}]},{"@type":"WebSite","@id":"https:\/\/pozirk.online\/en\/#website","url":"https:\/\/pozirk.online\/en\/","name":"Pozirk","description":"","publisher":{"@id":"https:\/\/pozirk.online\/en\/#organization"},"potentialAction":[{"@type":"SearchAction","target":{"@type":"EntryPoint","urlTemplate":"https:\/\/pozirk.online\/en\/?s={search_term_string}"},"query-input":{"@type":"PropertyValueSpecification","valueRequired":true,"valueName":"search_term_string"}}],"inLanguage":"en-US"},{"@type":"Organization","@id":"https:\/\/pozirk.online\/en\/#organization","name":"Pozirk","url":"https:\/\/pozirk.online\/en\/","logo":{"@type":"ImageObject","inLanguage":"en-US","@id":"https:\/\/pozirk.online\/en\/#\/schema\/logo\/image\/","url":"https:\/\/pozirk.online\/wp-content\/uploads\/2023\/11\/cropped-Logo_color_512.png","contentUrl":"https:\/\/pozirk.online\/wp-content\/uploads\/2023\/11\/cropped-Logo_color_512.png","width":512,"height":512,"caption":"Pozirk"},"image":{"@id":"https:\/\/pozirk.online\/en\/#\/schema\/logo\/image\/"},"sameAs":["https:\/\/www.facebook.com\/pozirkonline\/","https:\/\/x.com\/Pozirk_online"]}]}},"_links":{"self":[{"href":"https:\/\/pozirk.online\/en\/wp-json\/wp\/v2\/articles\/185251","targetHints":{"allow":["GET"]}}],"collection":[{"href":"https:\/\/pozirk.online\/en\/wp-json\/wp\/v2\/articles"}],"about":[{"href":"https:\/\/pozirk.online\/en\/wp-json\/wp\/v2\/types\/articles"}],"author":[{"embeddable":true,"href":"https:\/\/pozirk.online\/en\/wp-json\/wp\/v2\/users\/84"}],"wp:featuredmedia":[{"embeddable":true,"href":"https:\/\/pozirk.online\/en\/wp-json\/wp\/v2\/media\/185226"}],"wp:attachment":[{"href":"https:\/\/pozirk.online\/en\/wp-json\/wp\/v2\/media?parent=185251"}],"wp:term":[{"taxonomy":"rubric","embeddable":true,"href":"https:\/\/pozirk.online\/en\/wp-json\/wp\/v2\/rubric?post=185251"}],"curies":[{"name":"wp","href":"https:\/\/api.w.org\/{rel}","templated":true}]}}