{"id":185228,"date":"2026-04-27T22:12:46","date_gmt":"2026-04-27T19:12:46","guid":{"rendered":"https:\/\/pozirk.online\/en\/news\/185228\/"},"modified":"2026-04-27T22:12:49","modified_gmt":"2026-04-27T19:12:49","slug":"european-parliament-nuclear-weapons-in-belarus-should-be-deemed-collective-security-threat","status":"publish","type":"articles","link":"https:\/\/pozirk.online\/en\/news\/185228\/","title":{"rendered":"European Parliament: Nuclear weapons in Belarus should be deemed collective security threat"},"content":{"rendered":"\n<figure class=\"block-image block-image-normal\">\n\n  <img decoding=\"async\" width=\"1128\" height=\"752\" src=\"https:\/\/pozirk.online\/wp-content\/uploads\/2024\/09\/evroparlament_Michel_Christen_EP_1128x752.jpg\" class=\"attachment-full size-full\" alt=\"\" srcset=\"https:\/\/pozirk.online\/wp-content\/uploads\/2024\/09\/evroparlament_Michel_Christen_EP_1128x752.jpg 1128w, https:\/\/pozirk.online\/wp-content\/uploads\/2024\/09\/evroparlament_Michel_Christen_EP_1128x752-354x236.jpg 354w, https:\/\/pozirk.online\/wp-content\/uploads\/2024\/09\/evroparlament_Michel_Christen_EP_1128x752-734x490.jpg 734w, https:\/\/pozirk.online\/wp-content\/uploads\/2024\/09\/evroparlament_Michel_Christen_EP_1128x752-178x118.jpg 178w, https:\/\/pozirk.online\/wp-content\/uploads\/2024\/09\/evroparlament_Michel_Christen_EP_1128x752-768x512.jpg 768w\" sizes=\"(max-width: 1128px) 100vw, 1128px\" \/>\n  <figcaption>\n  \n       <div class=\"block-image__author\">\n                <span>(Michel Christen \/ EP)<\/span>\n    <\/div>\n     <\/figcaption>\n<\/figure>\n\n\n\n<p><strong>April 27, <em>Pozirk.<\/em> <\/strong>The European Parliament has urged the international community to recognize what it called the deployment of nuclear weapons in Belarus as a collective security threat.<\/p>\n\n\n\n<p>In a statement issued on the occasion of the 40th anniversary of the Chernobyl nuclear accident, the European Parliament says that the world should \u201cstrengthen accountability for the concealment of radiation risks and for attacks on nuclear facilities, particularly in the context of Russia&#8217;s illegal war of aggression against Ukraine.\u201d The international community \u201cshould establish an independent and publicly accessible global radiological registry and recognise the deployment of nuclear weapons in Belarus as a threat to collective security,\u201d the statement says.<\/p>\n\n\n\n<p>The European Parliament acknowledges that \u201cBelarus bore the heaviest burden\u201d of the aftermath of the Chernobyl accident, \u201cwith nearly a quarter of its territory contaminated.\u201d<\/p>\n\n\n\n<p>According to MEPs, that Belarusian authorities under Alaksandar \u0141uka\u0161enka have \u201csystematically downplayed the true scale of the catastrophe, restricted public access to medical statistics, and, without proper scientific justification, reclassified contaminated territories as \u2018clean\u2019 while resuming agricultural production on these lands.\u201d They warn that \u201csuch practices pose serious risks to the health of current and future generations\u201d and sound alarm over \u201congoing risks \u2013 including for citizens of European Union Member States \u2013 associated with the Astravets [Astraviec] Nuclear Power Plant.\u201d<\/p>\n\n\n\n<p>The European Parliament calls on Belarusian authorities to \u201censure full transparency and independent monitoring, and to halt the use and resettlement of contaminated territories, while restoring protections for affected populations.\u201d<\/p>\n\n\n\n<p>Alaksandar \u0141uka\u0161enka, during a tour of the southern Naro\u016dla district, which was contaminated as a result of the 1986 Chernobyl nuclear accident, renewed his push to bring more affected land back into agricultural use. \u201cWe must reclaim this land whatever it costs. We must return to the land we had in Soviet times. And we can do it,\u201d he said.<\/p>\n\n\n\n<div class=\"insert-block\">\n\n    <div class=\"insert-block__img\">\n        <img decoding=\"async\" width=\"354\" height=\"236\" src=\"https:\/\/pozirk.online\/wp-content\/uploads\/2024\/01\/pozirk_color_blank_1128x752-354x236.jpg\" class=\"attachment-medium size-medium\" alt=\"\" srcset=\"https:\/\/pozirk.online\/wp-content\/uploads\/2024\/01\/pozirk_color_blank_1128x752-354x236.jpg 354w, https:\/\/pozirk.online\/wp-content\/uploads\/2024\/01\/pozirk_color_blank_1128x752-734x490.jpg 734w, https:\/\/pozirk.online\/wp-content\/uploads\/2024\/01\/pozirk_color_blank_1128x752-178x118.jpg 178w, https:\/\/pozirk.online\/wp-content\/uploads\/2024\/01\/pozirk_color_blank_1128x752-768x512.jpg 768w, https:\/\/pozirk.online\/wp-content\/uploads\/2024\/01\/pozirk_color_blank_1128x752.jpg 1128w\" sizes=\"(max-width: 354px) 100vw, 354px\" \/>                        <label class=\"insert-block__tag--mobile\"> Economy<\/label>\n\n                            <label class=\"insert-block__tag--mobile\"> Society<\/label>\n\n                <\/div>\n    <div class=\"insert-block__text\">\n                    <label class=\"insert-block__tag\">Economy, Society<\/label>\n                <h3 class=\"insert-block__title\">\u0141uka\u0161enka pushes for putting Chernobyl-affected land back into production<\/h3>\n        <div class=\"insert-block__descr\">April 27, Pozirk. Alaksandar \u0141uka\u0161enka, during a tour of the southern Naro\u016dla district, which was contaminated as a result of the 1986 Chernobyl nuclear accident, renewed his push to bring more affected land back into production. He encouraged the district &#8230;<\/div>\n        <a class=\"insert-block__btn-block\" href=\"\/en\/news\/185180\">\n            <button class=\"btn\">\n                <div class='btn__text'>Read<\/div>\n            <\/button>\n        <\/a>\n    <\/div>\n<\/div>","protected":false},"excerpt":{"rendered":"<p>April 27, Pozirk. The European Parliament has urged the international community to recognize what it called the deployment of nuclear weapons in Belarus as a collective security threat. In a statement issued on the occasion of the 40th anniversary of the Chernobyl nuclear accident, the European Parliament says that the world should \u201cstrengthen accountability for [&hellip;]<\/p>\n","protected":false},"author":83,"featured_media":104572,"template":"","rubric":[16,30],"class_list":["post-185228","articles","type-articles","status-publish","has-post-thumbnail","hentry","rubric-politics","rubric-security"],"acf":[],"yoast_head":"<!-- This site is optimized with the Yoast SEO plugin v25.5 - https:\/\/yoast.com\/wordpress\/plugins\/seo\/ -->\n<title>European Parliament: Nuclear weapons in Belarus should be deemed collective security threat | Pozirk<\/title>\n<meta name=\"description\" content=\"April 27, Pozirk. The European Parliament has urged the international community to recognize what it called the deployment of nuclear weapons in Belarus\" \/>\n<meta name=\"robots\" content=\"index, follow, max-snippet:-1, max-image-preview:large, max-video-preview:-1\" \/>\n<link rel=\"canonical\" href=\"https:\/\/pozirk.online\/en\/news\/185228\/\" \/>\n<meta property=\"og:locale\" content=\"en_US\" \/>\n<meta property=\"og:type\" content=\"article\" \/>\n<meta property=\"og:title\" content=\"European Parliament: Nuclear weapons in Belarus should be deemed collective security threat | Pozirk\" \/>\n<meta property=\"og:description\" content=\"April 27, Pozirk. The European Parliament has urged the international community to recognize what it called the deployment of nuclear weapons in Belarus\" \/>\n<meta property=\"og:url\" content=\"https:\/\/pozirk.online\/en\/news\/185228\/\" \/>\n<meta property=\"og:site_name\" content=\"Pozirk\" \/>\n<meta property=\"article:publisher\" content=\"https:\/\/www.facebook.com\/pozirkonline\/\" \/>\n<meta property=\"article:modified_time\" content=\"2026-04-27T19:12:49+00:00\" \/>\n<meta property=\"og:image\" content=\"https:\/\/pozirk.online\/wp-content\/uploads\/2024\/09\/evroparlament_Michel_Christen_EP_1128x752.jpg\" \/>\n\t<meta property=\"og:image:width\" content=\"1128\" \/>\n\t<meta property=\"og:image:height\" content=\"752\" \/>\n\t<meta property=\"og:image:type\" content=\"image\/jpeg\" \/>\n<meta name=\"twitter:card\" content=\"summary_large_image\" \/>\n<meta name=\"twitter:site\" content=\"@Pozirk_online\" \/>\n<meta name=\"twitter:label1\" content=\"Est. reading time\" \/>\n\t<meta name=\"twitter:data1\" content=\"2 minutes\" \/>\n<script type=\"application\/ld+json\" class=\"yoast-schema-graph\">{\"@context\":\"https:\/\/schema.org\",\"@graph\":[{\"@type\":\"NewsArticle\",\"@id\":\"https:\/\/pozirk.online\/en\/news\/185228\/#article\",\"isPartOf\":{\"@id\":\"https:\/\/pozirk.online\/en\/news\/185228\/\"},\"headline\":\"European Parliament: Nuclear weapons in Belarus should be deemed collective security threat\",\"datePublished\":\"2026-04-27T19:12:46+00:00\",\"dateModified\":\"2026-04-27T19:12:49+00:00\",\"mainEntityOfPage\":{\"@id\":\"https:\/\/pozirk.online\/en\/news\/185228\/\"},\"wordCount\":317,\"publisher\":{\"@id\":\"https:\/\/pozirk.online\/en\/#organization\"},\"image\":{\"@id\":\"https:\/\/pozirk.online\/en\/news\/185228\/#primaryimage\"},\"thumbnailUrl\":\"https:\/\/pozirk.online\/wp-content\/uploads\/2024\/09\/evroparlament_Michel_Christen_EP_1128x752.jpg\",\"inLanguage\":\"en-US\"},{\"@type\":\"WebPage\",\"@id\":\"https:\/\/pozirk.online\/en\/news\/185228\/\",\"url\":\"https:\/\/pozirk.online\/en\/news\/185228\/\",\"name\":\"European Parliament: Nuclear weapons in Belarus should be deemed collective security threat | Pozirk\",\"isPartOf\":{\"@id\":\"https:\/\/pozirk.online\/en\/#website\"},\"primaryImageOfPage\":{\"@id\":\"https:\/\/pozirk.online\/en\/news\/185228\/#primaryimage\"},\"image\":{\"@id\":\"https:\/\/pozirk.online\/en\/news\/185228\/#primaryimage\"},\"thumbnailUrl\":\"https:\/\/pozirk.online\/wp-content\/uploads\/2024\/09\/evroparlament_Michel_Christen_EP_1128x752.jpg\",\"datePublished\":\"2026-04-27T19:12:46+00:00\",\"dateModified\":\"2026-04-27T19:12:49+00:00\",\"description\":\"April 27, Pozirk. The European Parliament has urged the international community to recognize what it called the deployment of nuclear weapons in Belarus\",\"breadcrumb\":{\"@id\":\"https:\/\/pozirk.online\/en\/news\/185228\/#breadcrumb\"},\"inLanguage\":\"en-US\",\"potentialAction\":[{\"@type\":\"ReadAction\",\"target\":[\"https:\/\/pozirk.online\/en\/news\/185228\/\"]}]},{\"@type\":\"ImageObject\",\"inLanguage\":\"en-US\",\"@id\":\"https:\/\/pozirk.online\/en\/news\/185228\/#primaryimage\",\"url\":\"https:\/\/pozirk.online\/wp-content\/uploads\/2024\/09\/evroparlament_Michel_Christen_EP_1128x752.jpg\",\"contentUrl\":\"https:\/\/pozirk.online\/wp-content\/uploads\/2024\/09\/evroparlament_Michel_Christen_EP_1128x752.jpg\",\"width\":1128,\"height\":752},{\"@type\":\"BreadcrumbList\",\"@id\":\"https:\/\/pozirk.online\/en\/news\/185228\/#breadcrumb\",\"itemListElement\":[{\"@type\":\"ListItem\",\"position\":1,\"name\":\"Home\",\"item\":\"https:\/\/pozirk.online\/en\/\"},{\"@type\":\"ListItem\",\"position\":2,\"name\":\"European Parliament: Nuclear weapons in Belarus should be deemed collective security threat\"}]},{\"@type\":\"WebSite\",\"@id\":\"https:\/\/pozirk.online\/en\/#website\",\"url\":\"https:\/\/pozirk.online\/en\/\",\"name\":\"Pozirk\",\"description\":\"\",\"publisher\":{\"@id\":\"https:\/\/pozirk.online\/en\/#organization\"},\"potentialAction\":[{\"@type\":\"SearchAction\",\"target\":{\"@type\":\"EntryPoint\",\"urlTemplate\":\"https:\/\/pozirk.online\/en\/?s={search_term_string}\"},\"query-input\":{\"@type\":\"PropertyValueSpecification\",\"valueRequired\":true,\"valueName\":\"search_term_string\"}}],\"inLanguage\":\"en-US\"},{\"@type\":\"Organization\",\"@id\":\"https:\/\/pozirk.online\/en\/#organization\",\"name\":\"Pozirk\",\"url\":\"https:\/\/pozirk.online\/en\/\",\"logo\":{\"@type\":\"ImageObject\",\"inLanguage\":\"en-US\",\"@id\":\"https:\/\/pozirk.online\/en\/#\/schema\/logo\/image\/\",\"url\":\"https:\/\/pozirk.online\/wp-content\/uploads\/2023\/11\/cropped-Logo_color_512.png\",\"contentUrl\":\"https:\/\/pozirk.online\/wp-content\/uploads\/2023\/11\/cropped-Logo_color_512.png\",\"width\":512,\"height\":512,\"caption\":\"Pozirk\"},\"image\":{\"@id\":\"https:\/\/pozirk.online\/en\/#\/schema\/logo\/image\/\"},\"sameAs\":[\"https:\/\/www.facebook.com\/pozirkonline\/\",\"https:\/\/x.com\/Pozirk_online\"]}]}<\/script>\n<!-- \/ Yoast SEO plugin. -->","yoast_head_json":{"title":"European Parliament: Nuclear weapons in Belarus should be deemed collective security threat | Pozirk","description":"April 27, Pozirk. The European Parliament has urged the international community to recognize what it called the deployment of nuclear weapons in Belarus","robots":{"index":"index","follow":"follow","max-snippet":"max-snippet:-1","max-image-preview":"max-image-preview:large","max-video-preview":"max-video-preview:-1"},"canonical":"https:\/\/pozirk.online\/en\/news\/185228\/","og_locale":"en_US","og_type":"article","og_title":"European Parliament: Nuclear weapons in Belarus should be deemed collective security threat | Pozirk","og_description":"April 27, Pozirk. The European Parliament has urged the international community to recognize what it called the deployment of nuclear weapons in Belarus","og_url":"https:\/\/pozirk.online\/en\/news\/185228\/","og_site_name":"Pozirk","article_publisher":"https:\/\/www.facebook.com\/pozirkonline\/","article_modified_time":"2026-04-27T19:12:49+00:00","og_image":[{"width":1128,"height":752,"url":"https:\/\/pozirk.online\/wp-content\/uploads\/2024\/09\/evroparlament_Michel_Christen_EP_1128x752.jpg","type":"image\/jpeg"}],"twitter_card":"summary_large_image","twitter_site":"@Pozirk_online","twitter_misc":{"Est. reading time":"2 minutes"},"schema":{"@context":"https:\/\/schema.org","@graph":[{"@type":"NewsArticle","@id":"https:\/\/pozirk.online\/en\/news\/185228\/#article","isPartOf":{"@id":"https:\/\/pozirk.online\/en\/news\/185228\/"},"headline":"European Parliament: Nuclear weapons in Belarus should be deemed collective security threat","datePublished":"2026-04-27T19:12:46+00:00","dateModified":"2026-04-27T19:12:49+00:00","mainEntityOfPage":{"@id":"https:\/\/pozirk.online\/en\/news\/185228\/"},"wordCount":317,"publisher":{"@id":"https:\/\/pozirk.online\/en\/#organization"},"image":{"@id":"https:\/\/pozirk.online\/en\/news\/185228\/#primaryimage"},"thumbnailUrl":"https:\/\/pozirk.online\/wp-content\/uploads\/2024\/09\/evroparlament_Michel_Christen_EP_1128x752.jpg","inLanguage":"en-US"},{"@type":"WebPage","@id":"https:\/\/pozirk.online\/en\/news\/185228\/","url":"https:\/\/pozirk.online\/en\/news\/185228\/","name":"European Parliament: Nuclear weapons in Belarus should be deemed collective security threat | Pozirk","isPartOf":{"@id":"https:\/\/pozirk.online\/en\/#website"},"primaryImageOfPage":{"@id":"https:\/\/pozirk.online\/en\/news\/185228\/#primaryimage"},"image":{"@id":"https:\/\/pozirk.online\/en\/news\/185228\/#primaryimage"},"thumbnailUrl":"https:\/\/pozirk.online\/wp-content\/uploads\/2024\/09\/evroparlament_Michel_Christen_EP_1128x752.jpg","datePublished":"2026-04-27T19:12:46+00:00","dateModified":"2026-04-27T19:12:49+00:00","description":"April 27, Pozirk. The European Parliament has urged the international community to recognize what it called the deployment of nuclear weapons in Belarus","breadcrumb":{"@id":"https:\/\/pozirk.online\/en\/news\/185228\/#breadcrumb"},"inLanguage":"en-US","potentialAction":[{"@type":"ReadAction","target":["https:\/\/pozirk.online\/en\/news\/185228\/"]}]},{"@type":"ImageObject","inLanguage":"en-US","@id":"https:\/\/pozirk.online\/en\/news\/185228\/#primaryimage","url":"https:\/\/pozirk.online\/wp-content\/uploads\/2024\/09\/evroparlament_Michel_Christen_EP_1128x752.jpg","contentUrl":"https:\/\/pozirk.online\/wp-content\/uploads\/2024\/09\/evroparlament_Michel_Christen_EP_1128x752.jpg","width":1128,"height":752},{"@type":"BreadcrumbList","@id":"https:\/\/pozirk.online\/en\/news\/185228\/#breadcrumb","itemListElement":[{"@type":"ListItem","position":1,"name":"Home","item":"https:\/\/pozirk.online\/en\/"},{"@type":"ListItem","position":2,"name":"European Parliament: Nuclear weapons in Belarus should be deemed collective security threat"}]},{"@type":"WebSite","@id":"https:\/\/pozirk.online\/en\/#website","url":"https:\/\/pozirk.online\/en\/","name":"Pozirk","description":"","publisher":{"@id":"https:\/\/pozirk.online\/en\/#organization"},"potentialAction":[{"@type":"SearchAction","target":{"@type":"EntryPoint","urlTemplate":"https:\/\/pozirk.online\/en\/?s={search_term_string}"},"query-input":{"@type":"PropertyValueSpecification","valueRequired":true,"valueName":"search_term_string"}}],"inLanguage":"en-US"},{"@type":"Organization","@id":"https:\/\/pozirk.online\/en\/#organization","name":"Pozirk","url":"https:\/\/pozirk.online\/en\/","logo":{"@type":"ImageObject","inLanguage":"en-US","@id":"https:\/\/pozirk.online\/en\/#\/schema\/logo\/image\/","url":"https:\/\/pozirk.online\/wp-content\/uploads\/2023\/11\/cropped-Logo_color_512.png","contentUrl":"https:\/\/pozirk.online\/wp-content\/uploads\/2023\/11\/cropped-Logo_color_512.png","width":512,"height":512,"caption":"Pozirk"},"image":{"@id":"https:\/\/pozirk.online\/en\/#\/schema\/logo\/image\/"},"sameAs":["https:\/\/www.facebook.com\/pozirkonline\/","https:\/\/x.com\/Pozirk_online"]}]}},"_links":{"self":[{"href":"https:\/\/pozirk.online\/en\/wp-json\/wp\/v2\/articles\/185228","targetHints":{"allow":["GET"]}}],"collection":[{"href":"https:\/\/pozirk.online\/en\/wp-json\/wp\/v2\/articles"}],"about":[{"href":"https:\/\/pozirk.online\/en\/wp-json\/wp\/v2\/types\/articles"}],"author":[{"embeddable":true,"href":"https:\/\/pozirk.online\/en\/wp-json\/wp\/v2\/users\/83"}],"wp:featuredmedia":[{"embeddable":true,"href":"https:\/\/pozirk.online\/en\/wp-json\/wp\/v2\/media\/104572"}],"wp:attachment":[{"href":"https:\/\/pozirk.online\/en\/wp-json\/wp\/v2\/media?parent=185228"}],"wp:term":[{"taxonomy":"rubric","embeddable":true,"href":"https:\/\/pozirk.online\/en\/wp-json\/wp\/v2\/rubric?post=185228"}],"curies":[{"name":"wp","href":"https:\/\/api.w.org\/{rel}","templated":true}]}}