{"id":185191,"date":"2026-04-27T18:30:02","date_gmt":"2026-04-27T15:30:02","guid":{"rendered":"https:\/\/pozirk.online\/en\/news\/185191\/"},"modified":"2026-04-27T18:30:05","modified_gmt":"2026-04-27T15:30:05","slug":"bialacki-meets-with-lithuanian-pm-to-discuss-rights-abuses-in-belarus-accountability-for-lukasenka-regime","status":"publish","type":"articles","link":"https:\/\/pozirk.online\/en\/news\/185191\/","title":{"rendered":"Bialacki meets with Lithuanian PM to discuss rights abuses in Belarus, accountability for \u0141uka\u0161enka regime"},"content":{"rendered":"\n<figure class=\"block-image block-image-normal\">\n\n  <img decoding=\"async\" width=\"1128\" height=\"752\" src=\"https:\/\/pozirk.online\/wp-content\/uploads\/2026\/04\/beliacki_ruginene_lrv_1128x752.jpg\" class=\"attachment-full size-full\" alt=\"\" srcset=\"https:\/\/pozirk.online\/wp-content\/uploads\/2026\/04\/beliacki_ruginene_lrv_1128x752.jpg 1128w, https:\/\/pozirk.online\/wp-content\/uploads\/2026\/04\/beliacki_ruginene_lrv_1128x752-354x236.jpg 354w, https:\/\/pozirk.online\/wp-content\/uploads\/2026\/04\/beliacki_ruginene_lrv_1128x752-734x490.jpg 734w, https:\/\/pozirk.online\/wp-content\/uploads\/2026\/04\/beliacki_ruginene_lrv_1128x752-178x118.jpg 178w, https:\/\/pozirk.online\/wp-content\/uploads\/2026\/04\/beliacki_ruginene_lrv_1128x752-768x512.jpg 768w\" sizes=\"(max-width: 1128px) 100vw, 1128px\" \/>\n  <figcaption>\n  \n       <div class=\"block-image__author\">\n                <span>(Laima Penek \/ Lithuanian government&#039;s press office)<\/span>\n    <\/div>\n     <\/figcaption>\n<\/figure>\n\n\n\n<p><strong>April 27, <em>Pozirk.<\/em> <\/strong>Nobel Peace Prize laureate Ale\u015b Bialacki had a meeting in Vilnius on April 27 with Lithuanian Prime Minister Inga Ruginien\u0117 to discuss the human rights situation in Belarus, accountability for Alaksandar \u0141uka\u0161enka\u2019s regime and measures for increasing international pressure on Minsk, reported the press office of the Lithuanian government.<\/p>\n\n\n\n<p>Ruginien\u0117 reportedly assured Bialacki, head of the Viasna Human Rights Center, that that Lithuania continues to demand an end to politically motivated persecution in Belarus and the release of all political prisoners. \u201cLithuania\u2019s position remains consistent: political repression in Belarus must cease, and all political prisoners must be released,\u201d the press office said.<\/p>\n\n\n\n<p>According to Viasna, Bialacki stressed the need for the further application of the mechanisms of the International Criminal Court to the events in Belarus. Bialacki and Ruginien\u0117 paid particular attention to the regime\u2019s pressure on European Humanities University in exile in Vilnius and politically motivated persecution in Belarus in general, the center said.<\/p>\n\n\n\n<p>They also discussed activities of trade unions and cooperation with the International Labor Organization as well as integration of forced Belarusian emigrants in Lithuania and the efficiency of the sanctions policy.<\/p>\n\n\n\n<p>For Belarus\u2019 pro-democracy forces, Lithuania remains one of the key partners in the region, providing support to civil society initiatives and educational projects, the Viasna Human Rights Center said.<\/p>\n\n\n\n<p>Bialacki also had a meeting with Lithuanian lawmaker Laurynas Kas\u010di\u016bnas, who is known for campaigning for restrictions on Belarusians in Lithuania, including most recently a bill that would suspend the issuance of first-time residence permits to citizens of Belarus. The meeting reportedly focused on \u201cissues of democratic sustainability and human rights protection.\u201d Bialacki and Kas\u010di\u016bnas also discussed the \u201cimportance of preserving Belarusian culture and identity in exile.\u201d<\/p>\n\n\n\n<p>On March 12, 2026, the Office of the Prosecutor of the International Criminal Court in The Hague announced the launch of an investigation into Lithuania\u2019s allegations that the Alaksandar \u0141uka\u0161enka regime has committed transboundary crimes against humanity as part of its crackdown on opponents starting 2020.<\/p>\n\n\n\n<p>On April 16, Lithuania lodged a strong protest with Belarus over Minsk\u2019s move to designate European Humanities University (EHU) as an \u201cextremist\u201d group.<\/p>\n\n\n\n<p>On April 23, Lithuania\u2019s parliament (Seimas) extended national sanctions against citizens of Belarus and Russia until December 31, 2027.<\/p>\n\n\n\n<div class=\"insert-block\">\n\n    <div class=\"insert-block__img\">\n        <img decoding=\"async\" width=\"354\" height=\"236\" src=\"https:\/\/pozirk.online\/wp-content\/uploads\/2026\/04\/rektor_egu_lrt_lt-354x236.jpg\" class=\"attachment-medium size-medium\" alt=\"\" srcset=\"https:\/\/pozirk.online\/wp-content\/uploads\/2026\/04\/rektor_egu_lrt_lt-354x236.jpg 354w, https:\/\/pozirk.online\/wp-content\/uploads\/2026\/04\/rektor_egu_lrt_lt-734x490.jpg 734w, https:\/\/pozirk.online\/wp-content\/uploads\/2026\/04\/rektor_egu_lrt_lt-178x118.jpg 178w, https:\/\/pozirk.online\/wp-content\/uploads\/2026\/04\/rektor_egu_lrt_lt-768x512.jpg 768w, https:\/\/pozirk.online\/wp-content\/uploads\/2026\/04\/rektor_egu_lrt_lt.jpg 1128w\" sizes=\"(max-width: 354px) 100vw, 354px\" \/>                        <label class=\"insert-block__tag--mobile\"> Politics<\/label>\n\n                            <label class=\"insert-block__tag--mobile\"> Society<\/label>\n\n                <\/div>\n    <div class=\"insert-block__text\">\n                    <label class=\"insert-block__tag\">Politics, Society<\/label>\n                <h3 class=\"insert-block__title\">EHU rector expecting student numbers to drop after Belarus\u2019 extremist designation<\/h3>\n        <div class=\"insert-block__descr\">April 23, Pozirk. Vilius \u0160adauskas, rector of Vilnius-based European Humanities University (EHU), described university\u2019s \u201cextremist\u201d designation by Belarus as a serious challenge for students and lecturers from Belarus. Students and lecturers may face persecution once they cross the border into &#8230;<\/div>\n        <a class=\"insert-block__btn-block\" href=\"\/en\/news\/184639\">\n            <button class=\"btn\">\n                <div class='btn__text'>Read the article<\/div>\n            <\/button>\n        <\/a>\n    <\/div>\n<\/div>","protected":false},"excerpt":{"rendered":"<p>April 27, Pozirk. Nobel Peace Prize laureate Ale\u015b Bialacki had a meeting in Vilnius on April 27 with Lithuanian Prime Minister Inga Ruginien\u0117 to discuss the human rights situation in Belarus, accountability for Alaksandar \u0141uka\u0161enka\u2019s regime and measures for increasing international pressure on Minsk, reported the press office of the Lithuanian government. Ruginien\u0117 reportedly assured [&hellip;]<\/p>\n","protected":false},"author":83,"featured_media":185146,"template":"","rubric":[16],"class_list":["post-185191","articles","type-articles","status-publish","has-post-thumbnail","hentry","rubric-politics"],"acf":[],"yoast_head":"<!-- This site is optimized with the Yoast SEO plugin v25.5 - https:\/\/yoast.com\/wordpress\/plugins\/seo\/ -->\n<title>Bialacki meets with Lithuanian PM to discuss rights abuses in Belarus, accountability for \u0141uka\u0161enka regime | Pozirk<\/title>\n<meta name=\"description\" content=\"April 27, Pozirk. Nobel Peace Prize laureate Ale\u015b Bialacki had a meeting in Vilnius on April 27 with Lithuanian Prime Minister Inga Ruginien\u0117 to discuss\" \/>\n<meta name=\"robots\" content=\"index, follow, max-snippet:-1, max-image-preview:large, max-video-preview:-1\" \/>\n<link rel=\"canonical\" href=\"https:\/\/pozirk.online\/en\/news\/185191\/\" \/>\n<meta property=\"og:locale\" content=\"en_US\" \/>\n<meta property=\"og:type\" content=\"article\" \/>\n<meta property=\"og:title\" content=\"Bialacki meets with Lithuanian PM to discuss rights abuses in Belarus, accountability for \u0141uka\u0161enka regime | Pozirk\" \/>\n<meta property=\"og:description\" content=\"April 27, Pozirk. Nobel Peace Prize laureate Ale\u015b Bialacki had a meeting in Vilnius on April 27 with Lithuanian Prime Minister Inga Ruginien\u0117 to discuss\" \/>\n<meta property=\"og:url\" content=\"https:\/\/pozirk.online\/en\/news\/185191\/\" \/>\n<meta property=\"og:site_name\" content=\"Pozirk\" \/>\n<meta property=\"article:publisher\" content=\"https:\/\/www.facebook.com\/pozirkonline\/\" \/>\n<meta property=\"article:modified_time\" content=\"2026-04-27T15:30:05+00:00\" \/>\n<meta property=\"og:image\" content=\"https:\/\/pozirk.online\/wp-content\/uploads\/2026\/04\/beliacki_ruginene_lrv_1128x752.jpg\" \/>\n\t<meta property=\"og:image:width\" content=\"1128\" \/>\n\t<meta property=\"og:image:height\" content=\"752\" \/>\n\t<meta property=\"og:image:type\" content=\"image\/jpeg\" \/>\n<meta name=\"twitter:card\" content=\"summary_large_image\" \/>\n<meta name=\"twitter:site\" content=\"@Pozirk_online\" \/>\n<meta name=\"twitter:label1\" content=\"Est. reading time\" \/>\n\t<meta name=\"twitter:data1\" content=\"3 minutes\" \/>\n<script type=\"application\/ld+json\" class=\"yoast-schema-graph\">{\"@context\":\"https:\/\/schema.org\",\"@graph\":[{\"@type\":\"NewsArticle\",\"@id\":\"https:\/\/pozirk.online\/en\/news\/185191\/#article\",\"isPartOf\":{\"@id\":\"https:\/\/pozirk.online\/en\/news\/185191\/\"},\"headline\":\"Bialacki meets with Lithuanian PM to discuss rights abuses in Belarus, accountability for \u0141uka\u0161enka regime\",\"datePublished\":\"2026-04-27T15:30:02+00:00\",\"dateModified\":\"2026-04-27T15:30:05+00:00\",\"mainEntityOfPage\":{\"@id\":\"https:\/\/pozirk.online\/en\/news\/185191\/\"},\"wordCount\":392,\"publisher\":{\"@id\":\"https:\/\/pozirk.online\/en\/#organization\"},\"image\":{\"@id\":\"https:\/\/pozirk.online\/en\/news\/185191\/#primaryimage\"},\"thumbnailUrl\":\"https:\/\/pozirk.online\/wp-content\/uploads\/2026\/04\/beliacki_ruginene_lrv_1128x752.jpg\",\"inLanguage\":\"en-US\"},{\"@type\":\"WebPage\",\"@id\":\"https:\/\/pozirk.online\/en\/news\/185191\/\",\"url\":\"https:\/\/pozirk.online\/en\/news\/185191\/\",\"name\":\"Bialacki meets with Lithuanian PM to discuss rights abuses in Belarus, accountability for \u0141uka\u0161enka regime | Pozirk\",\"isPartOf\":{\"@id\":\"https:\/\/pozirk.online\/en\/#website\"},\"primaryImageOfPage\":{\"@id\":\"https:\/\/pozirk.online\/en\/news\/185191\/#primaryimage\"},\"image\":{\"@id\":\"https:\/\/pozirk.online\/en\/news\/185191\/#primaryimage\"},\"thumbnailUrl\":\"https:\/\/pozirk.online\/wp-content\/uploads\/2026\/04\/beliacki_ruginene_lrv_1128x752.jpg\",\"datePublished\":\"2026-04-27T15:30:02+00:00\",\"dateModified\":\"2026-04-27T15:30:05+00:00\",\"description\":\"April 27, Pozirk. Nobel Peace Prize laureate Ale\u015b Bialacki had a meeting in Vilnius on April 27 with Lithuanian Prime Minister Inga Ruginien\u0117 to discuss\",\"breadcrumb\":{\"@id\":\"https:\/\/pozirk.online\/en\/news\/185191\/#breadcrumb\"},\"inLanguage\":\"en-US\",\"potentialAction\":[{\"@type\":\"ReadAction\",\"target\":[\"https:\/\/pozirk.online\/en\/news\/185191\/\"]}]},{\"@type\":\"ImageObject\",\"inLanguage\":\"en-US\",\"@id\":\"https:\/\/pozirk.online\/en\/news\/185191\/#primaryimage\",\"url\":\"https:\/\/pozirk.online\/wp-content\/uploads\/2026\/04\/beliacki_ruginene_lrv_1128x752.jpg\",\"contentUrl\":\"https:\/\/pozirk.online\/wp-content\/uploads\/2026\/04\/beliacki_ruginene_lrv_1128x752.jpg\",\"width\":1128,\"height\":752},{\"@type\":\"BreadcrumbList\",\"@id\":\"https:\/\/pozirk.online\/en\/news\/185191\/#breadcrumb\",\"itemListElement\":[{\"@type\":\"ListItem\",\"position\":1,\"name\":\"Home\",\"item\":\"https:\/\/pozirk.online\/en\/\"},{\"@type\":\"ListItem\",\"position\":2,\"name\":\"Bialacki meets with Lithuanian PM to discuss rights abuses in Belarus, accountability for \u0141uka\u0161enka regime\"}]},{\"@type\":\"WebSite\",\"@id\":\"https:\/\/pozirk.online\/en\/#website\",\"url\":\"https:\/\/pozirk.online\/en\/\",\"name\":\"Pozirk\",\"description\":\"\",\"publisher\":{\"@id\":\"https:\/\/pozirk.online\/en\/#organization\"},\"potentialAction\":[{\"@type\":\"SearchAction\",\"target\":{\"@type\":\"EntryPoint\",\"urlTemplate\":\"https:\/\/pozirk.online\/en\/?s={search_term_string}\"},\"query-input\":{\"@type\":\"PropertyValueSpecification\",\"valueRequired\":true,\"valueName\":\"search_term_string\"}}],\"inLanguage\":\"en-US\"},{\"@type\":\"Organization\",\"@id\":\"https:\/\/pozirk.online\/en\/#organization\",\"name\":\"Pozirk\",\"url\":\"https:\/\/pozirk.online\/en\/\",\"logo\":{\"@type\":\"ImageObject\",\"inLanguage\":\"en-US\",\"@id\":\"https:\/\/pozirk.online\/en\/#\/schema\/logo\/image\/\",\"url\":\"https:\/\/pozirk.online\/wp-content\/uploads\/2023\/11\/cropped-Logo_color_512.png\",\"contentUrl\":\"https:\/\/pozirk.online\/wp-content\/uploads\/2023\/11\/cropped-Logo_color_512.png\",\"width\":512,\"height\":512,\"caption\":\"Pozirk\"},\"image\":{\"@id\":\"https:\/\/pozirk.online\/en\/#\/schema\/logo\/image\/\"},\"sameAs\":[\"https:\/\/www.facebook.com\/pozirkonline\/\",\"https:\/\/x.com\/Pozirk_online\"]}]}<\/script>\n<!-- \/ Yoast SEO plugin. -->","yoast_head_json":{"title":"Bialacki meets with Lithuanian PM to discuss rights abuses in Belarus, accountability for \u0141uka\u0161enka regime | Pozirk","description":"April 27, Pozirk. Nobel Peace Prize laureate Ale\u015b Bialacki had a meeting in Vilnius on April 27 with Lithuanian Prime Minister Inga Ruginien\u0117 to discuss","robots":{"index":"index","follow":"follow","max-snippet":"max-snippet:-1","max-image-preview":"max-image-preview:large","max-video-preview":"max-video-preview:-1"},"canonical":"https:\/\/pozirk.online\/en\/news\/185191\/","og_locale":"en_US","og_type":"article","og_title":"Bialacki meets with Lithuanian PM to discuss rights abuses in Belarus, accountability for \u0141uka\u0161enka regime | Pozirk","og_description":"April 27, Pozirk. Nobel Peace Prize laureate Ale\u015b Bialacki had a meeting in Vilnius on April 27 with Lithuanian Prime Minister Inga Ruginien\u0117 to discuss","og_url":"https:\/\/pozirk.online\/en\/news\/185191\/","og_site_name":"Pozirk","article_publisher":"https:\/\/www.facebook.com\/pozirkonline\/","article_modified_time":"2026-04-27T15:30:05+00:00","og_image":[{"width":1128,"height":752,"url":"https:\/\/pozirk.online\/wp-content\/uploads\/2026\/04\/beliacki_ruginene_lrv_1128x752.jpg","type":"image\/jpeg"}],"twitter_card":"summary_large_image","twitter_site":"@Pozirk_online","twitter_misc":{"Est. reading time":"3 minutes"},"schema":{"@context":"https:\/\/schema.org","@graph":[{"@type":"NewsArticle","@id":"https:\/\/pozirk.online\/en\/news\/185191\/#article","isPartOf":{"@id":"https:\/\/pozirk.online\/en\/news\/185191\/"},"headline":"Bialacki meets with Lithuanian PM to discuss rights abuses in Belarus, accountability for \u0141uka\u0161enka regime","datePublished":"2026-04-27T15:30:02+00:00","dateModified":"2026-04-27T15:30:05+00:00","mainEntityOfPage":{"@id":"https:\/\/pozirk.online\/en\/news\/185191\/"},"wordCount":392,"publisher":{"@id":"https:\/\/pozirk.online\/en\/#organization"},"image":{"@id":"https:\/\/pozirk.online\/en\/news\/185191\/#primaryimage"},"thumbnailUrl":"https:\/\/pozirk.online\/wp-content\/uploads\/2026\/04\/beliacki_ruginene_lrv_1128x752.jpg","inLanguage":"en-US"},{"@type":"WebPage","@id":"https:\/\/pozirk.online\/en\/news\/185191\/","url":"https:\/\/pozirk.online\/en\/news\/185191\/","name":"Bialacki meets with Lithuanian PM to discuss rights abuses in Belarus, accountability for \u0141uka\u0161enka regime | Pozirk","isPartOf":{"@id":"https:\/\/pozirk.online\/en\/#website"},"primaryImageOfPage":{"@id":"https:\/\/pozirk.online\/en\/news\/185191\/#primaryimage"},"image":{"@id":"https:\/\/pozirk.online\/en\/news\/185191\/#primaryimage"},"thumbnailUrl":"https:\/\/pozirk.online\/wp-content\/uploads\/2026\/04\/beliacki_ruginene_lrv_1128x752.jpg","datePublished":"2026-04-27T15:30:02+00:00","dateModified":"2026-04-27T15:30:05+00:00","description":"April 27, Pozirk. Nobel Peace Prize laureate Ale\u015b Bialacki had a meeting in Vilnius on April 27 with Lithuanian Prime Minister Inga Ruginien\u0117 to discuss","breadcrumb":{"@id":"https:\/\/pozirk.online\/en\/news\/185191\/#breadcrumb"},"inLanguage":"en-US","potentialAction":[{"@type":"ReadAction","target":["https:\/\/pozirk.online\/en\/news\/185191\/"]}]},{"@type":"ImageObject","inLanguage":"en-US","@id":"https:\/\/pozirk.online\/en\/news\/185191\/#primaryimage","url":"https:\/\/pozirk.online\/wp-content\/uploads\/2026\/04\/beliacki_ruginene_lrv_1128x752.jpg","contentUrl":"https:\/\/pozirk.online\/wp-content\/uploads\/2026\/04\/beliacki_ruginene_lrv_1128x752.jpg","width":1128,"height":752},{"@type":"BreadcrumbList","@id":"https:\/\/pozirk.online\/en\/news\/185191\/#breadcrumb","itemListElement":[{"@type":"ListItem","position":1,"name":"Home","item":"https:\/\/pozirk.online\/en\/"},{"@type":"ListItem","position":2,"name":"Bialacki meets with Lithuanian PM to discuss rights abuses in Belarus, accountability for \u0141uka\u0161enka regime"}]},{"@type":"WebSite","@id":"https:\/\/pozirk.online\/en\/#website","url":"https:\/\/pozirk.online\/en\/","name":"Pozirk","description":"","publisher":{"@id":"https:\/\/pozirk.online\/en\/#organization"},"potentialAction":[{"@type":"SearchAction","target":{"@type":"EntryPoint","urlTemplate":"https:\/\/pozirk.online\/en\/?s={search_term_string}"},"query-input":{"@type":"PropertyValueSpecification","valueRequired":true,"valueName":"search_term_string"}}],"inLanguage":"en-US"},{"@type":"Organization","@id":"https:\/\/pozirk.online\/en\/#organization","name":"Pozirk","url":"https:\/\/pozirk.online\/en\/","logo":{"@type":"ImageObject","inLanguage":"en-US","@id":"https:\/\/pozirk.online\/en\/#\/schema\/logo\/image\/","url":"https:\/\/pozirk.online\/wp-content\/uploads\/2023\/11\/cropped-Logo_color_512.png","contentUrl":"https:\/\/pozirk.online\/wp-content\/uploads\/2023\/11\/cropped-Logo_color_512.png","width":512,"height":512,"caption":"Pozirk"},"image":{"@id":"https:\/\/pozirk.online\/en\/#\/schema\/logo\/image\/"},"sameAs":["https:\/\/www.facebook.com\/pozirkonline\/","https:\/\/x.com\/Pozirk_online"]}]}},"_links":{"self":[{"href":"https:\/\/pozirk.online\/en\/wp-json\/wp\/v2\/articles\/185191","targetHints":{"allow":["GET"]}}],"collection":[{"href":"https:\/\/pozirk.online\/en\/wp-json\/wp\/v2\/articles"}],"about":[{"href":"https:\/\/pozirk.online\/en\/wp-json\/wp\/v2\/types\/articles"}],"author":[{"embeddable":true,"href":"https:\/\/pozirk.online\/en\/wp-json\/wp\/v2\/users\/83"}],"wp:featuredmedia":[{"embeddable":true,"href":"https:\/\/pozirk.online\/en\/wp-json\/wp\/v2\/media\/185146"}],"wp:attachment":[{"href":"https:\/\/pozirk.online\/en\/wp-json\/wp\/v2\/media?parent=185191"}],"wp:term":[{"taxonomy":"rubric","embeddable":true,"href":"https:\/\/pozirk.online\/en\/wp-json\/wp\/v2\/rubric?post=185191"}],"curies":[{"name":"wp","href":"https:\/\/api.w.org\/{rel}","templated":true}]}}