{"id":184992,"date":"2026-04-26T12:32:13","date_gmt":"2026-04-26T09:32:13","guid":{"rendered":"https:\/\/pozirk.online\/en\/news\/184992\/"},"modified":"2026-04-26T12:32:15","modified_gmt":"2026-04-26T09:32:15","slug":"interior-ministry-adds-17-to-list-of-extremists","status":"publish","type":"articles","link":"https:\/\/pozirk.online\/en\/news\/184992\/","title":{"rendered":"Interior ministry adds 17 to list of extremists"},"content":{"rendered":"\n<p><strong>April 26, <em>Pozirk.<\/em> <\/strong>Belarus\u2019 interior ministry on April 25 added 17 people to its list of extremists \u2013 mostly outspoken critics of the government \u2013 taking the total to 6,543.<\/p>\n\n\n\n<p>The additions include three people listed by human rights organizations as political prisoners: U\u0142adzis\u0142a\u016d Makarevi\u010d, Volha Bu\u0142anava and doctor Rus\u0142an Badam\u0161yn.<\/p>\n\n\n\n<p>All those added have been convicted of extremism-related crimes.<\/p>\n\n\n\n<ul class=\"wp-block-list\">\n<li>Andrej Klim<\/li>\n\n\n\n<li>Jahor Kra\u016d\u010danka<\/li>\n\n\n\n<li>Stanis\u0142a\u016d Asip\u010duk<\/li>\n\n\n\n<li>D\u017amitryj Silin<\/li>\n\n\n\n<li>Natalla Pa\u016d\u0142ovi\u010d<\/li>\n\n\n\n<li>Ivan Skamaroch<\/li>\n\n\n\n<li>Ja\u016dhien Kastyka<\/li>\n\n\n\n<li>Alaksandar Babi\u010d<\/li>\n\n\n\n<li>Maksim Han\u010daro\u016d<\/li>\n\n\n\n<li>Alena Ar\u0161anskaja<\/li>\n\n\n\n<li>Dzianis Pilat<\/li>\n\n\n\n<li>Natalla U\u0142asava<\/li>\n\n\n\n<li>Alaksandar Pietra\u0161kievi\u010d<\/li>\n\n\n\n<li>Roman Sharkov<\/li>\n<\/ul>\n\n\n\n<div class=\"insert-block\">\n\n    <div class=\"insert-block__img\">\n        <img decoding=\"async\" width=\"354\" height=\"236\" src=\"https:\/\/pozirk.online\/wp-content\/uploads\/2024\/01\/pozirk_color_blank_1128x752-354x236.jpg\" class=\"attachment-medium size-medium\" alt=\"\" srcset=\"https:\/\/pozirk.online\/wp-content\/uploads\/2024\/01\/pozirk_color_blank_1128x752-354x236.jpg 354w, https:\/\/pozirk.online\/wp-content\/uploads\/2024\/01\/pozirk_color_blank_1128x752-734x490.jpg 734w, https:\/\/pozirk.online\/wp-content\/uploads\/2024\/01\/pozirk_color_blank_1128x752-178x118.jpg 178w, https:\/\/pozirk.online\/wp-content\/uploads\/2024\/01\/pozirk_color_blank_1128x752-768x512.jpg 768w, https:\/\/pozirk.online\/wp-content\/uploads\/2024\/01\/pozirk_color_blank_1128x752.jpg 1128w\" sizes=\"(max-width: 354px) 100vw, 354px\" \/>                        <label class=\"insert-block__tag--mobile\"> Politics<\/label>\n\n                <\/div>\n    <div class=\"insert-block__text\">\n                    <label class=\"insert-block__tag\">Politics<\/label>\n                <h3 class=\"insert-block__title\">Raids, arrests of cultural reported in Belarus<\/h3>\n        <div class=\"insert-block__descr\">April 25, Pozirk. Arrests of cultural figures and sweeping digital censorship were among new instances of political persecution reported in Belarus on April 23 and 24. Here\u2019s the recap of developments over these two days: Committee for State Security (KGB) &#8230;<\/div>\n        <a class=\"insert-block__btn-block\" href=\"\/en\/news\/184920\">\n            <button class=\"btn\">\n                <div class='btn__text'>Read<\/div>\n            <\/button>\n        <\/a>\n    <\/div>\n<\/div>","protected":false},"excerpt":{"rendered":"<p>April 26, Pozirk. Belarus\u2019 interior ministry on April 25 added 17 people to its list of extremists \u2013 mostly outspoken critics of the government \u2013 taking the total to 6,543. The additions include three people listed by human rights organizations as political prisoners: U\u0142adzis\u0142a\u016d Makarevi\u010d, Volha Bu\u0142anava and doctor Rus\u0142an Badam\u0161yn. All those added have [&hellip;]<\/p>\n","protected":false},"author":83,"featured_media":58193,"template":"","rubric":[16],"class_list":["post-184992","articles","type-articles","status-publish","has-post-thumbnail","hentry","rubric-politics"],"acf":[],"yoast_head":"<!-- This site is optimized with the Yoast SEO plugin v25.5 - https:\/\/yoast.com\/wordpress\/plugins\/seo\/ -->\n<title>Interior ministry adds 17 to list of extremists | Pozirk<\/title>\n<meta name=\"description\" content=\"April 26, Pozirk. Belarus\u2019 interior ministry on April 25 added 17 people to its list of extremists \u2013 mostly outspoken critics of the government \u2013 taking\" \/>\n<meta name=\"robots\" content=\"index, follow, max-snippet:-1, max-image-preview:large, max-video-preview:-1\" \/>\n<link rel=\"canonical\" href=\"https:\/\/pozirk.online\/en\/news\/184992\/\" \/>\n<meta property=\"og:locale\" content=\"en_US\" \/>\n<meta property=\"og:type\" content=\"article\" \/>\n<meta property=\"og:title\" content=\"Interior ministry adds 17 to list of extremists | Pozirk\" \/>\n<meta property=\"og:description\" content=\"April 26, Pozirk. Belarus\u2019 interior ministry on April 25 added 17 people to its list of extremists \u2013 mostly outspoken critics of the government \u2013 taking\" \/>\n<meta property=\"og:url\" content=\"https:\/\/pozirk.online\/en\/news\/184992\/\" \/>\n<meta property=\"og:site_name\" content=\"Pozirk\" \/>\n<meta property=\"article:publisher\" content=\"https:\/\/www.facebook.com\/pozirkonline\/\" \/>\n<meta property=\"article:modified_time\" content=\"2026-04-26T09:32:15+00:00\" \/>\n<meta property=\"og:image\" content=\"https:\/\/pozirk.online\/wp-content\/uploads\/2023\/12\/spisok_unsplash_ron_dyar_1128x752.jpg\" \/>\n\t<meta property=\"og:image:width\" content=\"1128\" \/>\n\t<meta property=\"og:image:height\" content=\"752\" \/>\n\t<meta property=\"og:image:type\" content=\"image\/jpeg\" \/>\n<meta name=\"twitter:card\" content=\"summary_large_image\" \/>\n<meta name=\"twitter:site\" content=\"@Pozirk_online\" \/>\n<meta name=\"twitter:label1\" content=\"Est. reading time\" \/>\n\t<meta name=\"twitter:data1\" content=\"1 minute\" \/>\n<script type=\"application\/ld+json\" class=\"yoast-schema-graph\">{\"@context\":\"https:\/\/schema.org\",\"@graph\":[{\"@type\":\"NewsArticle\",\"@id\":\"https:\/\/pozirk.online\/en\/news\/184992\/#article\",\"isPartOf\":{\"@id\":\"https:\/\/pozirk.online\/en\/news\/184992\/\"},\"headline\":\"Interior ministry adds 17 to list of extremists\",\"datePublished\":\"2026-04-26T09:32:13+00:00\",\"dateModified\":\"2026-04-26T09:32:15+00:00\",\"mainEntityOfPage\":{\"@id\":\"https:\/\/pozirk.online\/en\/news\/184992\/\"},\"wordCount\":104,\"publisher\":{\"@id\":\"https:\/\/pozirk.online\/en\/#organization\"},\"image\":{\"@id\":\"https:\/\/pozirk.online\/en\/news\/184992\/#primaryimage\"},\"thumbnailUrl\":\"https:\/\/pozirk.online\/wp-content\/uploads\/2023\/12\/spisok_unsplash_ron_dyar_1128x752.jpg\",\"inLanguage\":\"en-US\"},{\"@type\":\"WebPage\",\"@id\":\"https:\/\/pozirk.online\/en\/news\/184992\/\",\"url\":\"https:\/\/pozirk.online\/en\/news\/184992\/\",\"name\":\"Interior ministry adds 17 to list of extremists | Pozirk\",\"isPartOf\":{\"@id\":\"https:\/\/pozirk.online\/en\/#website\"},\"primaryImageOfPage\":{\"@id\":\"https:\/\/pozirk.online\/en\/news\/184992\/#primaryimage\"},\"image\":{\"@id\":\"https:\/\/pozirk.online\/en\/news\/184992\/#primaryimage\"},\"thumbnailUrl\":\"https:\/\/pozirk.online\/wp-content\/uploads\/2023\/12\/spisok_unsplash_ron_dyar_1128x752.jpg\",\"datePublished\":\"2026-04-26T09:32:13+00:00\",\"dateModified\":\"2026-04-26T09:32:15+00:00\",\"description\":\"April 26, Pozirk. Belarus\u2019 interior ministry on April 25 added 17 people to its list of extremists \u2013 mostly outspoken critics of the government \u2013 taking\",\"breadcrumb\":{\"@id\":\"https:\/\/pozirk.online\/en\/news\/184992\/#breadcrumb\"},\"inLanguage\":\"en-US\",\"potentialAction\":[{\"@type\":\"ReadAction\",\"target\":[\"https:\/\/pozirk.online\/en\/news\/184992\/\"]}]},{\"@type\":\"ImageObject\",\"inLanguage\":\"en-US\",\"@id\":\"https:\/\/pozirk.online\/en\/news\/184992\/#primaryimage\",\"url\":\"https:\/\/pozirk.online\/wp-content\/uploads\/2023\/12\/spisok_unsplash_ron_dyar_1128x752.jpg\",\"contentUrl\":\"https:\/\/pozirk.online\/wp-content\/uploads\/2023\/12\/spisok_unsplash_ron_dyar_1128x752.jpg\",\"width\":1128,\"height\":752},{\"@type\":\"BreadcrumbList\",\"@id\":\"https:\/\/pozirk.online\/en\/news\/184992\/#breadcrumb\",\"itemListElement\":[{\"@type\":\"ListItem\",\"position\":1,\"name\":\"Home\",\"item\":\"https:\/\/pozirk.online\/en\/\"},{\"@type\":\"ListItem\",\"position\":2,\"name\":\"Interior ministry adds 17 to list of extremists\"}]},{\"@type\":\"WebSite\",\"@id\":\"https:\/\/pozirk.online\/en\/#website\",\"url\":\"https:\/\/pozirk.online\/en\/\",\"name\":\"Pozirk\",\"description\":\"\",\"publisher\":{\"@id\":\"https:\/\/pozirk.online\/en\/#organization\"},\"potentialAction\":[{\"@type\":\"SearchAction\",\"target\":{\"@type\":\"EntryPoint\",\"urlTemplate\":\"https:\/\/pozirk.online\/en\/?s={search_term_string}\"},\"query-input\":{\"@type\":\"PropertyValueSpecification\",\"valueRequired\":true,\"valueName\":\"search_term_string\"}}],\"inLanguage\":\"en-US\"},{\"@type\":\"Organization\",\"@id\":\"https:\/\/pozirk.online\/en\/#organization\",\"name\":\"Pozirk\",\"url\":\"https:\/\/pozirk.online\/en\/\",\"logo\":{\"@type\":\"ImageObject\",\"inLanguage\":\"en-US\",\"@id\":\"https:\/\/pozirk.online\/en\/#\/schema\/logo\/image\/\",\"url\":\"https:\/\/pozirk.online\/wp-content\/uploads\/2023\/11\/cropped-Logo_color_512.png\",\"contentUrl\":\"https:\/\/pozirk.online\/wp-content\/uploads\/2023\/11\/cropped-Logo_color_512.png\",\"width\":512,\"height\":512,\"caption\":\"Pozirk\"},\"image\":{\"@id\":\"https:\/\/pozirk.online\/en\/#\/schema\/logo\/image\/\"},\"sameAs\":[\"https:\/\/www.facebook.com\/pozirkonline\/\",\"https:\/\/x.com\/Pozirk_online\"]}]}<\/script>\n<!-- \/ Yoast SEO plugin. -->","yoast_head_json":{"title":"Interior ministry adds 17 to list of extremists | Pozirk","description":"April 26, Pozirk. Belarus\u2019 interior ministry on April 25 added 17 people to its list of extremists \u2013 mostly outspoken critics of the government \u2013 taking","robots":{"index":"index","follow":"follow","max-snippet":"max-snippet:-1","max-image-preview":"max-image-preview:large","max-video-preview":"max-video-preview:-1"},"canonical":"https:\/\/pozirk.online\/en\/news\/184992\/","og_locale":"en_US","og_type":"article","og_title":"Interior ministry adds 17 to list of extremists | Pozirk","og_description":"April 26, Pozirk. Belarus\u2019 interior ministry on April 25 added 17 people to its list of extremists \u2013 mostly outspoken critics of the government \u2013 taking","og_url":"https:\/\/pozirk.online\/en\/news\/184992\/","og_site_name":"Pozirk","article_publisher":"https:\/\/www.facebook.com\/pozirkonline\/","article_modified_time":"2026-04-26T09:32:15+00:00","og_image":[{"width":1128,"height":752,"url":"https:\/\/pozirk.online\/wp-content\/uploads\/2023\/12\/spisok_unsplash_ron_dyar_1128x752.jpg","type":"image\/jpeg"}],"twitter_card":"summary_large_image","twitter_site":"@Pozirk_online","twitter_misc":{"Est. reading time":"1 minute"},"schema":{"@context":"https:\/\/schema.org","@graph":[{"@type":"NewsArticle","@id":"https:\/\/pozirk.online\/en\/news\/184992\/#article","isPartOf":{"@id":"https:\/\/pozirk.online\/en\/news\/184992\/"},"headline":"Interior ministry adds 17 to list of extremists","datePublished":"2026-04-26T09:32:13+00:00","dateModified":"2026-04-26T09:32:15+00:00","mainEntityOfPage":{"@id":"https:\/\/pozirk.online\/en\/news\/184992\/"},"wordCount":104,"publisher":{"@id":"https:\/\/pozirk.online\/en\/#organization"},"image":{"@id":"https:\/\/pozirk.online\/en\/news\/184992\/#primaryimage"},"thumbnailUrl":"https:\/\/pozirk.online\/wp-content\/uploads\/2023\/12\/spisok_unsplash_ron_dyar_1128x752.jpg","inLanguage":"en-US"},{"@type":"WebPage","@id":"https:\/\/pozirk.online\/en\/news\/184992\/","url":"https:\/\/pozirk.online\/en\/news\/184992\/","name":"Interior ministry adds 17 to list of extremists | Pozirk","isPartOf":{"@id":"https:\/\/pozirk.online\/en\/#website"},"primaryImageOfPage":{"@id":"https:\/\/pozirk.online\/en\/news\/184992\/#primaryimage"},"image":{"@id":"https:\/\/pozirk.online\/en\/news\/184992\/#primaryimage"},"thumbnailUrl":"https:\/\/pozirk.online\/wp-content\/uploads\/2023\/12\/spisok_unsplash_ron_dyar_1128x752.jpg","datePublished":"2026-04-26T09:32:13+00:00","dateModified":"2026-04-26T09:32:15+00:00","description":"April 26, Pozirk. Belarus\u2019 interior ministry on April 25 added 17 people to its list of extremists \u2013 mostly outspoken critics of the government \u2013 taking","breadcrumb":{"@id":"https:\/\/pozirk.online\/en\/news\/184992\/#breadcrumb"},"inLanguage":"en-US","potentialAction":[{"@type":"ReadAction","target":["https:\/\/pozirk.online\/en\/news\/184992\/"]}]},{"@type":"ImageObject","inLanguage":"en-US","@id":"https:\/\/pozirk.online\/en\/news\/184992\/#primaryimage","url":"https:\/\/pozirk.online\/wp-content\/uploads\/2023\/12\/spisok_unsplash_ron_dyar_1128x752.jpg","contentUrl":"https:\/\/pozirk.online\/wp-content\/uploads\/2023\/12\/spisok_unsplash_ron_dyar_1128x752.jpg","width":1128,"height":752},{"@type":"BreadcrumbList","@id":"https:\/\/pozirk.online\/en\/news\/184992\/#breadcrumb","itemListElement":[{"@type":"ListItem","position":1,"name":"Home","item":"https:\/\/pozirk.online\/en\/"},{"@type":"ListItem","position":2,"name":"Interior ministry adds 17 to list of extremists"}]},{"@type":"WebSite","@id":"https:\/\/pozirk.online\/en\/#website","url":"https:\/\/pozirk.online\/en\/","name":"Pozirk","description":"","publisher":{"@id":"https:\/\/pozirk.online\/en\/#organization"},"potentialAction":[{"@type":"SearchAction","target":{"@type":"EntryPoint","urlTemplate":"https:\/\/pozirk.online\/en\/?s={search_term_string}"},"query-input":{"@type":"PropertyValueSpecification","valueRequired":true,"valueName":"search_term_string"}}],"inLanguage":"en-US"},{"@type":"Organization","@id":"https:\/\/pozirk.online\/en\/#organization","name":"Pozirk","url":"https:\/\/pozirk.online\/en\/","logo":{"@type":"ImageObject","inLanguage":"en-US","@id":"https:\/\/pozirk.online\/en\/#\/schema\/logo\/image\/","url":"https:\/\/pozirk.online\/wp-content\/uploads\/2023\/11\/cropped-Logo_color_512.png","contentUrl":"https:\/\/pozirk.online\/wp-content\/uploads\/2023\/11\/cropped-Logo_color_512.png","width":512,"height":512,"caption":"Pozirk"},"image":{"@id":"https:\/\/pozirk.online\/en\/#\/schema\/logo\/image\/"},"sameAs":["https:\/\/www.facebook.com\/pozirkonline\/","https:\/\/x.com\/Pozirk_online"]}]}},"_links":{"self":[{"href":"https:\/\/pozirk.online\/en\/wp-json\/wp\/v2\/articles\/184992","targetHints":{"allow":["GET"]}}],"collection":[{"href":"https:\/\/pozirk.online\/en\/wp-json\/wp\/v2\/articles"}],"about":[{"href":"https:\/\/pozirk.online\/en\/wp-json\/wp\/v2\/types\/articles"}],"author":[{"embeddable":true,"href":"https:\/\/pozirk.online\/en\/wp-json\/wp\/v2\/users\/83"}],"wp:featuredmedia":[{"embeddable":true,"href":"https:\/\/pozirk.online\/en\/wp-json\/wp\/v2\/media\/58193"}],"wp:attachment":[{"href":"https:\/\/pozirk.online\/en\/wp-json\/wp\/v2\/media?parent=184992"}],"wp:term":[{"taxonomy":"rubric","embeddable":true,"href":"https:\/\/pozirk.online\/en\/wp-json\/wp\/v2\/rubric?post=184992"}],"curies":[{"name":"wp","href":"https:\/\/api.w.org\/{rel}","templated":true}]}}