{"id":155215,"date":"2025-09-12T17:28:23","date_gmt":"2025-09-12T14:28:23","guid":{"rendered":"https:\/\/pozirk.online\/en\/news\/155215\/"},"modified":"2026-03-09T20:10:49","modified_gmt":"2026-03-09T20:10:49","slug":"released-activist-describes-medieval-conditions-in-belarusian-prisons","status":"publish","type":"articles","link":"https:\/\/pozirk.online\/en\/news\/155215\/","title":{"rendered":"Released activist describes \u201cmedieval\u201d conditions in Belarusian prisons"},"content":{"rendered":"\n<figure class=\"block-image block-image-normal\">\n\n  <img decoding=\"async\" width=\"1128\" height=\"752\" src=\"https:\/\/pozirk.online\/wp-content\/uploads\/2025\/09\/dedok_1128x752.jpg\" class=\"attachment-full size-full\" alt=\"\" srcset=\"https:\/\/pozirk.online\/wp-content\/uploads\/2025\/09\/dedok_1128x752.jpg 1128w, https:\/\/pozirk.online\/wp-content\/uploads\/2025\/09\/dedok_1128x752-354x236.jpg 354w, https:\/\/pozirk.online\/wp-content\/uploads\/2025\/09\/dedok_1128x752-734x490.jpg 734w, https:\/\/pozirk.online\/wp-content\/uploads\/2025\/09\/dedok_1128x752-178x118.jpg 178w, https:\/\/pozirk.online\/wp-content\/uploads\/2025\/09\/dedok_1128x752-768x512.jpg 768w\" sizes=\"(max-width: 1128px) 100vw, 1128px\" \/>\n  <figcaption>\n      <div class=\"block-image__descr\">\n\n        Dziadok speaking\n    <\/div>\n  \n       <div class=\"block-image__author\">\n                <span>Pozirk<\/span>\n    <\/div>\n     <\/figcaption>\n<\/figure>\n\n\n\n<p><strong>September 12, <em>Pozirk.<\/em><\/strong> Activists and journalists who were released yesterday from Belarusian prisons and deported to Lithuania held a news conference in Vilnius to share their experiences.<\/p>\n\n\n\n<p>Opposition activist Miko\u0142a Dziadok said he was shocked by the scale of repression both in prisons and across Belarus.<\/p>\n\n\n\n<blockquote class=\"wp-block-quote is-layout-flow wp-block-quote-is-layout-flow\">\n<p class=\"has-text-align-left\">\u201cThe world at large simply does not yet understand the scale of what is happening in Belarus\u2014the human rights violations, the abuse and the violence of all kinds: psychological, physical and sexual,\u201d he said.<\/p>\n<\/blockquote>\n\n\n\n<p>Dziadok described the inhumane conditions of his detention:<\/p>\n\n\n\n<blockquote class=\"wp-block-quote is-layout-flow wp-block-quote-is-layout-flow\">\n<p class=\"has-text-align-left\">\u201cOut of almost five years, I spent a year in a punishment cell. If people from the civilized world saw what that cell was like, they would think they were in the Middle Ages.\u201d<\/p>\n<\/blockquote>\n\n\n\n<p>He continued:<\/p>\n\n\n\n<blockquote class=\"wp-block-quote is-layout-flow wp-block-quote-is-layout-flow\">\n<p class=\"has-text-align-left\">\u201cI was in solitary confinement. At night, I would wake up to the voices of grown men howling and calling for their mothers. They suffered terribly; people couldn\u2019t sleep because of the cold. I saw men go insane before my eyes\u2014not metaphorically, but literally. They started hearing voices. No one beat them. Some think torture is only about racks and pincers. Not necessarily. I saw how a person can be driven to madness or death simply by being kept in solitary confinement. The administration manipulates your most basic needs. You will either lose your mind or die\u2014it is only a matter of time. I saw it happen.\u201d<\/p>\n<\/blockquote>\n\n\n\n<p>He also emphasized that repression in Belarus goes far beyond prison walls:<\/p>\n\n\n\n<blockquote class=\"wp-block-quote is-layout-flow wp-block-quote-is-layout-flow\">\n<p class=\"has-text-align-left\">\u201cUnfortunately, Belarus is ruled by terror, and human life does not matter. Nonviolent resistance, as in the times of Mahatma Gandhi or Nelson Mandela, does not work under today\u2019s cannibalistic regime. People are simply exterminated. No one knows the statistics on suicides in our prisons. No one knows the statistics on mental illness. Terrible things are happening.\u201d<\/p>\n<\/blockquote>\n\n\n\n<p>Dziadok had been in captivity since November 2020, following his arrest on charges widely regarded as politically motivated.<\/p>\n\n\n\n<div class=\"insert-block\">\n\n    <div class=\"insert-block__img\">\n        <img decoding=\"async\" width=\"300\" height=\"200\" src=\"https:\/\/pozirk.online\/wp-content\/uploads\/2023\/11\/Pasport_Bel_Pozirk_1440-0349-300x200.jpg\" class=\"attachment-medium size-medium\" alt=\"\" srcset=\"https:\/\/pozirk.online\/wp-content\/uploads\/2023\/11\/Pasport_Bel_Pozirk_1440-0349-300x200.jpg 300w, https:\/\/pozirk.online\/wp-content\/uploads\/2023\/11\/Pasport_Bel_Pozirk_1440-0349-1024x681.jpg 1024w, https:\/\/pozirk.online\/wp-content\/uploads\/2023\/11\/Pasport_Bel_Pozirk_1440-0349-768x511.jpg 768w, https:\/\/pozirk.online\/wp-content\/uploads\/2023\/11\/Pasport_Bel_Pozirk_1440-0349.jpg 1440w\" sizes=\"(max-width: 300px) 100vw, 300px\" \/>                        <label class=\"insert-block__tag--mobile\"> Politics<\/label>\n\n                <\/div>\n    <div class=\"insert-block__text\">\n                    <label class=\"insert-block__tag\">Politics<\/label>\n                <h3 class=\"insert-block__title\">Minsk violates international law by deporting pardoned dissidents \u2013 lawyer<\/h3>\n        <div class=\"insert-block__descr\">September 12, Pozirk. The forced deportation of pardoned regime critics without IDs violates basic human rights and international law, lawyer Leanid Maroza\u016d, an aide to Belarusian opposition leader \u015aviat\u0142ana Cichano\u016dskaja, said today. \u00a0 He made this remark after more than &#8230;<\/div>\n        <a class=\"insert-block__btn-block\" href=\"\/en\/news\/155147\">\n            <button class=\"btn\">\n                <div class='btn__text'>Read<\/div>\n            <\/button>\n        <\/a>\n    <\/div>\n<\/div>","protected":false},"excerpt":{"rendered":"<p>September 12, Pozirk. Activists and journalists who were released yesterday from Belarusian prisons and deported to Lithuania held a news conference in Vilnius to share their experiences. Opposition activist Miko\u0142a Dziadok said he was shocked by the scale of repression both in prisons and across Belarus. \u201cThe world at large simply does not yet understand [&hellip;]<\/p>\n","protected":false},"author":83,"featured_media":155186,"template":"","rubric":[15],"class_list":["post-155215","articles","type-articles","status-publish","has-post-thumbnail","hentry","rubric-society"],"acf":[],"yoast_head":"<!-- This site is optimized with the Yoast SEO plugin v25.5 - https:\/\/yoast.com\/wordpress\/plugins\/seo\/ -->\n<title>Released activist describes \u201cmedieval\u201d conditions in Belarusian prisons | Pozirk<\/title>\n<meta name=\"description\" content=\"September 12, Pozirk. Activists and journalists who were released yesterday from Belarusian prisons and deported to Lithuania held a news conference in\" \/>\n<meta name=\"robots\" content=\"index, follow, max-snippet:-1, max-image-preview:large, max-video-preview:-1\" \/>\n<link rel=\"canonical\" href=\"https:\/\/pozirk.online\/en\/news\/155215\/\" \/>\n<meta property=\"og:locale\" content=\"en_US\" \/>\n<meta property=\"og:type\" content=\"article\" \/>\n<meta property=\"og:title\" content=\"Released activist describes \u201cmedieval\u201d conditions in Belarusian prisons | Pozirk\" \/>\n<meta property=\"og:description\" content=\"September 12, Pozirk. Activists and journalists who were released yesterday from Belarusian prisons and deported to Lithuania held a news conference in\" \/>\n<meta property=\"og:url\" content=\"https:\/\/pozirk.online\/en\/news\/155215\/\" \/>\n<meta property=\"og:site_name\" content=\"Pozirk\" \/>\n<meta property=\"article:publisher\" content=\"https:\/\/www.facebook.com\/pozirkonline\/\" \/>\n<meta property=\"article:modified_time\" content=\"2026-03-09T20:10:49+00:00\" \/>\n<meta property=\"og:image\" content=\"https:\/\/pozirk.online\/wp-content\/uploads\/2025\/09\/dedok_1128x752.jpg\" \/>\n\t<meta property=\"og:image:width\" content=\"1128\" \/>\n\t<meta property=\"og:image:height\" content=\"752\" \/>\n\t<meta property=\"og:image:type\" content=\"image\/jpeg\" \/>\n<meta name=\"twitter:card\" content=\"summary_large_image\" \/>\n<meta name=\"twitter:site\" content=\"@Pozirk_online\" \/>\n<meta name=\"twitter:label1\" content=\"Est. reading time\" \/>\n\t<meta name=\"twitter:data1\" content=\"1 minute\" \/>\n<script type=\"application\/ld+json\" class=\"yoast-schema-graph\">{\"@context\":\"https:\/\/schema.org\",\"@graph\":[{\"@type\":\"NewsArticle\",\"@id\":\"https:\/\/pozirk.online\/en\/news\/155215\/#article\",\"isPartOf\":{\"@id\":\"https:\/\/pozirk.online\/en\/news\/155215\/\"},\"headline\":\"Released activist describes \u201cmedieval\u201d conditions in Belarusian prisons\",\"datePublished\":\"2025-09-12T14:28:23+00:00\",\"dateModified\":\"2026-03-09T20:10:49+00:00\",\"mainEntityOfPage\":{\"@id\":\"https:\/\/pozirk.online\/en\/news\/155215\/\"},\"wordCount\":330,\"publisher\":{\"@id\":\"https:\/\/pozirk.online\/en\/#organization\"},\"image\":{\"@id\":\"https:\/\/pozirk.online\/en\/news\/155215\/#primaryimage\"},\"thumbnailUrl\":\"https:\/\/pozirk.online\/wp-content\/uploads\/2025\/09\/dedok_1128x752.jpg\",\"inLanguage\":\"en-US\"},{\"@type\":\"WebPage\",\"@id\":\"https:\/\/pozirk.online\/en\/news\/155215\/\",\"url\":\"https:\/\/pozirk.online\/en\/news\/155215\/\",\"name\":\"Released activist describes \u201cmedieval\u201d conditions in Belarusian prisons | Pozirk\",\"isPartOf\":{\"@id\":\"https:\/\/pozirk.online\/en\/#website\"},\"primaryImageOfPage\":{\"@id\":\"https:\/\/pozirk.online\/en\/news\/155215\/#primaryimage\"},\"image\":{\"@id\":\"https:\/\/pozirk.online\/en\/news\/155215\/#primaryimage\"},\"thumbnailUrl\":\"https:\/\/pozirk.online\/wp-content\/uploads\/2025\/09\/dedok_1128x752.jpg\",\"datePublished\":\"2025-09-12T14:28:23+00:00\",\"dateModified\":\"2026-03-09T20:10:49+00:00\",\"description\":\"September 12, Pozirk. Activists and journalists who were released yesterday from Belarusian prisons and deported to Lithuania held a news conference in\",\"breadcrumb\":{\"@id\":\"https:\/\/pozirk.online\/en\/news\/155215\/#breadcrumb\"},\"inLanguage\":\"en-US\",\"potentialAction\":[{\"@type\":\"ReadAction\",\"target\":[\"https:\/\/pozirk.online\/en\/news\/155215\/\"]}]},{\"@type\":\"ImageObject\",\"inLanguage\":\"en-US\",\"@id\":\"https:\/\/pozirk.online\/en\/news\/155215\/#primaryimage\",\"url\":\"https:\/\/pozirk.online\/wp-content\/uploads\/2025\/09\/dedok_1128x752.jpg\",\"contentUrl\":\"https:\/\/pozirk.online\/wp-content\/uploads\/2025\/09\/dedok_1128x752.jpg\",\"width\":1128,\"height\":752},{\"@type\":\"BreadcrumbList\",\"@id\":\"https:\/\/pozirk.online\/en\/news\/155215\/#breadcrumb\",\"itemListElement\":[{\"@type\":\"ListItem\",\"position\":1,\"name\":\"Home\",\"item\":\"https:\/\/pozirk.online\/en\/\"},{\"@type\":\"ListItem\",\"position\":2,\"name\":\"Released activist describes \u201cmedieval\u201d conditions in Belarusian prisons\"}]},{\"@type\":\"WebSite\",\"@id\":\"https:\/\/pozirk.online\/en\/#website\",\"url\":\"https:\/\/pozirk.online\/en\/\",\"name\":\"Pozirk\",\"description\":\"\",\"publisher\":{\"@id\":\"https:\/\/pozirk.online\/en\/#organization\"},\"potentialAction\":[{\"@type\":\"SearchAction\",\"target\":{\"@type\":\"EntryPoint\",\"urlTemplate\":\"https:\/\/pozirk.online\/en\/?s={search_term_string}\"},\"query-input\":{\"@type\":\"PropertyValueSpecification\",\"valueRequired\":true,\"valueName\":\"search_term_string\"}}],\"inLanguage\":\"en-US\"},{\"@type\":\"Organization\",\"@id\":\"https:\/\/pozirk.online\/en\/#organization\",\"name\":\"Pozirk\",\"url\":\"https:\/\/pozirk.online\/en\/\",\"logo\":{\"@type\":\"ImageObject\",\"inLanguage\":\"en-US\",\"@id\":\"https:\/\/pozirk.online\/en\/#\/schema\/logo\/image\/\",\"url\":\"https:\/\/pozirk.online\/wp-content\/uploads\/2023\/11\/cropped-Logo_color_512.png\",\"contentUrl\":\"https:\/\/pozirk.online\/wp-content\/uploads\/2023\/11\/cropped-Logo_color_512.png\",\"width\":512,\"height\":512,\"caption\":\"Pozirk\"},\"image\":{\"@id\":\"https:\/\/pozirk.online\/en\/#\/schema\/logo\/image\/\"},\"sameAs\":[\"https:\/\/www.facebook.com\/pozirkonline\/\",\"https:\/\/x.com\/Pozirk_online\"]}]}<\/script>\n<!-- \/ Yoast SEO plugin. -->","yoast_head_json":{"title":"Released activist describes \u201cmedieval\u201d conditions in Belarusian prisons | Pozirk","description":"September 12, Pozirk. Activists and journalists who were released yesterday from Belarusian prisons and deported to Lithuania held a news conference in","robots":{"index":"index","follow":"follow","max-snippet":"max-snippet:-1","max-image-preview":"max-image-preview:large","max-video-preview":"max-video-preview:-1"},"canonical":"https:\/\/pozirk.online\/en\/news\/155215\/","og_locale":"en_US","og_type":"article","og_title":"Released activist describes \u201cmedieval\u201d conditions in Belarusian prisons | Pozirk","og_description":"September 12, Pozirk. Activists and journalists who were released yesterday from Belarusian prisons and deported to Lithuania held a news conference in","og_url":"https:\/\/pozirk.online\/en\/news\/155215\/","og_site_name":"Pozirk","article_publisher":"https:\/\/www.facebook.com\/pozirkonline\/","article_modified_time":"2026-03-09T20:10:49+00:00","og_image":[{"width":1128,"height":752,"url":"https:\/\/pozirk.online\/wp-content\/uploads\/2025\/09\/dedok_1128x752.jpg","type":"image\/jpeg"}],"twitter_card":"summary_large_image","twitter_site":"@Pozirk_online","twitter_misc":{"Est. reading time":"1 minute"},"schema":{"@context":"https:\/\/schema.org","@graph":[{"@type":"NewsArticle","@id":"https:\/\/pozirk.online\/en\/news\/155215\/#article","isPartOf":{"@id":"https:\/\/pozirk.online\/en\/news\/155215\/"},"headline":"Released activist describes \u201cmedieval\u201d conditions in Belarusian prisons","datePublished":"2025-09-12T14:28:23+00:00","dateModified":"2026-03-09T20:10:49+00:00","mainEntityOfPage":{"@id":"https:\/\/pozirk.online\/en\/news\/155215\/"},"wordCount":330,"publisher":{"@id":"https:\/\/pozirk.online\/en\/#organization"},"image":{"@id":"https:\/\/pozirk.online\/en\/news\/155215\/#primaryimage"},"thumbnailUrl":"https:\/\/pozirk.online\/wp-content\/uploads\/2025\/09\/dedok_1128x752.jpg","inLanguage":"en-US"},{"@type":"WebPage","@id":"https:\/\/pozirk.online\/en\/news\/155215\/","url":"https:\/\/pozirk.online\/en\/news\/155215\/","name":"Released activist describes \u201cmedieval\u201d conditions in Belarusian prisons | Pozirk","isPartOf":{"@id":"https:\/\/pozirk.online\/en\/#website"},"primaryImageOfPage":{"@id":"https:\/\/pozirk.online\/en\/news\/155215\/#primaryimage"},"image":{"@id":"https:\/\/pozirk.online\/en\/news\/155215\/#primaryimage"},"thumbnailUrl":"https:\/\/pozirk.online\/wp-content\/uploads\/2025\/09\/dedok_1128x752.jpg","datePublished":"2025-09-12T14:28:23+00:00","dateModified":"2026-03-09T20:10:49+00:00","description":"September 12, Pozirk. Activists and journalists who were released yesterday from Belarusian prisons and deported to Lithuania held a news conference in","breadcrumb":{"@id":"https:\/\/pozirk.online\/en\/news\/155215\/#breadcrumb"},"inLanguage":"en-US","potentialAction":[{"@type":"ReadAction","target":["https:\/\/pozirk.online\/en\/news\/155215\/"]}]},{"@type":"ImageObject","inLanguage":"en-US","@id":"https:\/\/pozirk.online\/en\/news\/155215\/#primaryimage","url":"https:\/\/pozirk.online\/wp-content\/uploads\/2025\/09\/dedok_1128x752.jpg","contentUrl":"https:\/\/pozirk.online\/wp-content\/uploads\/2025\/09\/dedok_1128x752.jpg","width":1128,"height":752},{"@type":"BreadcrumbList","@id":"https:\/\/pozirk.online\/en\/news\/155215\/#breadcrumb","itemListElement":[{"@type":"ListItem","position":1,"name":"Home","item":"https:\/\/pozirk.online\/en\/"},{"@type":"ListItem","position":2,"name":"Released activist describes \u201cmedieval\u201d conditions in Belarusian prisons"}]},{"@type":"WebSite","@id":"https:\/\/pozirk.online\/en\/#website","url":"https:\/\/pozirk.online\/en\/","name":"Pozirk","description":"","publisher":{"@id":"https:\/\/pozirk.online\/en\/#organization"},"potentialAction":[{"@type":"SearchAction","target":{"@type":"EntryPoint","urlTemplate":"https:\/\/pozirk.online\/en\/?s={search_term_string}"},"query-input":{"@type":"PropertyValueSpecification","valueRequired":true,"valueName":"search_term_string"}}],"inLanguage":"en-US"},{"@type":"Organization","@id":"https:\/\/pozirk.online\/en\/#organization","name":"Pozirk","url":"https:\/\/pozirk.online\/en\/","logo":{"@type":"ImageObject","inLanguage":"en-US","@id":"https:\/\/pozirk.online\/en\/#\/schema\/logo\/image\/","url":"https:\/\/pozirk.online\/wp-content\/uploads\/2023\/11\/cropped-Logo_color_512.png","contentUrl":"https:\/\/pozirk.online\/wp-content\/uploads\/2023\/11\/cropped-Logo_color_512.png","width":512,"height":512,"caption":"Pozirk"},"image":{"@id":"https:\/\/pozirk.online\/en\/#\/schema\/logo\/image\/"},"sameAs":["https:\/\/www.facebook.com\/pozirkonline\/","https:\/\/x.com\/Pozirk_online"]}]}},"_links":{"self":[{"href":"https:\/\/pozirk.online\/en\/wp-json\/wp\/v2\/articles\/155215","targetHints":{"allow":["GET"]}}],"collection":[{"href":"https:\/\/pozirk.online\/en\/wp-json\/wp\/v2\/articles"}],"about":[{"href":"https:\/\/pozirk.online\/en\/wp-json\/wp\/v2\/types\/articles"}],"author":[{"embeddable":true,"href":"https:\/\/pozirk.online\/en\/wp-json\/wp\/v2\/users\/83"}],"wp:featuredmedia":[{"embeddable":true,"href":"https:\/\/pozirk.online\/en\/wp-json\/wp\/v2\/media\/155186"}],"wp:attachment":[{"href":"https:\/\/pozirk.online\/en\/wp-json\/wp\/v2\/media?parent=155215"}],"wp:term":[{"taxonomy":"rubric","embeddable":true,"href":"https:\/\/pozirk.online\/en\/wp-json\/wp\/v2\/rubric?post=155215"}],"curies":[{"name":"wp","href":"https:\/\/api.w.org\/{rel}","templated":true}]}}