{"id":147097,"date":"2025-07-16T20:19:47","date_gmt":"2025-07-16T17:19:47","guid":{"rendered":"https:\/\/pozirk.online\/en\/news\/147097\/"},"modified":"2026-02-24T20:40:57","modified_gmt":"2026-02-24T20:40:57","slug":"kgb-brands-belarusians-estonian-as-terrorists","status":"publish","type":"articles","link":"https:\/\/pozirk.online\/en\/news\/147097\/","title":{"rendered":"KGB brands Belarusians, Estonian as terrorists"},"content":{"rendered":"\n<p><strong>July 16, <em>Pozirk.<\/em><\/strong> The Committee for State Security (KGB) has included 14 Belarusians and one Estonian in its \u201cterrorist list,\u201d according the agency\u2019s Telegram channel.<\/p>\n\n\n\n<p>The charges brought against them ranged from inciting hatred to terrorism.<\/p>\n\n\n\n<p>Here are their names:<\/p>\n\n\n\n<ul class=\"wp-block-list\">\n<li>Alaksandar Ma\u0161uko\u016d<\/li>\n<\/ul>\n\n\n\n<ul class=\"wp-block-list\">\n<li>Ja\u016dhieni \u0160lachcionak<\/li>\n<\/ul>\n\n\n\n<ul class=\"wp-block-list\">\n<li>D\u017amitry \u010cys\u0142a\u016d<\/li>\n<\/ul>\n\n\n\n<ul class=\"wp-block-list\">\n<li>Volha Kapuza<\/li>\n<\/ul>\n\n\n\n<ul class=\"wp-block-list\">\n<li>D\u017amitry Kapuza<\/li>\n<\/ul>\n\n\n\n<ul class=\"wp-block-list\">\n<li>U\u0142adzimir Kapuza<\/li>\n<\/ul>\n\n\n\n<ul class=\"wp-block-list\">\n<li>Vadzim Dzienisievi\u010d<\/li>\n<\/ul>\n\n\n\n<ul class=\"wp-block-list\">\n<li>Dzianis Raman\u010duk<\/li>\n<\/ul>\n\n\n\n<ul class=\"wp-block-list\">\n<li>Ja\u016dhieni Saroka<\/li>\n<\/ul>\n\n\n\n<ul class=\"wp-block-list\">\n<li>Ivan Ka\u010dana\u016d<\/li>\n<\/ul>\n\n\n\n<ul class=\"wp-block-list\">\n<li>Allan Roio (Estonian national, released on June 21 after a meeting in Minsk between Alaksandar \u0141uka\u0161enka and Keith Kellogg, US President Donald Trump\u2019s special envoy for Ukraine)<\/li>\n<\/ul>\n\n\n\n<ul class=\"wp-block-list\">\n<li>Alaksandar Syryca<\/li>\n<\/ul>\n\n\n\n<ul class=\"wp-block-list\">\n<li>Valancina Ko\u016dziel<\/li>\n<\/ul>\n\n\n\n<ul class=\"wp-block-list\">\n<li>D\u017amitry \u0160achno\u016d<\/li>\n<\/ul>\n\n\n\n<ul class=\"wp-block-list\">\n<li>Vadzim \u017duko\u016dski<\/li>\n<\/ul>\n\n\n\n<p>The \u201cterrorist list\u201d names a total of 1,318 people, including 624 Belarusian nationals. Prisoners declared terrorists are prohibited from receiving money transfers.<\/p>\n\n\n\n<div class=\"insert-block\">\n\n    <div class=\"insert-block__img\">\n        <img decoding=\"async\" width=\"354\" height=\"236\" src=\"https:\/\/pozirk.online\/wp-content\/uploads\/2025\/04\/dedok_tg_1128x752-354x236.jpg\" class=\"attachment-medium size-medium\" alt=\"\" srcset=\"https:\/\/pozirk.online\/wp-content\/uploads\/2025\/04\/dedok_tg_1128x752-354x236.jpg 354w, https:\/\/pozirk.online\/wp-content\/uploads\/2025\/04\/dedok_tg_1128x752-734x490.jpg 734w, https:\/\/pozirk.online\/wp-content\/uploads\/2025\/04\/dedok_tg_1128x752-178x118.jpg 178w, https:\/\/pozirk.online\/wp-content\/uploads\/2025\/04\/dedok_tg_1128x752-768x512.jpg 768w, https:\/\/pozirk.online\/wp-content\/uploads\/2025\/04\/dedok_tg_1128x752.jpg 1128w\" sizes=\"(max-width: 354px) 100vw, 354px\" \/>                        <label class=\"insert-block__tag--mobile\"> \u041f\u043e\u043b\u0438\u0442\u0438\u043a\u0430<\/label>\n\n                <\/div>\n    <div class=\"insert-block__text\">\n                    <label class=\"insert-block__tag\">\u041f\u043e\u043b\u0438\u0442\u0438\u043a\u0430<\/label>\n                <h3 class=\"insert-block__title\">Initiative linked to jailed politician Dziadok branded extremist group<\/h3>\n        <div class=\"insert-block__descr\">July 16, Pozirk. Pro-government Telegram channels have announced extremist group designation for the Autonomous Action initiative with alleged links to jailed anarchist activists Mika\u0142aj Dziadok and Alaksandar Franckievi\u010d. The interior ministry has not yet updated its online register of extremist &#8230;<\/div>\n        <a class=\"insert-block__btn-block\" href=\"\/en\/news\/147032\">\n            <button class=\"btn\">\n                <div class='btn__text'>Read the article<\/div>\n            <\/button>\n        <\/a>\n    <\/div>\n<\/div>","protected":false},"excerpt":{"rendered":"<p>July 16, Pozirk. The Committee for State Security (KGB) has included 14 Belarusians and one Estonian in its \u201cterrorist list,\u201d according the agency\u2019s Telegram channel. The charges brought against them ranged from inciting hatred to terrorism. Here are their names: The \u201cterrorist list\u201d names a total of 1,318 people, including 624 Belarusian nationals. Prisoners declared [&hellip;]<\/p>\n","protected":false},"author":75,"featured_media":126443,"template":"","rubric":[14],"class_list":["post-147097","articles","type-articles","status-publish","has-post-thumbnail","hentry","rubric-politics"],"acf":[],"yoast_head":"<!-- This site is optimized with the Yoast SEO plugin v25.5 - https:\/\/yoast.com\/wordpress\/plugins\/seo\/ -->\n<title>KGB brands Belarusians, Estonian as terrorists | Pozirk<\/title>\n<meta name=\"description\" content=\"July 16, Pozirk. The Committee for State Security (KGB) has included 14 Belarusians and one Estonian in its \u201cterrorist list,\u201d according the agency\u2019s\" \/>\n<meta name=\"robots\" content=\"index, follow, max-snippet:-1, max-image-preview:large, max-video-preview:-1\" \/>\n<link rel=\"canonical\" href=\"https:\/\/pozirk.online\/en\/news\/147097\/\" \/>\n<meta property=\"og:locale\" content=\"en_US\" \/>\n<meta property=\"og:type\" content=\"article\" \/>\n<meta property=\"og:title\" content=\"KGB brands Belarusians, Estonian as terrorists | Pozirk\" \/>\n<meta property=\"og:description\" content=\"July 16, Pozirk. The Committee for State Security (KGB) has included 14 Belarusians and one Estonian in its \u201cterrorist list,\u201d according the agency\u2019s\" \/>\n<meta property=\"og:url\" content=\"https:\/\/pozirk.online\/en\/news\/147097\/\" \/>\n<meta property=\"og:site_name\" content=\"Pozirk\" \/>\n<meta property=\"article:publisher\" content=\"https:\/\/www.facebook.com\/pozirkonline\/\" \/>\n<meta property=\"article:modified_time\" content=\"2026-02-24T20:40:57+00:00\" \/>\n<meta property=\"og:image\" content=\"https:\/\/pozirk.online\/wp-content\/uploads\/2025\/02\/kgb_mogilevnews_by.jpg\" \/>\n\t<meta property=\"og:image:width\" content=\"1128\" \/>\n\t<meta property=\"og:image:height\" content=\"752\" \/>\n\t<meta property=\"og:image:type\" content=\"image\/jpeg\" \/>\n<meta name=\"twitter:card\" content=\"summary_large_image\" \/>\n<meta name=\"twitter:site\" content=\"@Pozirk_online\" \/>\n<meta name=\"twitter:label1\" content=\"Est. reading time\" \/>\n\t<meta name=\"twitter:data1\" content=\"1 minute\" \/>\n<script type=\"application\/ld+json\" class=\"yoast-schema-graph\">{\"@context\":\"https:\/\/schema.org\",\"@graph\":[{\"@type\":\"NewsArticle\",\"@id\":\"https:\/\/pozirk.online\/en\/news\/147097\/#article\",\"isPartOf\":{\"@id\":\"https:\/\/pozirk.online\/en\/news\/147097\/\"},\"headline\":\"KGB brands Belarusians, Estonian as terrorists\",\"datePublished\":\"2025-07-16T17:19:47+00:00\",\"dateModified\":\"2026-02-24T20:40:57+00:00\",\"mainEntityOfPage\":{\"@id\":\"https:\/\/pozirk.online\/en\/news\/147097\/\"},\"wordCount\":133,\"publisher\":{\"@id\":\"https:\/\/pozirk.online\/en\/#organization\"},\"image\":{\"@id\":\"https:\/\/pozirk.online\/en\/news\/147097\/#primaryimage\"},\"thumbnailUrl\":\"https:\/\/pozirk.online\/wp-content\/uploads\/2025\/02\/kgb_mogilevnews_by.jpg\",\"inLanguage\":\"en-US\"},{\"@type\":\"WebPage\",\"@id\":\"https:\/\/pozirk.online\/en\/news\/147097\/\",\"url\":\"https:\/\/pozirk.online\/en\/news\/147097\/\",\"name\":\"KGB brands Belarusians, Estonian as terrorists | Pozirk\",\"isPartOf\":{\"@id\":\"https:\/\/pozirk.online\/en\/#website\"},\"primaryImageOfPage\":{\"@id\":\"https:\/\/pozirk.online\/en\/news\/147097\/#primaryimage\"},\"image\":{\"@id\":\"https:\/\/pozirk.online\/en\/news\/147097\/#primaryimage\"},\"thumbnailUrl\":\"https:\/\/pozirk.online\/wp-content\/uploads\/2025\/02\/kgb_mogilevnews_by.jpg\",\"datePublished\":\"2025-07-16T17:19:47+00:00\",\"dateModified\":\"2026-02-24T20:40:57+00:00\",\"description\":\"July 16, Pozirk. The Committee for State Security (KGB) has included 14 Belarusians and one Estonian in its \u201cterrorist list,\u201d according the agency\u2019s\",\"breadcrumb\":{\"@id\":\"https:\/\/pozirk.online\/en\/news\/147097\/#breadcrumb\"},\"inLanguage\":\"en-US\",\"potentialAction\":[{\"@type\":\"ReadAction\",\"target\":[\"https:\/\/pozirk.online\/en\/news\/147097\/\"]}]},{\"@type\":\"ImageObject\",\"inLanguage\":\"en-US\",\"@id\":\"https:\/\/pozirk.online\/en\/news\/147097\/#primaryimage\",\"url\":\"https:\/\/pozirk.online\/wp-content\/uploads\/2025\/02\/kgb_mogilevnews_by.jpg\",\"contentUrl\":\"https:\/\/pozirk.online\/wp-content\/uploads\/2025\/02\/kgb_mogilevnews_by.jpg\",\"width\":1128,\"height\":752},{\"@type\":\"BreadcrumbList\",\"@id\":\"https:\/\/pozirk.online\/en\/news\/147097\/#breadcrumb\",\"itemListElement\":[{\"@type\":\"ListItem\",\"position\":1,\"name\":\"Home\",\"item\":\"https:\/\/pozirk.online\/en\/\"},{\"@type\":\"ListItem\",\"position\":2,\"name\":\"KGB brands Belarusians, Estonian as terrorists\"}]},{\"@type\":\"WebSite\",\"@id\":\"https:\/\/pozirk.online\/en\/#website\",\"url\":\"https:\/\/pozirk.online\/en\/\",\"name\":\"Pozirk\",\"description\":\"\",\"publisher\":{\"@id\":\"https:\/\/pozirk.online\/en\/#organization\"},\"potentialAction\":[{\"@type\":\"SearchAction\",\"target\":{\"@type\":\"EntryPoint\",\"urlTemplate\":\"https:\/\/pozirk.online\/en\/?s={search_term_string}\"},\"query-input\":{\"@type\":\"PropertyValueSpecification\",\"valueRequired\":true,\"valueName\":\"search_term_string\"}}],\"inLanguage\":\"en-US\"},{\"@type\":\"Organization\",\"@id\":\"https:\/\/pozirk.online\/en\/#organization\",\"name\":\"Pozirk\",\"url\":\"https:\/\/pozirk.online\/en\/\",\"logo\":{\"@type\":\"ImageObject\",\"inLanguage\":\"en-US\",\"@id\":\"https:\/\/pozirk.online\/en\/#\/schema\/logo\/image\/\",\"url\":\"https:\/\/pozirk.online\/wp-content\/uploads\/2023\/11\/cropped-Logo_color_512.png\",\"contentUrl\":\"https:\/\/pozirk.online\/wp-content\/uploads\/2023\/11\/cropped-Logo_color_512.png\",\"width\":512,\"height\":512,\"caption\":\"Pozirk\"},\"image\":{\"@id\":\"https:\/\/pozirk.online\/en\/#\/schema\/logo\/image\/\"},\"sameAs\":[\"https:\/\/www.facebook.com\/pozirkonline\/\",\"https:\/\/x.com\/Pozirk_online\"]}]}<\/script>\n<!-- \/ Yoast SEO plugin. -->","yoast_head_json":{"title":"KGB brands Belarusians, Estonian as terrorists | Pozirk","description":"July 16, Pozirk. The Committee for State Security (KGB) has included 14 Belarusians and one Estonian in its \u201cterrorist list,\u201d according the agency\u2019s","robots":{"index":"index","follow":"follow","max-snippet":"max-snippet:-1","max-image-preview":"max-image-preview:large","max-video-preview":"max-video-preview:-1"},"canonical":"https:\/\/pozirk.online\/en\/news\/147097\/","og_locale":"en_US","og_type":"article","og_title":"KGB brands Belarusians, Estonian as terrorists | Pozirk","og_description":"July 16, Pozirk. The Committee for State Security (KGB) has included 14 Belarusians and one Estonian in its \u201cterrorist list,\u201d according the agency\u2019s","og_url":"https:\/\/pozirk.online\/en\/news\/147097\/","og_site_name":"Pozirk","article_publisher":"https:\/\/www.facebook.com\/pozirkonline\/","article_modified_time":"2026-02-24T20:40:57+00:00","og_image":[{"width":1128,"height":752,"url":"https:\/\/pozirk.online\/wp-content\/uploads\/2025\/02\/kgb_mogilevnews_by.jpg","type":"image\/jpeg"}],"twitter_card":"summary_large_image","twitter_site":"@Pozirk_online","twitter_misc":{"Est. reading time":"1 minute"},"schema":{"@context":"https:\/\/schema.org","@graph":[{"@type":"NewsArticle","@id":"https:\/\/pozirk.online\/en\/news\/147097\/#article","isPartOf":{"@id":"https:\/\/pozirk.online\/en\/news\/147097\/"},"headline":"KGB brands Belarusians, Estonian as terrorists","datePublished":"2025-07-16T17:19:47+00:00","dateModified":"2026-02-24T20:40:57+00:00","mainEntityOfPage":{"@id":"https:\/\/pozirk.online\/en\/news\/147097\/"},"wordCount":133,"publisher":{"@id":"https:\/\/pozirk.online\/en\/#organization"},"image":{"@id":"https:\/\/pozirk.online\/en\/news\/147097\/#primaryimage"},"thumbnailUrl":"https:\/\/pozirk.online\/wp-content\/uploads\/2025\/02\/kgb_mogilevnews_by.jpg","inLanguage":"en-US"},{"@type":"WebPage","@id":"https:\/\/pozirk.online\/en\/news\/147097\/","url":"https:\/\/pozirk.online\/en\/news\/147097\/","name":"KGB brands Belarusians, Estonian as terrorists | Pozirk","isPartOf":{"@id":"https:\/\/pozirk.online\/en\/#website"},"primaryImageOfPage":{"@id":"https:\/\/pozirk.online\/en\/news\/147097\/#primaryimage"},"image":{"@id":"https:\/\/pozirk.online\/en\/news\/147097\/#primaryimage"},"thumbnailUrl":"https:\/\/pozirk.online\/wp-content\/uploads\/2025\/02\/kgb_mogilevnews_by.jpg","datePublished":"2025-07-16T17:19:47+00:00","dateModified":"2026-02-24T20:40:57+00:00","description":"July 16, Pozirk. The Committee for State Security (KGB) has included 14 Belarusians and one Estonian in its \u201cterrorist list,\u201d according the agency\u2019s","breadcrumb":{"@id":"https:\/\/pozirk.online\/en\/news\/147097\/#breadcrumb"},"inLanguage":"en-US","potentialAction":[{"@type":"ReadAction","target":["https:\/\/pozirk.online\/en\/news\/147097\/"]}]},{"@type":"ImageObject","inLanguage":"en-US","@id":"https:\/\/pozirk.online\/en\/news\/147097\/#primaryimage","url":"https:\/\/pozirk.online\/wp-content\/uploads\/2025\/02\/kgb_mogilevnews_by.jpg","contentUrl":"https:\/\/pozirk.online\/wp-content\/uploads\/2025\/02\/kgb_mogilevnews_by.jpg","width":1128,"height":752},{"@type":"BreadcrumbList","@id":"https:\/\/pozirk.online\/en\/news\/147097\/#breadcrumb","itemListElement":[{"@type":"ListItem","position":1,"name":"Home","item":"https:\/\/pozirk.online\/en\/"},{"@type":"ListItem","position":2,"name":"KGB brands Belarusians, Estonian as terrorists"}]},{"@type":"WebSite","@id":"https:\/\/pozirk.online\/en\/#website","url":"https:\/\/pozirk.online\/en\/","name":"Pozirk","description":"","publisher":{"@id":"https:\/\/pozirk.online\/en\/#organization"},"potentialAction":[{"@type":"SearchAction","target":{"@type":"EntryPoint","urlTemplate":"https:\/\/pozirk.online\/en\/?s={search_term_string}"},"query-input":{"@type":"PropertyValueSpecification","valueRequired":true,"valueName":"search_term_string"}}],"inLanguage":"en-US"},{"@type":"Organization","@id":"https:\/\/pozirk.online\/en\/#organization","name":"Pozirk","url":"https:\/\/pozirk.online\/en\/","logo":{"@type":"ImageObject","inLanguage":"en-US","@id":"https:\/\/pozirk.online\/en\/#\/schema\/logo\/image\/","url":"https:\/\/pozirk.online\/wp-content\/uploads\/2023\/11\/cropped-Logo_color_512.png","contentUrl":"https:\/\/pozirk.online\/wp-content\/uploads\/2023\/11\/cropped-Logo_color_512.png","width":512,"height":512,"caption":"Pozirk"},"image":{"@id":"https:\/\/pozirk.online\/en\/#\/schema\/logo\/image\/"},"sameAs":["https:\/\/www.facebook.com\/pozirkonline\/","https:\/\/x.com\/Pozirk_online"]}]}},"_links":{"self":[{"href":"https:\/\/pozirk.online\/en\/wp-json\/wp\/v2\/articles\/147097","targetHints":{"allow":["GET"]}}],"collection":[{"href":"https:\/\/pozirk.online\/en\/wp-json\/wp\/v2\/articles"}],"about":[{"href":"https:\/\/pozirk.online\/en\/wp-json\/wp\/v2\/types\/articles"}],"author":[{"embeddable":true,"href":"https:\/\/pozirk.online\/en\/wp-json\/wp\/v2\/users\/75"}],"wp:featuredmedia":[{"embeddable":true,"href":"https:\/\/pozirk.online\/en\/wp-json\/wp\/v2\/media\/126443"}],"wp:attachment":[{"href":"https:\/\/pozirk.online\/en\/wp-json\/wp\/v2\/media?parent=147097"}],"wp:term":[{"taxonomy":"rubric","embeddable":true,"href":"https:\/\/pozirk.online\/en\/wp-json\/wp\/v2\/rubric?post=147097"}],"curies":[{"name":"wp","href":"https:\/\/api.w.org\/{rel}","templated":true}]}}