{"id":115166,"date":"2024-11-23T12:12:53","date_gmt":"2024-11-23T09:12:53","guid":{"rendered":"https:\/\/pozirk.online\/en\/news\/115166\/"},"modified":"2026-03-10T12:05:06","modified_gmt":"2026-03-10T12:05:06","slug":"reprisals-rights-activist-given-seven-years-in-prison","status":"publish","type":"articles","link":"https:\/\/pozirk.online\/en\/news\/115166\/","title":{"rendered":"Reprisals: rights activist given seven years in prison"},"content":{"rendered":"\n<p><strong>November 23, <em>Pozirk. <\/em><\/strong>Vital \u010copik, arrested in Brest in early March for attending public court hearings in criminal cases linked to the persecution of the opposition, was sentenced to seven years in prison and a fine of 40,000 rubels ($11,700). The Brest Regional Court found him guilty of facilitating extremism for alleged association with opposition groups, a pro-government source said.<\/p>\n\n\n\n<p>Other cases of politically-motivated persecution documented in Belarus on November 22 included the trial of D\u017amitryj Ku\u010duk, former chairman of the outlawed Belarusian Greens Party. Authorities accuse the politician of violent disorder and calling for sanctions, charges routinely used to persecute regime critics in Belarus, <em>Pozirk<\/em> reported. If convicted, he may face up to 12 years in prison.<\/p>\n\n\n\n<p>Ku\u010duk has been held in custody since mid-February when he was arrested for an attempt to pay tribute to the late Russian opposition leader Alexei Navalny in front of the Russian Embassy in Minsk.<\/p>\n\n\n\n<p>Online content<\/p>\n\n\n\n<p>D\u017amitryj Ho\u0142ub from Hrodna was given four years in prison for participating in 2020 postelection protests and posting comments that allegedly incited hatred and insulted Alaksandar \u0141uka\u0161enka, the state-run media reported.<\/p>\n\n\n\n<p>Andrej Navicki was tried in Navahrudak, Hrodna region, for sharing opposition content, the <em>Pravo Imeyut <\/em>Telegram channel said. The sentence remains unknown.<\/p>\n\n\n\n<p>The information ministry reported extremist content designation for Instagram pages by former Janka Kupa\u0142a Theatre actress Kry\u015bcina Droby\u0161 and former political prisoner Alaksandar Kabana\u016d. <\/p>\n\n\n\n<p>Other blacklisted content includes <em>Bavovna<\/em> and <em>BChB Kiberotriad<\/em> on Telegram, <em>By\u0107 belarusam<\/em> on Facebook and two Odnoklassniki accounts dedicated to Belarusian history and social-democratic movement.<\/p>\n\n\n\n<p>Other cases<\/p>\n\n\n\n<p>The interior ministry added 36 people to its extremist register, taking the total to 4,692 entries.<\/p>\n\n\n\n<p>Authorities revealed that the information ministry\u2019s \u201charmful\u201d publications register features three history textbooks, presenting Belarus\u2019 history from the national viewpoint.<\/p>\n\n\n\n<p>At least 42 servicemen have been prosecuted in Belarus since 2020, the Viasna Human Rights Center reports. Twenty servicemen remained behind bars as of November 22.<\/p>\n\n\n\n<p>At least 40 people were given a cumulative prison term of 118 on charges of abusing state symbols, Viasna noted.<\/p>\n\n\n\n<p>Propaganda worker Juryj Vaskrasienski said Ala\u016dcina Hudkova, Andrej Karalo\u016d, Ilja Ta\u0142sto\u016d, Siarhiej \u010cy\u017e and Siarhiej Ilin were pardoned on November 7, <em>Zerkalo<\/em> reported.<\/p>\n\n\n\n<p>Rights groups declared journalist Ihar Ilja\u0161 a political prisoner, Viasna said. The husband of imprisoned journalist Kaciaryna Andrejeva was arrested a month ago over interviews with the independent media that authorities consider extremist.<\/p>\n\n\n\n<p>As of November 23, human rights defenders identified at least 1,268 political prisoners but the real number is considerably higher because many cases go undocumented.<\/p>\n\n\n\n<p>Belarusian authorities filed 7,400 politically-motivated criminal cases in the four years since the August 2020 presidential election, Viasna reported in mid-October.<\/p>\n\n\n\n<div class=\"insert-block\">\n\n    <div class=\"insert-block__img\">\n        <img decoding=\"async\" width=\"354\" height=\"236\" src=\"https:\/\/pozirk.online\/wp-content\/uploads\/2024\/01\/pozirk_color_blank_1128x752-354x236.jpg\" class=\"attachment-medium size-medium\" alt=\"\" srcset=\"https:\/\/pozirk.online\/wp-content\/uploads\/2024\/01\/pozirk_color_blank_1128x752-354x236.jpg 354w, https:\/\/pozirk.online\/wp-content\/uploads\/2024\/01\/pozirk_color_blank_1128x752-734x490.jpg 734w, https:\/\/pozirk.online\/wp-content\/uploads\/2024\/01\/pozirk_color_blank_1128x752-178x118.jpg 178w, https:\/\/pozirk.online\/wp-content\/uploads\/2024\/01\/pozirk_color_blank_1128x752-768x512.jpg 768w, https:\/\/pozirk.online\/wp-content\/uploads\/2024\/01\/pozirk_color_blank_1128x752.jpg 1128w\" sizes=\"(max-width: 354px) 100vw, 354px\" \/>                        <label class=\"insert-block__tag--mobile\"> Society<\/label>\n\n                <\/div>\n    <div class=\"insert-block__text\">\n                    <label class=\"insert-block__tag\">Society<\/label>\n                <h3 class=\"insert-block__title\">History textbooks on information ministry\u2019s &quot;harmful&quot; register<\/h3>\n        <div class=\"insert-block__descr\">November 22, Pozirk. The Belarusian history textbook Narysy Historyji Bie\u0142arusi (1795-2002), published in 2003 by the Minsk-based Encyk\u0142apiedyks opens the list of 35 new print publications that the Belarusian information ministry has declared \u201charmful to national interests.\u201d Even though the &#8230;<\/div>\n        <a class=\"insert-block__btn-block\" href=\"\/en\/news\/115062\">\n            <button class=\"btn\">\n                <div class='btn__text'>Read the article<\/div>\n            <\/button>\n        <\/a>\n    <\/div>\n<\/div>","protected":false},"excerpt":{"rendered":"<p>November 23, Pozirk. Vital \u010copik, arrested in Brest in early March for attending public court hearings in criminal cases linked to the persecution of the opposition, was sentenced to seven years in prison and a fine of 40,000 rubels ($11,700). The Brest Regional Court found him guilty of facilitating extremism for alleged association with opposition [&hellip;]<\/p>\n","protected":false},"author":84,"featured_media":63993,"template":"","rubric":[14],"class_list":["post-115166","articles","type-articles","status-publish","has-post-thumbnail","hentry","rubric-politics"],"acf":[],"yoast_head":"<!-- This site is optimized with the Yoast SEO plugin v25.5 - https:\/\/yoast.com\/wordpress\/plugins\/seo\/ -->\n<title>Reprisals: rights activist given seven years in prison | Pozirk<\/title>\n<meta name=\"description\" content=\"November 23, Pozirk. Vital \u010copik, arrested in Brest in early March for attending public court hearings in criminal cases linked to the persecution of the\" \/>\n<meta name=\"robots\" content=\"index, follow, max-snippet:-1, max-image-preview:large, max-video-preview:-1\" \/>\n<link rel=\"canonical\" href=\"https:\/\/pozirk.online\/en\/news\/115166\/\" \/>\n<meta property=\"og:locale\" content=\"en_US\" \/>\n<meta property=\"og:type\" content=\"article\" \/>\n<meta property=\"og:title\" content=\"Reprisals: rights activist given seven years in prison | Pozirk\" \/>\n<meta property=\"og:description\" content=\"November 23, Pozirk. Vital \u010copik, arrested in Brest in early March for attending public court hearings in criminal cases linked to the persecution of the\" \/>\n<meta property=\"og:url\" content=\"https:\/\/pozirk.online\/en\/news\/115166\/\" \/>\n<meta property=\"og:site_name\" content=\"Pozirk\" \/>\n<meta property=\"article:publisher\" content=\"https:\/\/www.facebook.com\/pozirkonline\/\" \/>\n<meta property=\"article:modified_time\" content=\"2026-03-10T12:05:06+00:00\" \/>\n<meta property=\"og:image\" content=\"https:\/\/pozirk.online\/wp-content\/uploads\/2024\/01\/pozirk_color_blank_1128x752.jpg\" \/>\n\t<meta property=\"og:image:width\" content=\"1128\" \/>\n\t<meta property=\"og:image:height\" content=\"752\" \/>\n\t<meta property=\"og:image:type\" content=\"image\/jpeg\" \/>\n<meta name=\"twitter:card\" content=\"summary_large_image\" \/>\n<meta name=\"twitter:site\" content=\"@Pozirk_online\" \/>\n<meta name=\"twitter:label1\" content=\"Est. reading time\" \/>\n\t<meta name=\"twitter:data1\" content=\"3 minutes\" \/>\n<script type=\"application\/ld+json\" class=\"yoast-schema-graph\">{\"@context\":\"https:\/\/schema.org\",\"@graph\":[{\"@type\":\"NewsArticle\",\"@id\":\"https:\/\/pozirk.online\/en\/news\/115166\/#article\",\"isPartOf\":{\"@id\":\"https:\/\/pozirk.online\/en\/news\/115166\/\"},\"headline\":\"Reprisals: rights activist given seven years in prison\",\"datePublished\":\"2024-11-23T09:12:53+00:00\",\"dateModified\":\"2026-03-10T12:05:06+00:00\",\"mainEntityOfPage\":{\"@id\":\"https:\/\/pozirk.online\/en\/news\/115166\/\"},\"wordCount\":443,\"publisher\":{\"@id\":\"https:\/\/pozirk.online\/en\/#organization\"},\"image\":{\"@id\":\"https:\/\/pozirk.online\/en\/news\/115166\/#primaryimage\"},\"thumbnailUrl\":\"https:\/\/pozirk.online\/wp-content\/uploads\/2024\/01\/pozirk_color_blank_1128x752.jpg\",\"inLanguage\":\"en-US\"},{\"@type\":\"WebPage\",\"@id\":\"https:\/\/pozirk.online\/en\/news\/115166\/\",\"url\":\"https:\/\/pozirk.online\/en\/news\/115166\/\",\"name\":\"Reprisals: rights activist given seven years in prison | Pozirk\",\"isPartOf\":{\"@id\":\"https:\/\/pozirk.online\/en\/#website\"},\"primaryImageOfPage\":{\"@id\":\"https:\/\/pozirk.online\/en\/news\/115166\/#primaryimage\"},\"image\":{\"@id\":\"https:\/\/pozirk.online\/en\/news\/115166\/#primaryimage\"},\"thumbnailUrl\":\"https:\/\/pozirk.online\/wp-content\/uploads\/2024\/01\/pozirk_color_blank_1128x752.jpg\",\"datePublished\":\"2024-11-23T09:12:53+00:00\",\"dateModified\":\"2026-03-10T12:05:06+00:00\",\"description\":\"November 23, Pozirk. Vital \u010copik, arrested in Brest in early March for attending public court hearings in criminal cases linked to the persecution of the\",\"breadcrumb\":{\"@id\":\"https:\/\/pozirk.online\/en\/news\/115166\/#breadcrumb\"},\"inLanguage\":\"en-US\",\"potentialAction\":[{\"@type\":\"ReadAction\",\"target\":[\"https:\/\/pozirk.online\/en\/news\/115166\/\"]}]},{\"@type\":\"ImageObject\",\"inLanguage\":\"en-US\",\"@id\":\"https:\/\/pozirk.online\/en\/news\/115166\/#primaryimage\",\"url\":\"https:\/\/pozirk.online\/wp-content\/uploads\/2024\/01\/pozirk_color_blank_1128x752.jpg\",\"contentUrl\":\"https:\/\/pozirk.online\/wp-content\/uploads\/2024\/01\/pozirk_color_blank_1128x752.jpg\",\"width\":1128,\"height\":752},{\"@type\":\"BreadcrumbList\",\"@id\":\"https:\/\/pozirk.online\/en\/news\/115166\/#breadcrumb\",\"itemListElement\":[{\"@type\":\"ListItem\",\"position\":1,\"name\":\"Home\",\"item\":\"https:\/\/pozirk.online\/en\/\"},{\"@type\":\"ListItem\",\"position\":2,\"name\":\"Reprisals: rights activist given seven years in prison\"}]},{\"@type\":\"WebSite\",\"@id\":\"https:\/\/pozirk.online\/en\/#website\",\"url\":\"https:\/\/pozirk.online\/en\/\",\"name\":\"Pozirk\",\"description\":\"\",\"publisher\":{\"@id\":\"https:\/\/pozirk.online\/en\/#organization\"},\"potentialAction\":[{\"@type\":\"SearchAction\",\"target\":{\"@type\":\"EntryPoint\",\"urlTemplate\":\"https:\/\/pozirk.online\/en\/?s={search_term_string}\"},\"query-input\":{\"@type\":\"PropertyValueSpecification\",\"valueRequired\":true,\"valueName\":\"search_term_string\"}}],\"inLanguage\":\"en-US\"},{\"@type\":\"Organization\",\"@id\":\"https:\/\/pozirk.online\/en\/#organization\",\"name\":\"Pozirk\",\"url\":\"https:\/\/pozirk.online\/en\/\",\"logo\":{\"@type\":\"ImageObject\",\"inLanguage\":\"en-US\",\"@id\":\"https:\/\/pozirk.online\/en\/#\/schema\/logo\/image\/\",\"url\":\"https:\/\/pozirk.online\/wp-content\/uploads\/2023\/11\/cropped-Logo_color_512.png\",\"contentUrl\":\"https:\/\/pozirk.online\/wp-content\/uploads\/2023\/11\/cropped-Logo_color_512.png\",\"width\":512,\"height\":512,\"caption\":\"Pozirk\"},\"image\":{\"@id\":\"https:\/\/pozirk.online\/en\/#\/schema\/logo\/image\/\"},\"sameAs\":[\"https:\/\/www.facebook.com\/pozirkonline\/\",\"https:\/\/x.com\/Pozirk_online\"]}]}<\/script>\n<!-- \/ Yoast SEO plugin. -->","yoast_head_json":{"title":"Reprisals: rights activist given seven years in prison | Pozirk","description":"November 23, Pozirk. Vital \u010copik, arrested in Brest in early March for attending public court hearings in criminal cases linked to the persecution of the","robots":{"index":"index","follow":"follow","max-snippet":"max-snippet:-1","max-image-preview":"max-image-preview:large","max-video-preview":"max-video-preview:-1"},"canonical":"https:\/\/pozirk.online\/en\/news\/115166\/","og_locale":"en_US","og_type":"article","og_title":"Reprisals: rights activist given seven years in prison | Pozirk","og_description":"November 23, Pozirk. Vital \u010copik, arrested in Brest in early March for attending public court hearings in criminal cases linked to the persecution of the","og_url":"https:\/\/pozirk.online\/en\/news\/115166\/","og_site_name":"Pozirk","article_publisher":"https:\/\/www.facebook.com\/pozirkonline\/","article_modified_time":"2026-03-10T12:05:06+00:00","og_image":[{"width":1128,"height":752,"url":"https:\/\/pozirk.online\/wp-content\/uploads\/2024\/01\/pozirk_color_blank_1128x752.jpg","type":"image\/jpeg"}],"twitter_card":"summary_large_image","twitter_site":"@Pozirk_online","twitter_misc":{"Est. reading time":"3 minutes"},"schema":{"@context":"https:\/\/schema.org","@graph":[{"@type":"NewsArticle","@id":"https:\/\/pozirk.online\/en\/news\/115166\/#article","isPartOf":{"@id":"https:\/\/pozirk.online\/en\/news\/115166\/"},"headline":"Reprisals: rights activist given seven years in prison","datePublished":"2024-11-23T09:12:53+00:00","dateModified":"2026-03-10T12:05:06+00:00","mainEntityOfPage":{"@id":"https:\/\/pozirk.online\/en\/news\/115166\/"},"wordCount":443,"publisher":{"@id":"https:\/\/pozirk.online\/en\/#organization"},"image":{"@id":"https:\/\/pozirk.online\/en\/news\/115166\/#primaryimage"},"thumbnailUrl":"https:\/\/pozirk.online\/wp-content\/uploads\/2024\/01\/pozirk_color_blank_1128x752.jpg","inLanguage":"en-US"},{"@type":"WebPage","@id":"https:\/\/pozirk.online\/en\/news\/115166\/","url":"https:\/\/pozirk.online\/en\/news\/115166\/","name":"Reprisals: rights activist given seven years in prison | Pozirk","isPartOf":{"@id":"https:\/\/pozirk.online\/en\/#website"},"primaryImageOfPage":{"@id":"https:\/\/pozirk.online\/en\/news\/115166\/#primaryimage"},"image":{"@id":"https:\/\/pozirk.online\/en\/news\/115166\/#primaryimage"},"thumbnailUrl":"https:\/\/pozirk.online\/wp-content\/uploads\/2024\/01\/pozirk_color_blank_1128x752.jpg","datePublished":"2024-11-23T09:12:53+00:00","dateModified":"2026-03-10T12:05:06+00:00","description":"November 23, Pozirk. Vital \u010copik, arrested in Brest in early March for attending public court hearings in criminal cases linked to the persecution of the","breadcrumb":{"@id":"https:\/\/pozirk.online\/en\/news\/115166\/#breadcrumb"},"inLanguage":"en-US","potentialAction":[{"@type":"ReadAction","target":["https:\/\/pozirk.online\/en\/news\/115166\/"]}]},{"@type":"ImageObject","inLanguage":"en-US","@id":"https:\/\/pozirk.online\/en\/news\/115166\/#primaryimage","url":"https:\/\/pozirk.online\/wp-content\/uploads\/2024\/01\/pozirk_color_blank_1128x752.jpg","contentUrl":"https:\/\/pozirk.online\/wp-content\/uploads\/2024\/01\/pozirk_color_blank_1128x752.jpg","width":1128,"height":752},{"@type":"BreadcrumbList","@id":"https:\/\/pozirk.online\/en\/news\/115166\/#breadcrumb","itemListElement":[{"@type":"ListItem","position":1,"name":"Home","item":"https:\/\/pozirk.online\/en\/"},{"@type":"ListItem","position":2,"name":"Reprisals: rights activist given seven years in prison"}]},{"@type":"WebSite","@id":"https:\/\/pozirk.online\/en\/#website","url":"https:\/\/pozirk.online\/en\/","name":"Pozirk","description":"","publisher":{"@id":"https:\/\/pozirk.online\/en\/#organization"},"potentialAction":[{"@type":"SearchAction","target":{"@type":"EntryPoint","urlTemplate":"https:\/\/pozirk.online\/en\/?s={search_term_string}"},"query-input":{"@type":"PropertyValueSpecification","valueRequired":true,"valueName":"search_term_string"}}],"inLanguage":"en-US"},{"@type":"Organization","@id":"https:\/\/pozirk.online\/en\/#organization","name":"Pozirk","url":"https:\/\/pozirk.online\/en\/","logo":{"@type":"ImageObject","inLanguage":"en-US","@id":"https:\/\/pozirk.online\/en\/#\/schema\/logo\/image\/","url":"https:\/\/pozirk.online\/wp-content\/uploads\/2023\/11\/cropped-Logo_color_512.png","contentUrl":"https:\/\/pozirk.online\/wp-content\/uploads\/2023\/11\/cropped-Logo_color_512.png","width":512,"height":512,"caption":"Pozirk"},"image":{"@id":"https:\/\/pozirk.online\/en\/#\/schema\/logo\/image\/"},"sameAs":["https:\/\/www.facebook.com\/pozirkonline\/","https:\/\/x.com\/Pozirk_online"]}]}},"_links":{"self":[{"href":"https:\/\/pozirk.online\/en\/wp-json\/wp\/v2\/articles\/115166","targetHints":{"allow":["GET"]}}],"collection":[{"href":"https:\/\/pozirk.online\/en\/wp-json\/wp\/v2\/articles"}],"about":[{"href":"https:\/\/pozirk.online\/en\/wp-json\/wp\/v2\/types\/articles"}],"author":[{"embeddable":true,"href":"https:\/\/pozirk.online\/en\/wp-json\/wp\/v2\/users\/84"}],"wp:featuredmedia":[{"embeddable":true,"href":"https:\/\/pozirk.online\/en\/wp-json\/wp\/v2\/media\/63993"}],"wp:attachment":[{"href":"https:\/\/pozirk.online\/en\/wp-json\/wp\/v2\/media?parent=115166"}],"wp:term":[{"taxonomy":"rubric","embeddable":true,"href":"https:\/\/pozirk.online\/en\/wp-json\/wp\/v2\/rubric?post=115166"}],"curies":[{"name":"wp","href":"https:\/\/api.w.org\/{rel}","templated":true}]}}