{"id":108926,"date":"2024-10-11T17:15:14","date_gmt":"2024-10-11T14:15:14","guid":{"rendered":"https:\/\/pozirk.online\/en\/news\/108926\/"},"modified":"2026-03-09T20:10:49","modified_gmt":"2026-03-09T20:10:49","slug":"fine-to-be-active-declared-extremist-group","status":"publish","type":"articles","link":"https:\/\/pozirk.online\/en\/news\/108926\/","title":{"rendered":"Fine to Be Active declared extremist group"},"content":{"rendered":"\n<figure class=\"block-image block-image-normal\">\n\n  <img decoding=\"async\" width=\"2100\" height=\"1400\" src=\"https:\/\/pozirk.online\/wp-content\/uploads\/2024\/10\/ABF_facebook.jpg\" class=\"attachment-full size-full\" alt=\"\" srcset=\"https:\/\/pozirk.online\/wp-content\/uploads\/2024\/10\/ABF_facebook.jpg 2100w, https:\/\/pozirk.online\/wp-content\/uploads\/2024\/10\/ABF_facebook-354x236.jpg 354w, https:\/\/pozirk.online\/wp-content\/uploads\/2024\/10\/ABF_facebook-734x490.jpg 734w, https:\/\/pozirk.online\/wp-content\/uploads\/2024\/10\/ABF_facebook-178x118.jpg 178w, https:\/\/pozirk.online\/wp-content\/uploads\/2024\/10\/ABF_facebook-768x512.jpg 768w, https:\/\/pozirk.online\/wp-content\/uploads\/2024\/10\/ABF_facebook-1536x1024.jpg 1536w, https:\/\/pozirk.online\/wp-content\/uploads\/2024\/10\/ABF_facebook-2048x1365.jpg 2048w\" sizes=\"(max-width: 2100px) 100vw, 2100px\" \/>\n  <figcaption>\n  \n       <div class=\"block-image__author\">\n                <span>(Organization&#039;s Facebook page)<\/span>\n    <\/div>\n     <\/figcaption>\n<\/figure>\n\n\n\n<p><strong>October 11, <em>Pozirk<\/em>.<\/strong> The Committee for State Security earlier this week designated the Fine to Be Active project (Bel.: Akty\u016dnym By\u0107 Fajna), an informal education project, as an extremist group, according to an updated list published by the Belarusian interior ministry.<\/p>\n\n\n\n<p>The list of extremist groups contains 267 entries. The designation carries a lengthy prison sentence for those associated with the community.<\/p>\n\n\n\n<p>Julija Mickievi\u010d, a feminist activist whom authorities associate with the project, told <em>Pozirk<\/em> that the designation will not affect the group\u2019s work, noting that its website, <em>abfby.org<\/em>, will soon be back online.<\/p>\n\n\n\n<p>\u201cWe follow security protocols adopted by our organization. We . . . provide maximum support and solidarity to all those who can found themselves vulnerable because of what happened.\u201d<\/p>\n\n\n\n<p>The group is based in Lithuania and has branches in Poland, Ukraine, Georgia and Sweden, according to police.<\/p>\n\n\n\n<p>The interior ministry has banned its social media pages, most of which are down. The initiative&#8217;s Telegram channel has 785 subscribers.<\/p>\n\n\n\n<p>The information ministry also added Fine to Be Active pages to the list of extremist content.<\/p>\n\n\n\n<p>Fine to Be Active was founded in 2015 as a &#8220;Belarusian-Swedish project to popularize a methodology of Swedish (study) circles.&#8221; It was outlawed in Belarus in 2021.<\/p>\n\n\n\n<div class=\"insert-block\">\n\n    <div class=\"insert-block__img\">\n        <img decoding=\"async\" width=\"354\" height=\"236\" src=\"https:\/\/pozirk.online\/wp-content\/uploads\/2024\/01\/pozirk_color_blank_1128x752-354x236.jpg\" class=\"attachment-medium size-medium\" alt=\"\" srcset=\"https:\/\/pozirk.online\/wp-content\/uploads\/2024\/01\/pozirk_color_blank_1128x752-354x236.jpg 354w, https:\/\/pozirk.online\/wp-content\/uploads\/2024\/01\/pozirk_color_blank_1128x752-734x490.jpg 734w, https:\/\/pozirk.online\/wp-content\/uploads\/2024\/01\/pozirk_color_blank_1128x752-178x118.jpg 178w, https:\/\/pozirk.online\/wp-content\/uploads\/2024\/01\/pozirk_color_blank_1128x752-768x512.jpg 768w, https:\/\/pozirk.online\/wp-content\/uploads\/2024\/01\/pozirk_color_blank_1128x752.jpg 1128w\" sizes=\"(max-width: 354px) 100vw, 354px\" \/>                        <label class=\"insert-block__tag--mobile\"> \u041f\u043e\u043b\u0438\u0442\u0438\u043a\u0430<\/label>\n\n                <\/div>\n    <div class=\"insert-block__text\">\n                    <label class=\"insert-block__tag\">\u041f\u043e\u043b\u0438\u0442\u0438\u043a\u0430<\/label>\n                <h3 class=\"insert-block__title\">Reprisals: arrests and trials of 2020 protesters continue<\/h3>\n        <div class=\"insert-block__descr\">October 11, Pozirk. A Brest judge sentenced Siarhiej Ni\u010dyparuk, Alaksandar Klima\u0161evi\u010d and Ja\u016dhien By\u010dko to prison terms on charges of violent disorder in connection with 2020 protests, the Viasna Human Rights Center said. Police also arrested at least five people, &#8230;<\/div>\n        <a class=\"insert-block__btn-block\" href=\"\/en\/news\/108876\">\n            <button class=\"btn\">\n                <div class='btn__text'>Read <\/div>\n            <\/button>\n        <\/a>\n    <\/div>\n<\/div>","protected":false},"excerpt":{"rendered":"<p>October 11, Pozirk. The Committee for State Security earlier this week designated the Fine to Be Active project (Bel.: Akty\u016dnym By\u0107 Fajna), an informal education project, as an extremist group, according to an updated list published by the Belarusian interior ministry. The list of extremist groups contains 267 entries. The designation carries a lengthy prison [&hellip;]<\/p>\n","protected":false},"author":83,"featured_media":108909,"template":"","rubric":[14],"class_list":["post-108926","articles","type-articles","status-publish","has-post-thumbnail","hentry","rubric-politics"],"acf":[],"yoast_head":"<!-- This site is optimized with the Yoast SEO plugin v25.5 - https:\/\/yoast.com\/wordpress\/plugins\/seo\/ -->\n<title>Fine to Be Active declared extremist group | Pozirk<\/title>\n<meta name=\"description\" content=\"October 11, Pozirk. The Committee for State Security earlier this week designated the Fine to Be Active project (Bel.: Akty\u016dnym By\u0107 Fajna), an informal\" \/>\n<meta name=\"robots\" content=\"index, follow, max-snippet:-1, max-image-preview:large, max-video-preview:-1\" \/>\n<link rel=\"canonical\" href=\"https:\/\/pozirk.online\/en\/news\/108926\/\" \/>\n<meta property=\"og:locale\" content=\"en_US\" \/>\n<meta property=\"og:type\" content=\"article\" \/>\n<meta property=\"og:title\" content=\"Fine to Be Active declared extremist group | Pozirk\" \/>\n<meta property=\"og:description\" content=\"October 11, Pozirk. The Committee for State Security earlier this week designated the Fine to Be Active project (Bel.: Akty\u016dnym By\u0107 Fajna), an informal\" \/>\n<meta property=\"og:url\" content=\"https:\/\/pozirk.online\/en\/news\/108926\/\" \/>\n<meta property=\"og:site_name\" content=\"Pozirk\" \/>\n<meta property=\"article:publisher\" content=\"https:\/\/www.facebook.com\/pozirkonline\/\" \/>\n<meta property=\"article:modified_time\" content=\"2026-03-09T20:10:49+00:00\" \/>\n<meta property=\"og:image\" content=\"https:\/\/pozirk.online\/wp-content\/uploads\/2024\/10\/ABF_facebook.jpg\" \/>\n\t<meta property=\"og:image:width\" content=\"2100\" \/>\n\t<meta property=\"og:image:height\" content=\"1400\" \/>\n\t<meta property=\"og:image:type\" content=\"image\/jpeg\" \/>\n<meta name=\"twitter:card\" content=\"summary_large_image\" \/>\n<meta name=\"twitter:site\" content=\"@Pozirk_online\" \/>\n<meta name=\"twitter:label1\" content=\"Est. reading time\" \/>\n\t<meta name=\"twitter:data1\" content=\"2 minutes\" \/>\n<script type=\"application\/ld+json\" class=\"yoast-schema-graph\">{\"@context\":\"https:\/\/schema.org\",\"@graph\":[{\"@type\":\"NewsArticle\",\"@id\":\"https:\/\/pozirk.online\/en\/news\/108926\/#article\",\"isPartOf\":{\"@id\":\"https:\/\/pozirk.online\/en\/news\/108926\/\"},\"headline\":\"Fine to Be Active declared extremist group\",\"datePublished\":\"2024-10-11T14:15:14+00:00\",\"dateModified\":\"2026-03-09T20:10:49+00:00\",\"mainEntityOfPage\":{\"@id\":\"https:\/\/pozirk.online\/en\/news\/108926\/\"},\"wordCount\":208,\"publisher\":{\"@id\":\"https:\/\/pozirk.online\/en\/#organization\"},\"image\":{\"@id\":\"https:\/\/pozirk.online\/en\/news\/108926\/#primaryimage\"},\"thumbnailUrl\":\"https:\/\/pozirk.online\/wp-content\/uploads\/2024\/10\/ABF_facebook.jpg\",\"inLanguage\":\"en-US\"},{\"@type\":\"WebPage\",\"@id\":\"https:\/\/pozirk.online\/en\/news\/108926\/\",\"url\":\"https:\/\/pozirk.online\/en\/news\/108926\/\",\"name\":\"Fine to Be Active declared extremist group | Pozirk\",\"isPartOf\":{\"@id\":\"https:\/\/pozirk.online\/en\/#website\"},\"primaryImageOfPage\":{\"@id\":\"https:\/\/pozirk.online\/en\/news\/108926\/#primaryimage\"},\"image\":{\"@id\":\"https:\/\/pozirk.online\/en\/news\/108926\/#primaryimage\"},\"thumbnailUrl\":\"https:\/\/pozirk.online\/wp-content\/uploads\/2024\/10\/ABF_facebook.jpg\",\"datePublished\":\"2024-10-11T14:15:14+00:00\",\"dateModified\":\"2026-03-09T20:10:49+00:00\",\"description\":\"October 11, Pozirk. The Committee for State Security earlier this week designated the Fine to Be Active project (Bel.: Akty\u016dnym By\u0107 Fajna), an informal\",\"breadcrumb\":{\"@id\":\"https:\/\/pozirk.online\/en\/news\/108926\/#breadcrumb\"},\"inLanguage\":\"en-US\",\"potentialAction\":[{\"@type\":\"ReadAction\",\"target\":[\"https:\/\/pozirk.online\/en\/news\/108926\/\"]}]},{\"@type\":\"ImageObject\",\"inLanguage\":\"en-US\",\"@id\":\"https:\/\/pozirk.online\/en\/news\/108926\/#primaryimage\",\"url\":\"https:\/\/pozirk.online\/wp-content\/uploads\/2024\/10\/ABF_facebook.jpg\",\"contentUrl\":\"https:\/\/pozirk.online\/wp-content\/uploads\/2024\/10\/ABF_facebook.jpg\",\"width\":2100,\"height\":1400},{\"@type\":\"BreadcrumbList\",\"@id\":\"https:\/\/pozirk.online\/en\/news\/108926\/#breadcrumb\",\"itemListElement\":[{\"@type\":\"ListItem\",\"position\":1,\"name\":\"Home\",\"item\":\"https:\/\/pozirk.online\/en\/\"},{\"@type\":\"ListItem\",\"position\":2,\"name\":\"Fine to Be Active declared extremist group\"}]},{\"@type\":\"WebSite\",\"@id\":\"https:\/\/pozirk.online\/en\/#website\",\"url\":\"https:\/\/pozirk.online\/en\/\",\"name\":\"Pozirk\",\"description\":\"\",\"publisher\":{\"@id\":\"https:\/\/pozirk.online\/en\/#organization\"},\"potentialAction\":[{\"@type\":\"SearchAction\",\"target\":{\"@type\":\"EntryPoint\",\"urlTemplate\":\"https:\/\/pozirk.online\/en\/?s={search_term_string}\"},\"query-input\":{\"@type\":\"PropertyValueSpecification\",\"valueRequired\":true,\"valueName\":\"search_term_string\"}}],\"inLanguage\":\"en-US\"},{\"@type\":\"Organization\",\"@id\":\"https:\/\/pozirk.online\/en\/#organization\",\"name\":\"Pozirk\",\"url\":\"https:\/\/pozirk.online\/en\/\",\"logo\":{\"@type\":\"ImageObject\",\"inLanguage\":\"en-US\",\"@id\":\"https:\/\/pozirk.online\/en\/#\/schema\/logo\/image\/\",\"url\":\"https:\/\/pozirk.online\/wp-content\/uploads\/2023\/11\/cropped-Logo_color_512.png\",\"contentUrl\":\"https:\/\/pozirk.online\/wp-content\/uploads\/2023\/11\/cropped-Logo_color_512.png\",\"width\":512,\"height\":512,\"caption\":\"Pozirk\"},\"image\":{\"@id\":\"https:\/\/pozirk.online\/en\/#\/schema\/logo\/image\/\"},\"sameAs\":[\"https:\/\/www.facebook.com\/pozirkonline\/\",\"https:\/\/x.com\/Pozirk_online\"]}]}<\/script>\n<!-- \/ Yoast SEO plugin. -->","yoast_head_json":{"title":"Fine to Be Active declared extremist group | Pozirk","description":"October 11, Pozirk. The Committee for State Security earlier this week designated the Fine to Be Active project (Bel.: Akty\u016dnym By\u0107 Fajna), an informal","robots":{"index":"index","follow":"follow","max-snippet":"max-snippet:-1","max-image-preview":"max-image-preview:large","max-video-preview":"max-video-preview:-1"},"canonical":"https:\/\/pozirk.online\/en\/news\/108926\/","og_locale":"en_US","og_type":"article","og_title":"Fine to Be Active declared extremist group | Pozirk","og_description":"October 11, Pozirk. The Committee for State Security earlier this week designated the Fine to Be Active project (Bel.: Akty\u016dnym By\u0107 Fajna), an informal","og_url":"https:\/\/pozirk.online\/en\/news\/108926\/","og_site_name":"Pozirk","article_publisher":"https:\/\/www.facebook.com\/pozirkonline\/","article_modified_time":"2026-03-09T20:10:49+00:00","og_image":[{"width":2100,"height":1400,"url":"https:\/\/pozirk.online\/wp-content\/uploads\/2024\/10\/ABF_facebook.jpg","type":"image\/jpeg"}],"twitter_card":"summary_large_image","twitter_site":"@Pozirk_online","twitter_misc":{"Est. reading time":"2 minutes"},"schema":{"@context":"https:\/\/schema.org","@graph":[{"@type":"NewsArticle","@id":"https:\/\/pozirk.online\/en\/news\/108926\/#article","isPartOf":{"@id":"https:\/\/pozirk.online\/en\/news\/108926\/"},"headline":"Fine to Be Active declared extremist group","datePublished":"2024-10-11T14:15:14+00:00","dateModified":"2026-03-09T20:10:49+00:00","mainEntityOfPage":{"@id":"https:\/\/pozirk.online\/en\/news\/108926\/"},"wordCount":208,"publisher":{"@id":"https:\/\/pozirk.online\/en\/#organization"},"image":{"@id":"https:\/\/pozirk.online\/en\/news\/108926\/#primaryimage"},"thumbnailUrl":"https:\/\/pozirk.online\/wp-content\/uploads\/2024\/10\/ABF_facebook.jpg","inLanguage":"en-US"},{"@type":"WebPage","@id":"https:\/\/pozirk.online\/en\/news\/108926\/","url":"https:\/\/pozirk.online\/en\/news\/108926\/","name":"Fine to Be Active declared extremist group | Pozirk","isPartOf":{"@id":"https:\/\/pozirk.online\/en\/#website"},"primaryImageOfPage":{"@id":"https:\/\/pozirk.online\/en\/news\/108926\/#primaryimage"},"image":{"@id":"https:\/\/pozirk.online\/en\/news\/108926\/#primaryimage"},"thumbnailUrl":"https:\/\/pozirk.online\/wp-content\/uploads\/2024\/10\/ABF_facebook.jpg","datePublished":"2024-10-11T14:15:14+00:00","dateModified":"2026-03-09T20:10:49+00:00","description":"October 11, Pozirk. The Committee for State Security earlier this week designated the Fine to Be Active project (Bel.: Akty\u016dnym By\u0107 Fajna), an informal","breadcrumb":{"@id":"https:\/\/pozirk.online\/en\/news\/108926\/#breadcrumb"},"inLanguage":"en-US","potentialAction":[{"@type":"ReadAction","target":["https:\/\/pozirk.online\/en\/news\/108926\/"]}]},{"@type":"ImageObject","inLanguage":"en-US","@id":"https:\/\/pozirk.online\/en\/news\/108926\/#primaryimage","url":"https:\/\/pozirk.online\/wp-content\/uploads\/2024\/10\/ABF_facebook.jpg","contentUrl":"https:\/\/pozirk.online\/wp-content\/uploads\/2024\/10\/ABF_facebook.jpg","width":2100,"height":1400},{"@type":"BreadcrumbList","@id":"https:\/\/pozirk.online\/en\/news\/108926\/#breadcrumb","itemListElement":[{"@type":"ListItem","position":1,"name":"Home","item":"https:\/\/pozirk.online\/en\/"},{"@type":"ListItem","position":2,"name":"Fine to Be Active declared extremist group"}]},{"@type":"WebSite","@id":"https:\/\/pozirk.online\/en\/#website","url":"https:\/\/pozirk.online\/en\/","name":"Pozirk","description":"","publisher":{"@id":"https:\/\/pozirk.online\/en\/#organization"},"potentialAction":[{"@type":"SearchAction","target":{"@type":"EntryPoint","urlTemplate":"https:\/\/pozirk.online\/en\/?s={search_term_string}"},"query-input":{"@type":"PropertyValueSpecification","valueRequired":true,"valueName":"search_term_string"}}],"inLanguage":"en-US"},{"@type":"Organization","@id":"https:\/\/pozirk.online\/en\/#organization","name":"Pozirk","url":"https:\/\/pozirk.online\/en\/","logo":{"@type":"ImageObject","inLanguage":"en-US","@id":"https:\/\/pozirk.online\/en\/#\/schema\/logo\/image\/","url":"https:\/\/pozirk.online\/wp-content\/uploads\/2023\/11\/cropped-Logo_color_512.png","contentUrl":"https:\/\/pozirk.online\/wp-content\/uploads\/2023\/11\/cropped-Logo_color_512.png","width":512,"height":512,"caption":"Pozirk"},"image":{"@id":"https:\/\/pozirk.online\/en\/#\/schema\/logo\/image\/"},"sameAs":["https:\/\/www.facebook.com\/pozirkonline\/","https:\/\/x.com\/Pozirk_online"]}]}},"_links":{"self":[{"href":"https:\/\/pozirk.online\/en\/wp-json\/wp\/v2\/articles\/108926","targetHints":{"allow":["GET"]}}],"collection":[{"href":"https:\/\/pozirk.online\/en\/wp-json\/wp\/v2\/articles"}],"about":[{"href":"https:\/\/pozirk.online\/en\/wp-json\/wp\/v2\/types\/articles"}],"author":[{"embeddable":true,"href":"https:\/\/pozirk.online\/en\/wp-json\/wp\/v2\/users\/83"}],"wp:featuredmedia":[{"embeddable":true,"href":"https:\/\/pozirk.online\/en\/wp-json\/wp\/v2\/media\/108909"}],"wp:attachment":[{"href":"https:\/\/pozirk.online\/en\/wp-json\/wp\/v2\/media?parent=108926"}],"wp:term":[{"taxonomy":"rubric","embeddable":true,"href":"https:\/\/pozirk.online\/en\/wp-json\/wp\/v2\/rubric?post=108926"}],"curies":[{"name":"wp","href":"https:\/\/api.w.org\/{rel}","templated":true}]}}