{"id":103980,"date":"2024-09-07T14:07:28","date_gmt":"2024-09-07T11:07:28","guid":{"rendered":"https:\/\/pozirk.online\/en\/news\/103980\/"},"modified":"2026-03-10T12:05:06","modified_gmt":"2026-03-10T12:05:06","slug":"reprisals-target-solidarity-2020-protesters","status":"publish","type":"articles","link":"https:\/\/pozirk.online\/en\/news\/103980\/","title":{"rendered":"Reprisals target solidarity, 2020 protesters"},"content":{"rendered":"\n<p><strong>September 7, <em>Pozirk<\/em>.<\/strong> Iryna Klazovi\u010d and Ta\u0107ciana Stepa will be tried in mid-September for supporting people imprisoned in politically-motivated cases, while a group of 10 people will face protest-related charges at two trials in Brest, the Viasna Human Rights Center said.<\/p>\n\n\n\n<p>In another development, Minsk prosecutors forwarded to court the criminal case against a 54-year-old man from the Minsk district, accused of inciting hatred and insulting the head of state in connection with critical social media posts, Viasna reported.<\/p>\n\n\n\n<p>Police arrested a Minsk man for posting online his picture with the white-red-white flag in the background, a pro-government Telegram channel said.<\/p>\n\n\n\n<p>Authorities released Artur Rybin after he had served three and a half years in prison for inciting hatred and hooliganism, charges that rights groups considered politically motivated.<\/p>\n\n\n\n<p>Ivan Ka\u0161ko was released under a recent pardon program for people convicted of protest-related crimes, the <em>STV<\/em> channel reported.<\/p>\n\n\n\n<p>Viasna reported that a total of 1,188 people had served prison terms in Belarus on politically-motivated charges.<\/p>\n\n\n\n<p>Belarusian rights groups designated 19 more people as former political prisoners, noting that their persecution was linked to exercising freedoms of peaceful assembly, association and expression with regard to the results of the 2020 presidential election in Belarus and other developments.<\/p>\n\n\n\n<p>As of September 7, human rights defenders identified at least 1,367 political prisoners but the real number is considerably higher because many cases go undocumented.<\/p>\n\n\n\n<p>Belarusian authorities have arrested about 65,000 people for political reasons in the four years since the August 2020 presidential election, Viasna reported in early August.<\/p>\n\n\n\n<div class=\"insert-block\">\n\n    <div class=\"insert-block__img\">\n                                <label class=\"insert-block__tag--mobile\"> \u041f\u043e\u043b\u0438\u0442\u0438\u043a\u0430<\/label>\n\n                <\/div>\n    <div class=\"insert-block__text\">\n                    <label class=\"insert-block__tag\">\u041f\u043e\u043b\u0438\u0442\u0438\u043a\u0430<\/label>\n                <h3 class=\"insert-block__title\">Human rights defenders label 19 as former political prisoners<\/h3>\n        <div class=\"insert-block__descr\">September 6, Pozirk. Belarusian human rights organizations have designated 19 more people as former political prisoners. The joint statement named them as U\u0142adzis\u0142a\u016d Fiodara\u016d, Nadzieja Pta\u0161ynskaja, Dzianis Kota\u016d, \u015aviat\u0142ana Kotava, Valeryj I\u016d\u010dyn, Michai\u0142 Pi\u0161\u010da\u0142a, Andrej Siam\u010duk, Ta\u0107ciana Pa\u0142onskaja, Alaksiej Paluchovi\u010d, &#8230;<\/div>\n        <a class=\"insert-block__btn-block\" href=\"\/en\/news\/103912\">\n            <button class=\"btn\">\n                <div class='btn__text'>Read the article<\/div>\n            <\/button>\n        <\/a>\n    <\/div>\n<\/div>","protected":false},"excerpt":{"rendered":"<p>September 7, Pozirk. Iryna Klazovi\u010d and Ta\u0107ciana Stepa will be tried in mid-September for supporting people imprisoned in politically-motivated cases, while a group of 10 people will face protest-related charges at two trials in Brest, the Viasna Human Rights Center said. In another development, Minsk prosecutors forwarded to court the criminal case against a 54-year-old [&hellip;]<\/p>\n","protected":false},"author":84,"featured_media":63993,"template":"","rubric":[],"class_list":["post-103980","articles","type-articles","status-publish","has-post-thumbnail","hentry"],"acf":[],"yoast_head":"<!-- This site is optimized with the Yoast SEO plugin v25.5 - https:\/\/yoast.com\/wordpress\/plugins\/seo\/ -->\n<title>Reprisals target solidarity, 2020 protesters | Pozirk<\/title>\n<meta name=\"description\" content=\"September 7, Pozirk. Iryna Klazovi\u010d and Ta\u0107ciana Stepa will be tried in mid-September for supporting people imprisoned in politically-motivated cases,\" \/>\n<meta name=\"robots\" content=\"index, follow, max-snippet:-1, max-image-preview:large, max-video-preview:-1\" \/>\n<link rel=\"canonical\" href=\"https:\/\/pozirk.online\/en\/news\/103980\/\" \/>\n<meta property=\"og:locale\" content=\"en_US\" \/>\n<meta property=\"og:type\" content=\"article\" \/>\n<meta property=\"og:title\" content=\"Reprisals target solidarity, 2020 protesters | Pozirk\" \/>\n<meta property=\"og:description\" content=\"September 7, Pozirk. Iryna Klazovi\u010d and Ta\u0107ciana Stepa will be tried in mid-September for supporting people imprisoned in politically-motivated cases,\" \/>\n<meta property=\"og:url\" content=\"https:\/\/pozirk.online\/en\/news\/103980\/\" \/>\n<meta property=\"og:site_name\" content=\"Pozirk\" \/>\n<meta property=\"article:publisher\" content=\"https:\/\/www.facebook.com\/pozirkonline\/\" \/>\n<meta property=\"article:modified_time\" content=\"2026-03-10T12:05:06+00:00\" \/>\n<meta property=\"og:image\" content=\"https:\/\/pozirk.online\/wp-content\/uploads\/2024\/01\/pozirk_color_blank_1128x752.jpg\" \/>\n\t<meta property=\"og:image:width\" content=\"1128\" \/>\n\t<meta property=\"og:image:height\" content=\"752\" \/>\n\t<meta property=\"og:image:type\" content=\"image\/jpeg\" \/>\n<meta name=\"twitter:card\" content=\"summary_large_image\" \/>\n<meta name=\"twitter:site\" content=\"@Pozirk_online\" \/>\n<meta name=\"twitter:label1\" content=\"Est. reading time\" \/>\n\t<meta name=\"twitter:data1\" content=\"2 minutes\" \/>\n<script type=\"application\/ld+json\" class=\"yoast-schema-graph\">{\"@context\":\"https:\/\/schema.org\",\"@graph\":[{\"@type\":\"NewsArticle\",\"@id\":\"https:\/\/pozirk.online\/en\/news\/103980\/#article\",\"isPartOf\":{\"@id\":\"https:\/\/pozirk.online\/en\/news\/103980\/\"},\"headline\":\"Reprisals target solidarity, 2020 protesters\",\"datePublished\":\"2024-09-07T11:07:28+00:00\",\"dateModified\":\"2026-03-10T12:05:06+00:00\",\"mainEntityOfPage\":{\"@id\":\"https:\/\/pozirk.online\/en\/news\/103980\/\"},\"wordCount\":252,\"publisher\":{\"@id\":\"https:\/\/pozirk.online\/en\/#organization\"},\"image\":{\"@id\":\"https:\/\/pozirk.online\/en\/news\/103980\/#primaryimage\"},\"thumbnailUrl\":\"https:\/\/pozirk.online\/wp-content\/uploads\/2024\/01\/pozirk_color_blank_1128x752.jpg\",\"inLanguage\":\"en-US\"},{\"@type\":\"WebPage\",\"@id\":\"https:\/\/pozirk.online\/en\/news\/103980\/\",\"url\":\"https:\/\/pozirk.online\/en\/news\/103980\/\",\"name\":\"Reprisals target solidarity, 2020 protesters | Pozirk\",\"isPartOf\":{\"@id\":\"https:\/\/pozirk.online\/en\/#website\"},\"primaryImageOfPage\":{\"@id\":\"https:\/\/pozirk.online\/en\/news\/103980\/#primaryimage\"},\"image\":{\"@id\":\"https:\/\/pozirk.online\/en\/news\/103980\/#primaryimage\"},\"thumbnailUrl\":\"https:\/\/pozirk.online\/wp-content\/uploads\/2024\/01\/pozirk_color_blank_1128x752.jpg\",\"datePublished\":\"2024-09-07T11:07:28+00:00\",\"dateModified\":\"2026-03-10T12:05:06+00:00\",\"description\":\"September 7, Pozirk. Iryna Klazovi\u010d and Ta\u0107ciana Stepa will be tried in mid-September for supporting people imprisoned in politically-motivated cases,\",\"breadcrumb\":{\"@id\":\"https:\/\/pozirk.online\/en\/news\/103980\/#breadcrumb\"},\"inLanguage\":\"en-US\",\"potentialAction\":[{\"@type\":\"ReadAction\",\"target\":[\"https:\/\/pozirk.online\/en\/news\/103980\/\"]}]},{\"@type\":\"ImageObject\",\"inLanguage\":\"en-US\",\"@id\":\"https:\/\/pozirk.online\/en\/news\/103980\/#primaryimage\",\"url\":\"https:\/\/pozirk.online\/wp-content\/uploads\/2024\/01\/pozirk_color_blank_1128x752.jpg\",\"contentUrl\":\"https:\/\/pozirk.online\/wp-content\/uploads\/2024\/01\/pozirk_color_blank_1128x752.jpg\",\"width\":1128,\"height\":752},{\"@type\":\"BreadcrumbList\",\"@id\":\"https:\/\/pozirk.online\/en\/news\/103980\/#breadcrumb\",\"itemListElement\":[{\"@type\":\"ListItem\",\"position\":1,\"name\":\"Home\",\"item\":\"https:\/\/pozirk.online\/en\/\"},{\"@type\":\"ListItem\",\"position\":2,\"name\":\"Reprisals target solidarity, 2020 protesters\"}]},{\"@type\":\"WebSite\",\"@id\":\"https:\/\/pozirk.online\/en\/#website\",\"url\":\"https:\/\/pozirk.online\/en\/\",\"name\":\"Pozirk\",\"description\":\"\",\"publisher\":{\"@id\":\"https:\/\/pozirk.online\/en\/#organization\"},\"potentialAction\":[{\"@type\":\"SearchAction\",\"target\":{\"@type\":\"EntryPoint\",\"urlTemplate\":\"https:\/\/pozirk.online\/en\/?s={search_term_string}\"},\"query-input\":{\"@type\":\"PropertyValueSpecification\",\"valueRequired\":true,\"valueName\":\"search_term_string\"}}],\"inLanguage\":\"en-US\"},{\"@type\":\"Organization\",\"@id\":\"https:\/\/pozirk.online\/en\/#organization\",\"name\":\"Pozirk\",\"url\":\"https:\/\/pozirk.online\/en\/\",\"logo\":{\"@type\":\"ImageObject\",\"inLanguage\":\"en-US\",\"@id\":\"https:\/\/pozirk.online\/en\/#\/schema\/logo\/image\/\",\"url\":\"https:\/\/pozirk.online\/wp-content\/uploads\/2023\/11\/cropped-Logo_color_512.png\",\"contentUrl\":\"https:\/\/pozirk.online\/wp-content\/uploads\/2023\/11\/cropped-Logo_color_512.png\",\"width\":512,\"height\":512,\"caption\":\"Pozirk\"},\"image\":{\"@id\":\"https:\/\/pozirk.online\/en\/#\/schema\/logo\/image\/\"},\"sameAs\":[\"https:\/\/www.facebook.com\/pozirkonline\/\",\"https:\/\/x.com\/Pozirk_online\"]}]}<\/script>\n<!-- \/ Yoast SEO plugin. -->","yoast_head_json":{"title":"Reprisals target solidarity, 2020 protesters | Pozirk","description":"September 7, Pozirk. Iryna Klazovi\u010d and Ta\u0107ciana Stepa will be tried in mid-September for supporting people imprisoned in politically-motivated cases,","robots":{"index":"index","follow":"follow","max-snippet":"max-snippet:-1","max-image-preview":"max-image-preview:large","max-video-preview":"max-video-preview:-1"},"canonical":"https:\/\/pozirk.online\/en\/news\/103980\/","og_locale":"en_US","og_type":"article","og_title":"Reprisals target solidarity, 2020 protesters | Pozirk","og_description":"September 7, Pozirk. Iryna Klazovi\u010d and Ta\u0107ciana Stepa will be tried in mid-September for supporting people imprisoned in politically-motivated cases,","og_url":"https:\/\/pozirk.online\/en\/news\/103980\/","og_site_name":"Pozirk","article_publisher":"https:\/\/www.facebook.com\/pozirkonline\/","article_modified_time":"2026-03-10T12:05:06+00:00","og_image":[{"width":1128,"height":752,"url":"https:\/\/pozirk.online\/wp-content\/uploads\/2024\/01\/pozirk_color_blank_1128x752.jpg","type":"image\/jpeg"}],"twitter_card":"summary_large_image","twitter_site":"@Pozirk_online","twitter_misc":{"Est. reading time":"2 minutes"},"schema":{"@context":"https:\/\/schema.org","@graph":[{"@type":"NewsArticle","@id":"https:\/\/pozirk.online\/en\/news\/103980\/#article","isPartOf":{"@id":"https:\/\/pozirk.online\/en\/news\/103980\/"},"headline":"Reprisals target solidarity, 2020 protesters","datePublished":"2024-09-07T11:07:28+00:00","dateModified":"2026-03-10T12:05:06+00:00","mainEntityOfPage":{"@id":"https:\/\/pozirk.online\/en\/news\/103980\/"},"wordCount":252,"publisher":{"@id":"https:\/\/pozirk.online\/en\/#organization"},"image":{"@id":"https:\/\/pozirk.online\/en\/news\/103980\/#primaryimage"},"thumbnailUrl":"https:\/\/pozirk.online\/wp-content\/uploads\/2024\/01\/pozirk_color_blank_1128x752.jpg","inLanguage":"en-US"},{"@type":"WebPage","@id":"https:\/\/pozirk.online\/en\/news\/103980\/","url":"https:\/\/pozirk.online\/en\/news\/103980\/","name":"Reprisals target solidarity, 2020 protesters | Pozirk","isPartOf":{"@id":"https:\/\/pozirk.online\/en\/#website"},"primaryImageOfPage":{"@id":"https:\/\/pozirk.online\/en\/news\/103980\/#primaryimage"},"image":{"@id":"https:\/\/pozirk.online\/en\/news\/103980\/#primaryimage"},"thumbnailUrl":"https:\/\/pozirk.online\/wp-content\/uploads\/2024\/01\/pozirk_color_blank_1128x752.jpg","datePublished":"2024-09-07T11:07:28+00:00","dateModified":"2026-03-10T12:05:06+00:00","description":"September 7, Pozirk. Iryna Klazovi\u010d and Ta\u0107ciana Stepa will be tried in mid-September for supporting people imprisoned in politically-motivated cases,","breadcrumb":{"@id":"https:\/\/pozirk.online\/en\/news\/103980\/#breadcrumb"},"inLanguage":"en-US","potentialAction":[{"@type":"ReadAction","target":["https:\/\/pozirk.online\/en\/news\/103980\/"]}]},{"@type":"ImageObject","inLanguage":"en-US","@id":"https:\/\/pozirk.online\/en\/news\/103980\/#primaryimage","url":"https:\/\/pozirk.online\/wp-content\/uploads\/2024\/01\/pozirk_color_blank_1128x752.jpg","contentUrl":"https:\/\/pozirk.online\/wp-content\/uploads\/2024\/01\/pozirk_color_blank_1128x752.jpg","width":1128,"height":752},{"@type":"BreadcrumbList","@id":"https:\/\/pozirk.online\/en\/news\/103980\/#breadcrumb","itemListElement":[{"@type":"ListItem","position":1,"name":"Home","item":"https:\/\/pozirk.online\/en\/"},{"@type":"ListItem","position":2,"name":"Reprisals target solidarity, 2020 protesters"}]},{"@type":"WebSite","@id":"https:\/\/pozirk.online\/en\/#website","url":"https:\/\/pozirk.online\/en\/","name":"Pozirk","description":"","publisher":{"@id":"https:\/\/pozirk.online\/en\/#organization"},"potentialAction":[{"@type":"SearchAction","target":{"@type":"EntryPoint","urlTemplate":"https:\/\/pozirk.online\/en\/?s={search_term_string}"},"query-input":{"@type":"PropertyValueSpecification","valueRequired":true,"valueName":"search_term_string"}}],"inLanguage":"en-US"},{"@type":"Organization","@id":"https:\/\/pozirk.online\/en\/#organization","name":"Pozirk","url":"https:\/\/pozirk.online\/en\/","logo":{"@type":"ImageObject","inLanguage":"en-US","@id":"https:\/\/pozirk.online\/en\/#\/schema\/logo\/image\/","url":"https:\/\/pozirk.online\/wp-content\/uploads\/2023\/11\/cropped-Logo_color_512.png","contentUrl":"https:\/\/pozirk.online\/wp-content\/uploads\/2023\/11\/cropped-Logo_color_512.png","width":512,"height":512,"caption":"Pozirk"},"image":{"@id":"https:\/\/pozirk.online\/en\/#\/schema\/logo\/image\/"},"sameAs":["https:\/\/www.facebook.com\/pozirkonline\/","https:\/\/x.com\/Pozirk_online"]}]}},"_links":{"self":[{"href":"https:\/\/pozirk.online\/en\/wp-json\/wp\/v2\/articles\/103980","targetHints":{"allow":["GET"]}}],"collection":[{"href":"https:\/\/pozirk.online\/en\/wp-json\/wp\/v2\/articles"}],"about":[{"href":"https:\/\/pozirk.online\/en\/wp-json\/wp\/v2\/types\/articles"}],"author":[{"embeddable":true,"href":"https:\/\/pozirk.online\/en\/wp-json\/wp\/v2\/users\/84"}],"wp:featuredmedia":[{"embeddable":true,"href":"https:\/\/pozirk.online\/en\/wp-json\/wp\/v2\/media\/63993"}],"wp:attachment":[{"href":"https:\/\/pozirk.online\/en\/wp-json\/wp\/v2\/media?parent=103980"}],"wp:term":[{"taxonomy":"rubric","embeddable":true,"href":"https:\/\/pozirk.online\/en\/wp-json\/wp\/v2\/rubric?post=103980"}],"curies":[{"name":"wp","href":"https:\/\/api.w.org\/{rel}","templated":true}]}}