{"id":102708,"date":"2024-08-30T11:13:43","date_gmt":"2024-08-30T08:13:43","guid":{"rendered":"https:\/\/pozirk.online\/en\/news\/102708\/"},"modified":"2026-03-10T12:05:06","modified_gmt":"2026-03-10T12:05:06","slug":"reprisals-jailed-dissidents-face-ill-treatment-in-prisons","status":"publish","type":"articles","link":"https:\/\/pozirk.online\/en\/news\/102708\/","title":{"rendered":"Reprisals: jailed dissidents face ill-treatment in prisons"},"content":{"rendered":"\n<p><strong>August 30, <em>Pozirk.<\/em> <\/strong>New instances of politically-motivated persecution were documented in Belarus on August 29, including reports of ill-treatment of political prisoners behind bars.<\/p>\n\n\n\n<p>The administration of Penal Colony No 4 in Homiel is responsible for \u201cunbearable conditions\u201d for political prisoners and using inmates&#8217; personal information to manipulate and pressure them,<em> Novy \u010cas<\/em> reported. Jailed regime critic Maryja Kale\u015bnikava, who is serving an 11-year prison term there, is denied proper medical care, while wardens tear up her letters in front of her.<\/p>\n\n\n\n<p>A similar situation was reported from Penal Colony No 3 in Viciebsk where political prisoners are denied medical care, beaten and deprived of phone calls.<\/p>\n\n\n\n<p>The Viasna Human Rights Center submitted a complaint to the UN Working Group on Arbitrary Detention (WGAD) about what it called arbitrary and illegal detention of Iryna Takar\u010duk. The woman was given three years in prison on extremism-related charges after being arrested during a raid targeting recipients of grocery aid from INeedHelpBY initiative.<\/p>\n\n\n\n<p>Other cases of politically-motivated persecution involved an arrest of a man for alleged participation in 2020 postelection protests and sharing information with the opposition chatbot about military equipment movements, reported by a pro-government source.<\/p>\n\n\n\n<p>Authorities branded the Instagram page by Catholic believer and journalist Maksim Hacak as extremist content, Chry\u015bcijanskaja Vizija said. Nine months ago, his VKontakte page was also blacklisted in Belarus.<\/p>\n\n\n\n<p>Human rights defenders designated six people, accused or convicted on protest-related charges, as political prisoners, Viasna reported.<\/p>\n\n\n\n<p>As of August 30, human rights defenders identified at least 1,371 political prisoners but the real number is considerably higher because many cases go undocumented.<\/p>\n\n\n\n<p>Belarusian authorities have arrested about 65,000 people for political reasons in the four years since the August 2020 presidential election, Viasna reported in early August.<\/p>\n\n\n\n<div class=\"insert-block\">\n\n    <div class=\"insert-block__img\">\n        <img decoding=\"async\" width=\"354\" height=\"236\" src=\"https:\/\/pozirk.online\/wp-content\/uploads\/2024\/08\/latushko-shvesija-29-08-nau-354x236.jpg\" class=\"attachment-medium size-medium\" alt=\"\" srcset=\"https:\/\/pozirk.online\/wp-content\/uploads\/2024\/08\/latushko-shvesija-29-08-nau-354x236.jpg 354w, https:\/\/pozirk.online\/wp-content\/uploads\/2024\/08\/latushko-shvesija-29-08-nau-734x490.jpg 734w, https:\/\/pozirk.online\/wp-content\/uploads\/2024\/08\/latushko-shvesija-29-08-nau-178x118.jpg 178w, https:\/\/pozirk.online\/wp-content\/uploads\/2024\/08\/latushko-shvesija-29-08-nau-768x512.jpg 768w, https:\/\/pozirk.online\/wp-content\/uploads\/2024\/08\/latushko-shvesija-29-08-nau.jpg 1128w\" sizes=\"(max-width: 354px) 100vw, 354px\" \/>                        <label class=\"insert-block__tag--mobile\"> Politics<\/label>\n\n                <\/div>\n    <div class=\"insert-block__text\">\n                    <label class=\"insert-block__tag\">Politics<\/label>\n                <h3 class=\"insert-block__title\">Belarusian opposition politician proposes ban on deportations from Sweden<\/h3>\n        <div class=\"insert-block__descr\">August 29, Pozirk. Pavie\u0142 \u0141atu\u0161ka, head of the National Anti-Crisis Management, has passed on to the Swedish diplomatic mission in Vienna a proposal to impose a moratorium on deporting Belarusian nationals from Sweden. It is crucial to prevent measures that &#8230;<\/div>\n        <a class=\"insert-block__btn-block\" href=\"\/en\/news\/102668\">\n            <button class=\"btn\">\n                <div class='btn__text'>Read the article<\/div>\n            <\/button>\n        <\/a>\n    <\/div>\n<\/div>","protected":false},"excerpt":{"rendered":"<p>August 30, Pozirk. New instances of politically-motivated persecution were documented in Belarus on August 29, including reports of ill-treatment of political prisoners behind bars. The administration of Penal Colony No 4 in Homiel is responsible for \u201cunbearable conditions\u201d for political prisoners and using inmates&#8217; personal information to manipulate and pressure them, Novy \u010cas reported. Jailed [&hellip;]<\/p>\n","protected":false},"author":84,"featured_media":63993,"template":"","rubric":[14],"class_list":["post-102708","articles","type-articles","status-publish","has-post-thumbnail","hentry","rubric-politics"],"acf":[],"yoast_head":"<!-- This site is optimized with the Yoast SEO plugin v25.5 - https:\/\/yoast.com\/wordpress\/plugins\/seo\/ -->\n<title>Reprisals: jailed dissidents face ill-treatment in prisons | Pozirk<\/title>\n<meta name=\"description\" content=\"August 30, Pozirk. New instances of politically-motivated persecution were documented in Belarus on August 29, including reports of ill-treatment of\" \/>\n<meta name=\"robots\" content=\"index, follow, max-snippet:-1, max-image-preview:large, max-video-preview:-1\" \/>\n<link rel=\"canonical\" href=\"https:\/\/pozirk.online\/en\/news\/102708\/\" \/>\n<meta property=\"og:locale\" content=\"en_US\" \/>\n<meta property=\"og:type\" content=\"article\" \/>\n<meta property=\"og:title\" content=\"Reprisals: jailed dissidents face ill-treatment in prisons | Pozirk\" \/>\n<meta property=\"og:description\" content=\"August 30, Pozirk. New instances of politically-motivated persecution were documented in Belarus on August 29, including reports of ill-treatment of\" \/>\n<meta property=\"og:url\" content=\"https:\/\/pozirk.online\/en\/news\/102708\/\" \/>\n<meta property=\"og:site_name\" content=\"Pozirk\" \/>\n<meta property=\"article:publisher\" content=\"https:\/\/www.facebook.com\/pozirkonline\/\" \/>\n<meta property=\"article:modified_time\" content=\"2026-03-10T12:05:06+00:00\" \/>\n<meta property=\"og:image\" content=\"https:\/\/pozirk.online\/wp-content\/uploads\/2024\/01\/pozirk_color_blank_1128x752.jpg\" \/>\n\t<meta property=\"og:image:width\" content=\"1128\" \/>\n\t<meta property=\"og:image:height\" content=\"752\" \/>\n\t<meta property=\"og:image:type\" content=\"image\/jpeg\" \/>\n<meta name=\"twitter:card\" content=\"summary_large_image\" \/>\n<meta name=\"twitter:site\" content=\"@Pozirk_online\" \/>\n<meta name=\"twitter:label1\" content=\"Est. reading time\" \/>\n\t<meta name=\"twitter:data1\" content=\"2 minutes\" \/>\n<script type=\"application\/ld+json\" class=\"yoast-schema-graph\">{\"@context\":\"https:\/\/schema.org\",\"@graph\":[{\"@type\":\"NewsArticle\",\"@id\":\"https:\/\/pozirk.online\/en\/news\/102708\/#article\",\"isPartOf\":{\"@id\":\"https:\/\/pozirk.online\/en\/news\/102708\/\"},\"headline\":\"Reprisals: jailed dissidents face ill-treatment in prisons\",\"datePublished\":\"2024-08-30T08:13:43+00:00\",\"dateModified\":\"2026-03-10T12:05:06+00:00\",\"mainEntityOfPage\":{\"@id\":\"https:\/\/pozirk.online\/en\/news\/102708\/\"},\"wordCount\":291,\"publisher\":{\"@id\":\"https:\/\/pozirk.online\/en\/#organization\"},\"image\":{\"@id\":\"https:\/\/pozirk.online\/en\/news\/102708\/#primaryimage\"},\"thumbnailUrl\":\"https:\/\/pozirk.online\/wp-content\/uploads\/2024\/01\/pozirk_color_blank_1128x752.jpg\",\"inLanguage\":\"en-US\"},{\"@type\":\"WebPage\",\"@id\":\"https:\/\/pozirk.online\/en\/news\/102708\/\",\"url\":\"https:\/\/pozirk.online\/en\/news\/102708\/\",\"name\":\"Reprisals: jailed dissidents face ill-treatment in prisons | Pozirk\",\"isPartOf\":{\"@id\":\"https:\/\/pozirk.online\/en\/#website\"},\"primaryImageOfPage\":{\"@id\":\"https:\/\/pozirk.online\/en\/news\/102708\/#primaryimage\"},\"image\":{\"@id\":\"https:\/\/pozirk.online\/en\/news\/102708\/#primaryimage\"},\"thumbnailUrl\":\"https:\/\/pozirk.online\/wp-content\/uploads\/2024\/01\/pozirk_color_blank_1128x752.jpg\",\"datePublished\":\"2024-08-30T08:13:43+00:00\",\"dateModified\":\"2026-03-10T12:05:06+00:00\",\"description\":\"August 30, Pozirk. New instances of politically-motivated persecution were documented in Belarus on August 29, including reports of ill-treatment of\",\"breadcrumb\":{\"@id\":\"https:\/\/pozirk.online\/en\/news\/102708\/#breadcrumb\"},\"inLanguage\":\"en-US\",\"potentialAction\":[{\"@type\":\"ReadAction\",\"target\":[\"https:\/\/pozirk.online\/en\/news\/102708\/\"]}]},{\"@type\":\"ImageObject\",\"inLanguage\":\"en-US\",\"@id\":\"https:\/\/pozirk.online\/en\/news\/102708\/#primaryimage\",\"url\":\"https:\/\/pozirk.online\/wp-content\/uploads\/2024\/01\/pozirk_color_blank_1128x752.jpg\",\"contentUrl\":\"https:\/\/pozirk.online\/wp-content\/uploads\/2024\/01\/pozirk_color_blank_1128x752.jpg\",\"width\":1128,\"height\":752},{\"@type\":\"BreadcrumbList\",\"@id\":\"https:\/\/pozirk.online\/en\/news\/102708\/#breadcrumb\",\"itemListElement\":[{\"@type\":\"ListItem\",\"position\":1,\"name\":\"Home\",\"item\":\"https:\/\/pozirk.online\/en\/\"},{\"@type\":\"ListItem\",\"position\":2,\"name\":\"Reprisals: jailed dissidents face ill-treatment in prisons\"}]},{\"@type\":\"WebSite\",\"@id\":\"https:\/\/pozirk.online\/en\/#website\",\"url\":\"https:\/\/pozirk.online\/en\/\",\"name\":\"Pozirk\",\"description\":\"\",\"publisher\":{\"@id\":\"https:\/\/pozirk.online\/en\/#organization\"},\"potentialAction\":[{\"@type\":\"SearchAction\",\"target\":{\"@type\":\"EntryPoint\",\"urlTemplate\":\"https:\/\/pozirk.online\/en\/?s={search_term_string}\"},\"query-input\":{\"@type\":\"PropertyValueSpecification\",\"valueRequired\":true,\"valueName\":\"search_term_string\"}}],\"inLanguage\":\"en-US\"},{\"@type\":\"Organization\",\"@id\":\"https:\/\/pozirk.online\/en\/#organization\",\"name\":\"Pozirk\",\"url\":\"https:\/\/pozirk.online\/en\/\",\"logo\":{\"@type\":\"ImageObject\",\"inLanguage\":\"en-US\",\"@id\":\"https:\/\/pozirk.online\/en\/#\/schema\/logo\/image\/\",\"url\":\"https:\/\/pozirk.online\/wp-content\/uploads\/2023\/11\/cropped-Logo_color_512.png\",\"contentUrl\":\"https:\/\/pozirk.online\/wp-content\/uploads\/2023\/11\/cropped-Logo_color_512.png\",\"width\":512,\"height\":512,\"caption\":\"Pozirk\"},\"image\":{\"@id\":\"https:\/\/pozirk.online\/en\/#\/schema\/logo\/image\/\"},\"sameAs\":[\"https:\/\/www.facebook.com\/pozirkonline\/\",\"https:\/\/x.com\/Pozirk_online\"]}]}<\/script>\n<!-- \/ Yoast SEO plugin. -->","yoast_head_json":{"title":"Reprisals: jailed dissidents face ill-treatment in prisons | Pozirk","description":"August 30, Pozirk. New instances of politically-motivated persecution were documented in Belarus on August 29, including reports of ill-treatment of","robots":{"index":"index","follow":"follow","max-snippet":"max-snippet:-1","max-image-preview":"max-image-preview:large","max-video-preview":"max-video-preview:-1"},"canonical":"https:\/\/pozirk.online\/en\/news\/102708\/","og_locale":"en_US","og_type":"article","og_title":"Reprisals: jailed dissidents face ill-treatment in prisons | Pozirk","og_description":"August 30, Pozirk. New instances of politically-motivated persecution were documented in Belarus on August 29, including reports of ill-treatment of","og_url":"https:\/\/pozirk.online\/en\/news\/102708\/","og_site_name":"Pozirk","article_publisher":"https:\/\/www.facebook.com\/pozirkonline\/","article_modified_time":"2026-03-10T12:05:06+00:00","og_image":[{"width":1128,"height":752,"url":"https:\/\/pozirk.online\/wp-content\/uploads\/2024\/01\/pozirk_color_blank_1128x752.jpg","type":"image\/jpeg"}],"twitter_card":"summary_large_image","twitter_site":"@Pozirk_online","twitter_misc":{"Est. reading time":"2 minutes"},"schema":{"@context":"https:\/\/schema.org","@graph":[{"@type":"NewsArticle","@id":"https:\/\/pozirk.online\/en\/news\/102708\/#article","isPartOf":{"@id":"https:\/\/pozirk.online\/en\/news\/102708\/"},"headline":"Reprisals: jailed dissidents face ill-treatment in prisons","datePublished":"2024-08-30T08:13:43+00:00","dateModified":"2026-03-10T12:05:06+00:00","mainEntityOfPage":{"@id":"https:\/\/pozirk.online\/en\/news\/102708\/"},"wordCount":291,"publisher":{"@id":"https:\/\/pozirk.online\/en\/#organization"},"image":{"@id":"https:\/\/pozirk.online\/en\/news\/102708\/#primaryimage"},"thumbnailUrl":"https:\/\/pozirk.online\/wp-content\/uploads\/2024\/01\/pozirk_color_blank_1128x752.jpg","inLanguage":"en-US"},{"@type":"WebPage","@id":"https:\/\/pozirk.online\/en\/news\/102708\/","url":"https:\/\/pozirk.online\/en\/news\/102708\/","name":"Reprisals: jailed dissidents face ill-treatment in prisons | Pozirk","isPartOf":{"@id":"https:\/\/pozirk.online\/en\/#website"},"primaryImageOfPage":{"@id":"https:\/\/pozirk.online\/en\/news\/102708\/#primaryimage"},"image":{"@id":"https:\/\/pozirk.online\/en\/news\/102708\/#primaryimage"},"thumbnailUrl":"https:\/\/pozirk.online\/wp-content\/uploads\/2024\/01\/pozirk_color_blank_1128x752.jpg","datePublished":"2024-08-30T08:13:43+00:00","dateModified":"2026-03-10T12:05:06+00:00","description":"August 30, Pozirk. New instances of politically-motivated persecution were documented in Belarus on August 29, including reports of ill-treatment of","breadcrumb":{"@id":"https:\/\/pozirk.online\/en\/news\/102708\/#breadcrumb"},"inLanguage":"en-US","potentialAction":[{"@type":"ReadAction","target":["https:\/\/pozirk.online\/en\/news\/102708\/"]}]},{"@type":"ImageObject","inLanguage":"en-US","@id":"https:\/\/pozirk.online\/en\/news\/102708\/#primaryimage","url":"https:\/\/pozirk.online\/wp-content\/uploads\/2024\/01\/pozirk_color_blank_1128x752.jpg","contentUrl":"https:\/\/pozirk.online\/wp-content\/uploads\/2024\/01\/pozirk_color_blank_1128x752.jpg","width":1128,"height":752},{"@type":"BreadcrumbList","@id":"https:\/\/pozirk.online\/en\/news\/102708\/#breadcrumb","itemListElement":[{"@type":"ListItem","position":1,"name":"Home","item":"https:\/\/pozirk.online\/en\/"},{"@type":"ListItem","position":2,"name":"Reprisals: jailed dissidents face ill-treatment in prisons"}]},{"@type":"WebSite","@id":"https:\/\/pozirk.online\/en\/#website","url":"https:\/\/pozirk.online\/en\/","name":"Pozirk","description":"","publisher":{"@id":"https:\/\/pozirk.online\/en\/#organization"},"potentialAction":[{"@type":"SearchAction","target":{"@type":"EntryPoint","urlTemplate":"https:\/\/pozirk.online\/en\/?s={search_term_string}"},"query-input":{"@type":"PropertyValueSpecification","valueRequired":true,"valueName":"search_term_string"}}],"inLanguage":"en-US"},{"@type":"Organization","@id":"https:\/\/pozirk.online\/en\/#organization","name":"Pozirk","url":"https:\/\/pozirk.online\/en\/","logo":{"@type":"ImageObject","inLanguage":"en-US","@id":"https:\/\/pozirk.online\/en\/#\/schema\/logo\/image\/","url":"https:\/\/pozirk.online\/wp-content\/uploads\/2023\/11\/cropped-Logo_color_512.png","contentUrl":"https:\/\/pozirk.online\/wp-content\/uploads\/2023\/11\/cropped-Logo_color_512.png","width":512,"height":512,"caption":"Pozirk"},"image":{"@id":"https:\/\/pozirk.online\/en\/#\/schema\/logo\/image\/"},"sameAs":["https:\/\/www.facebook.com\/pozirkonline\/","https:\/\/x.com\/Pozirk_online"]}]}},"_links":{"self":[{"href":"https:\/\/pozirk.online\/en\/wp-json\/wp\/v2\/articles\/102708","targetHints":{"allow":["GET"]}}],"collection":[{"href":"https:\/\/pozirk.online\/en\/wp-json\/wp\/v2\/articles"}],"about":[{"href":"https:\/\/pozirk.online\/en\/wp-json\/wp\/v2\/types\/articles"}],"author":[{"embeddable":true,"href":"https:\/\/pozirk.online\/en\/wp-json\/wp\/v2\/users\/84"}],"wp:featuredmedia":[{"embeddable":true,"href":"https:\/\/pozirk.online\/en\/wp-json\/wp\/v2\/media\/63993"}],"wp:attachment":[{"href":"https:\/\/pozirk.online\/en\/wp-json\/wp\/v2\/media?parent=102708"}],"wp:term":[{"taxonomy":"rubric","embeddable":true,"href":"https:\/\/pozirk.online\/en\/wp-json\/wp\/v2\/rubric?post=102708"}],"curies":[{"name":"wp","href":"https:\/\/api.w.org\/{rel}","templated":true}]}}